{"id":24717,"date":"2018-07-23T12:18:26","date_gmt":"2018-07-23T15:18:26","guid":{"rendered":"https:\/\/www.tjes.jus.br\/corregedoria\/?p=24717"},"modified":"2018-07-23T12:19:57","modified_gmt":"2018-07-23T15:19:57","slug":"oficio-circular-n-o-097-2018-disp-23-07-2018","status":"publish","type":"post","link":"https:\/\/www.tjes.jus.br\/corregedoria\/2018\/07\/23\/oficio-circular-n-o-097-2018-disp-23-07-2018\/","title":{"rendered":"OF\u00cdCIO-CIRCULAR N.\u00ba 097\/2018 &#8211; DISP. 23\/07\/2018"},"content":{"rendered":"<p align=\"center\">ESTADO DO ESP\u00cdRITO SANTO<\/p>\n<p style=\"text-align: center;\" align=\"center\">PODER JUDICI\u00c1RIO<\/p>\n<p style=\"text-align: center;\" align=\"center\"><strong>CORREGEDORIA GERAL DA JUSTI\u00c7A<\/strong><\/p>\n<p style=\"text-align: center;\" align=\"justify\"><strong>OF\u00cdCIO-CIRCULAR N.\u00ba 097\/2018<\/strong><\/p>\n<p>O Desembargador SAMUEL MEIRA BRASIL JR, Corregedor-Geral da Justi\u00e7a do Estado do Esp\u00edrito Santo, no uso de suas atribui\u00e7\u00f5es legais, <strong>ALERTA<\/strong> os respons\u00e1veis pelas unidades do Servi\u00e7o Extrajudicial do Estado do Esp\u00edrito Santo que tenham atribui\u00e7\u00e3o para a lavratura de escritura p\u00fablica, que \u00e9 vedada a pr\u00e1tica de qualquer ato do of\u00edcio fora do territ\u00f3rio do munic\u00edpio para o qual foi outorgada a delega\u00e7\u00e3o e que, ressalvadas as hip\u00f3teses expressamente previstas em lei, s\u00e3o vedadas a oferta e a concess\u00e3o de desconto no valor do emolumentos:<\/p>\n<p><strong>Publique-se. Cumpra-se.<\/strong><\/p>\n<p align=\"center\">Vit\u00f3ria\/ES, 18 de julho de 2018.<\/p>\n<p align=\"center\"><strong>Desembargador SAMUEL MEIRA BRASIL JR.<\/strong><\/p>\n<p align=\"center\"><strong>Corregedor Geral da Justi\u00e7a<\/strong><\/p>\n","protected":false},"excerpt":{"rendered":"<p>ESTADO DO ESP\u00cdRITO SANTO PODER JUDICI\u00c1RIO CORREGEDORIA GERAL DA JUSTI\u00c7A OF\u00cdCIO-CIRCULAR N.\u00ba 097\/2018 O Desembargador SAMUEL MEIRA BRASIL JR, Corregedor-Geral da Justi\u00e7a do Estado do Esp\u00edrito Santo, no uso de suas atribui\u00e7\u00f5es legais, ALERTA os respons\u00e1veis pelas unidades do Servi\u00e7o Extrajudicial do Estado do Esp\u00edrito Santo que tenham atribui\u00e7\u00e3o para a lavratura de escritura p\u00fablica, [&hellip;]<\/p>\n","protected":false},"author":9,"featured_media":0,"comment_status":"open","ping_status":"open","sticky":false,"template":"","format":"standard","meta":{"footnotes":""},"categories":[5],"tags":[],"_links":{"self":[{"href":"https:\/\/www.tjes.jus.br\/corregedoria\/wp-json\/wp\/v2\/posts\/24717"}],"collection":[{"href":"https:\/\/www.tjes.jus.br\/corregedoria\/wp-json\/wp\/v2\/posts"}],"about":[{"href":"https:\/\/www.tjes.jus.br\/corregedoria\/wp-json\/wp\/v2\/types\/post"}],"author":[{"embeddable":true,"href":"https:\/\/www.tjes.jus.br\/corregedoria\/wp-json\/wp\/v2\/users\/9"}],"replies":[{"embeddable":true,"href":"https:\/\/www.tjes.jus.br\/corregedoria\/wp-json\/wp\/v2\/comments?post=24717"}],"version-history":[{"count":1,"href":"https:\/\/www.tjes.jus.br\/corregedoria\/wp-json\/wp\/v2\/posts\/24717\/revisions"}],"predecessor-version":[{"id":24718,"href":"https:\/\/www.tjes.jus.br\/corregedoria\/wp-json\/wp\/v2\/posts\/24717\/revisions\/24718"}],"wp:attachment":[{"href":"https:\/\/www.tjes.jus.br\/corregedoria\/wp-json\/wp\/v2\/media?parent=24717"}],"wp:term":[{"taxonomy":"category","embeddable":true,"href":"https:\/\/www.tjes.jus.br\/corregedoria\/wp-json\/wp\/v2\/categories?post=24717"},{"taxonomy":"post_tag","embeddable":true,"href":"https:\/\/www.tjes.jus.br\/corregedoria\/wp-json\/wp\/v2\/tags?post=24717"}],"curies":[{"name":"wp","href":"https:\/\/api.w.org\/{rel}","templated":true}]}}