{"id":24722,"date":"2018-07-25T15:37:31","date_gmt":"2018-07-25T18:37:31","guid":{"rendered":"https:\/\/www.tjes.jus.br\/corregedoria\/?p=24722"},"modified":"2018-07-26T14:30:16","modified_gmt":"2018-07-26T17:30:16","slug":"ato-normativo-no-135-2018-disp-25-07-2018","status":"publish","type":"post","link":"https:\/\/www.tjes.jus.br\/corregedoria\/2018\/07\/25\/ato-normativo-no-135-2018-disp-25-07-2018\/","title":{"rendered":"ATO NORMATIVO N\u00ba 135\/2018 &#8211; DISP. 25\/07\/2018"},"content":{"rendered":"<p align=\"center\">ESTADO DO ESP\u00cdRITO SANTO \u2013 PODER JUDICI\u00c1RIO<\/p>\n<p align=\"center\">TRIBUNAL DE JUSTI\u00c7A<\/p>\n<p align=\"center\">PRESID\u00caNCIA<\/p>\n<p align=\"center\">Ato Normativo N\u00ba 135\/2018<\/p>\n<p align=\"justify\">Institui e convoca equipe de trabalho para atuar no mutir\u00e3o de Concilia\u00e7\u00e3o dos processos dos Juizados Especiais C\u00edveis de Vila Velha envolvendo Concession\u00e1ria de telefonia.<\/p>\n<p align=\"justify\">O Excelent\u00edssimo Senhor Desembargador S\u00c9RGIO LUIZ TEIXEIRA GAMA, Presidente do Egr\u00e9gio Tribunal de Justi\u00e7a do Estado do Esp\u00edrito Santo, no uso de suas atribui\u00e7\u00f5es legais e,<\/p>\n<p align=\"justify\">CONSIDERANDO o disposto no art. 58 da Resolu\u00e7\u00e3o n\u00ba 15\/95 (Regimento Interno do Tribunal de Justi\u00e7a do Esp\u00edrito Santo), que atribui ao Presidente do Egr\u00e9gio Tribunal de Justi\u00e7a do Estado do Esp\u00edrito Santo compet\u00eancia geral para exercer a superintend\u00eancia de todo o servi\u00e7o judici\u00e1rio, na qualidade de Chefe do Poder Judici\u00e1rio Estadual;<\/p>\n<p align=\"justify\">CONSIDERANDO os termos do <a href=\"https:\/\/www.tjes.jus.br\/corregedoria\/2018\/07\/13\/ato-normativo-no-128-2018-disp-13-07-2018\/\" target=\"_blank\" rel=\"noopener\">Ato Normativo n\u00ba 128\/2018<\/a>, publicado no Di\u00e1rio da Justi\u00e7a de 13\/07\/2018, que instituiu o Mutir\u00e3o de Concilia\u00e7\u00e3o dos processos envolvendo Concession\u00e1ria de telefonia dos Juizados Especiais C\u00edveis de Vila Velha.<\/p>\n<p align=\"justify\">RESOLVE:<\/p>\n<p align=\"justify\">Art. 1\u00ba \u2013 Designar a Exm\u00aa. Sra. Dra. Ana Cl\u00e1udia Rodrigues Faria e o Exm\u00b0. Sr. Dr. Leonardo Alvarenga da Fonseca, Ju\u00edzes de Direito, para as pr\u00e1ticas dos atos judiciais e administrativos necess\u00e1rios ao suporte e \u00e0 supervis\u00e3o do mutir\u00e3o de Concilia\u00e7\u00e3o dos processos envolvendo Concession\u00e1ria de telefonia dos Juizados Especiais C\u00edveis de Vila Velha.<\/p>\n<p align=\"justify\">Art. 2\u00ba \u2013 Instituir e convocar a Equipe de Trabalho para atuar no respectivo mutir\u00e3o, no per\u00edodo de 30\/07\/18 a 31\/07\/18, no hor\u00e1rio das 08:00 \u00e0s 18:00 horas, e 01\/08\/18, no hor\u00e1rio das 08:00 \u00e0s 13:00 horas a ser realizado pelo 3\u00ba CEJUSC \u2013 Centro Judici\u00e1rio de Solu\u00e7\u00e3o de Conflitos e Cidadania, em conjunto com a Coordenadoria dos Juizados Especiais, localizado no F\u00f3rum Desembargador Afonso Cl\u00e1udio, Rua Doutor Annor da Silva, n\u00ba 191, Boa Vista II, Vila Velha-ES., conforme segue:<\/p>\n<table style=\"height: 408px; border-color: #000000; width: 983px;\" border=\"1\" width=\"983\" cellspacing=\"0\" cellpadding=\"0\">\n<colgroup>\n<col width=\"320\" \/>\n<col width=\"320\" \/><\/colgroup>\n<tbody>\n<tr style=\"height: 56px;\" valign=\"top\">\n<td style=\"height: 56px; width: 518px; border-color: #000000;\">\n<p align=\"justify\">IMPERATRIZ LEITE<\/p>\n<\/td>\n<td style=\"height: 56px; width: 518px; border-color: #000000;\">\n<p align=\"justify\">JUIZ LEIGO<\/p>\n<\/td>\n<\/tr>\n<tr style=\"height: 56px;\" valign=\"top\">\n<td style=\"height: 56px; width: 518px; border-color: #000000;\">\n<p align=\"justify\">FELIPE GUEDES STREIT<\/p>\n<\/td>\n<td style=\"height: 56px; width: 518px; border-color: #000000;\">\n<p align=\"justify\">JUIZ LEIGO<\/p>\n<\/td>\n<\/tr>\n<tr style=\"height: 56px;\" valign=\"top\">\n<td style=\"height: 56px; width: 518px; border-color: #000000;\">\n<p align=\"justify\">HENDERSON HERMES VELTEN<\/p>\n<\/td>\n<td style=\"height: 56px; width: 518px; border-color: #000000;\">\n<p align=\"justify\">JUIZ LEIGO<\/p>\n<\/td>\n<\/tr>\n<tr style=\"height: 56px;\" valign=\"top\">\n<td style=\"height: 56px; width: 518px; border-color: #000000;\">\n<p align=\"justify\">PENELOPE VERVLOET FEU ROSA<\/p>\n<\/td>\n<td style=\"height: 56px; width: 518px; border-color: #000000;\">\n<p align=\"justify\">ANALISTA JUDICI\u00c1RIO<\/p>\n<\/td>\n<\/tr>\n<tr style=\"height: 56px;\" valign=\"top\">\n<td style=\"height: 56px; width: 518px; border-color: #000000;\">\n<p align=\"justify\">R\u00d4MULO CAMPANA TRIST\u00c3O<\/p>\n<\/td>\n<td style=\"height: 56px; width: 518px; border-color: #000000;\">\n<p align=\"justify\">ANALISTA JUDICI\u00c1RIO<\/p>\n<\/td>\n<\/tr>\n<tr style=\"height: 56px;\" valign=\"top\">\n<td style=\"height: 56px; width: 518px; border-color: #000000;\">\n<p align=\"justify\">WEBER ANDRADE DE OLIVEIRA<\/p>\n<\/td>\n<td style=\"height: 56px; width: 518px; border-color: #000000;\">\n<p align=\"justify\">T\u00c9CNICO JUDICI\u00c1RIO<\/p>\n<\/td>\n<\/tr>\n<\/tbody>\n<\/table>\n<p align=\"justify\">Art. 3\u00ba \u2013 O Grupo de Trabalho promover\u00e1 os atos executivos necess\u00e1rios \u00e0 realiza\u00e7\u00e3o do Mutir\u00e3o de Concilia\u00e7\u00e3o, atuando inclusive nas audi\u00eancias.<\/p>\n<p align=\"justify\">Art. 4\u00ba \u2013 O 3\u00ba CEJUSC encaminhar\u00e1 \u00e0 Secretaria de Gest\u00e3o de Pessoas do Egr\u00e9gio Tribunal de Justi\u00e7a, no prazo de 10 (dez) dias \u00fateis ap\u00f3s o encerramento do evento, informa\u00e7\u00f5es com rela\u00e7\u00e3o \u00e0s horas trabalhadas pelos servidores para anota\u00e7\u00e3o em ficha funcional.<\/p>\n<p align=\"justify\">Art. 5\u00ba \u2013 As horas extraordin\u00e1rias realizadas pelos integrantes da equipe ser\u00e3o computadas exclusivamente para fins de compensa\u00e7\u00e3o.<\/p>\n<p align=\"justify\">\u00a7 1\u00ba \u2013 As horas extraordin\u00e1rias ser\u00e3o devidamente anotadas em ficha funcional, para gozo oportuno, mediante autoriza\u00e7\u00e3o da chefia imediata e sem preju\u00edzo do servi\u00e7o.<\/p>\n<p align=\"justify\">Art. 6\u00ba \u2013 O grupo de trabalho contar\u00e1 com a valiosa atua\u00e7\u00e3o de Ju\u00edzes aposentados trabalhando como volunt\u00e1rios.<\/p>\n<p align=\"justify\">Art. 7\u00ba \u2013 Os servidores efetivos est\u00e1veis que atuar\u00e3o no mutir\u00e3o ter\u00e3o reconhecida, para fins de promo\u00e7\u00e3o na carreira, a pontua\u00e7\u00e3o equivalente \u00e0 participa\u00e7\u00e3o em Equipe Especial de Trabalho, conforme disposto no Ato n\u00ba 2.773\/2012.<\/p>\n<p align=\"justify\">Art. 8\u00ba \u2013 Este Ato Normativo entra em vigor na data de sua publica\u00e7\u00e3o.<\/p>\n<p align=\"justify\">Publique-se.<\/p>\n<p>Vit\u00f3ria, 23 de julho de 2018.<\/p>\n<p>&nbsp;<\/p>\n<p align=\"center\">Des. S\u00c9RGIO LUIZ TEIXEIRA GAMA<\/p>\n<p align=\"center\">Presidente<\/p>\n","protected":false},"excerpt":{"rendered":"<p>ESTADO DO ESP\u00cdRITO SANTO \u2013 PODER JUDICI\u00c1RIO TRIBUNAL DE JUSTI\u00c7A PRESID\u00caNCIA Ato Normativo N\u00ba 135\/2018 Institui e convoca equipe de trabalho para atuar no mutir\u00e3o de Concilia\u00e7\u00e3o dos processos dos Juizados Especiais C\u00edveis de Vila Velha envolvendo Concession\u00e1ria de telefonia. O Excelent\u00edssimo Senhor Desembargador S\u00c9RGIO LUIZ TEIXEIRA GAMA, Presidente do Egr\u00e9gio Tribunal de Justi\u00e7a do [&hellip;]<\/p>\n","protected":false},"author":9,"featured_media":0,"comment_status":"open","ping_status":"open","sticky":false,"template":"","format":"standard","meta":{"footnotes":""},"categories":[4],"tags":[],"_links":{"self":[{"href":"https:\/\/www.tjes.jus.br\/corregedoria\/wp-json\/wp\/v2\/posts\/24722"}],"collection":[{"href":"https:\/\/www.tjes.jus.br\/corregedoria\/wp-json\/wp\/v2\/posts"}],"about":[{"href":"https:\/\/www.tjes.jus.br\/corregedoria\/wp-json\/wp\/v2\/types\/post"}],"author":[{"embeddable":true,"href":"https:\/\/www.tjes.jus.br\/corregedoria\/wp-json\/wp\/v2\/users\/9"}],"replies":[{"embeddable":true,"href":"https:\/\/www.tjes.jus.br\/corregedoria\/wp-json\/wp\/v2\/comments?post=24722"}],"version-history":[{"count":3,"href":"https:\/\/www.tjes.jus.br\/corregedoria\/wp-json\/wp\/v2\/posts\/24722\/revisions"}],"predecessor-version":[{"id":24737,"href":"https:\/\/www.tjes.jus.br\/corregedoria\/wp-json\/wp\/v2\/posts\/24722\/revisions\/24737"}],"wp:attachment":[{"href":"https:\/\/www.tjes.jus.br\/corregedoria\/wp-json\/wp\/v2\/media?parent=24722"}],"wp:term":[{"taxonomy":"category","embeddable":true,"href":"https:\/\/www.tjes.jus.br\/corregedoria\/wp-json\/wp\/v2\/categories?post=24722"},{"taxonomy":"post_tag","embeddable":true,"href":"https:\/\/www.tjes.jus.br\/corregedoria\/wp-json\/wp\/v2\/tags?post=24722"}],"curies":[{"name":"wp","href":"https:\/\/api.w.org\/{rel}","templated":true}]}}