{"id":24740,"date":"2018-07-26T14:51:21","date_gmt":"2018-07-26T17:51:21","guid":{"rendered":"https:\/\/www.tjes.jus.br\/corregedoria\/?p=24740"},"modified":"2018-07-26T14:51:21","modified_gmt":"2018-07-26T17:51:21","slug":"resolucao-cnj-no-246-de-08-05-2018","status":"publish","type":"post","link":"https:\/\/www.tjes.jus.br\/corregedoria\/2018\/07\/26\/resolucao-cnj-no-246-de-08-05-2018\/","title":{"rendered":"Resolu\u00e7\u00e3o CNJ N\u00ba 246 de 08\/05\/2018"},"content":{"rendered":"<p><strong>Ementa:<\/strong> Acrescenta o par\u00e1grafo \u00fanico ao art. 7\u00ba e altera o \u00a7 3\u00ba do art. 15 e o art. 19 da <a href=\"https:\/\/www.tjes.jus.br\/corregedoria\/2018\/07\/26\/resolucao-cnj-no-192-de-08-05-2014\/\" target=\"_blank\" rel=\"noopener\">Resolu\u00e7\u00e3o CNJ n. 192\/2014<\/a>.<\/p>\n<p><strong>Origem:<\/strong> Presid\u00eancia<\/p>\n<p><strong>A PRESIDENTE DO CONSELHO NACIONAL DE JUSTI\u00c7A<\/strong>, no uso de suas atribui\u00e7\u00f5es legais e regimentais, e tendo em vista o disposto no art. 19, I, do Regimento Interno deste Conselho,<\/p>\n<p><strong>CONSIDERANDO<\/strong> a not\u00edcia a respeito de situa\u00e7\u00f5es que, ainda que a t\u00edtulo excepcional, podem gerar a necessidade de reconhecimento de horas extraordin\u00e1rias, por servidor, na submiss\u00e3o \u00e0s atividades de forma\u00e7\u00e3o e aperfei\u00e7oamento;<\/p>\n<p><strong>CONSIDERANDO<\/strong> a necessidade de aperfei\u00e7oamento constante dos servidores, especialmente quando ocorre mudan\u00e7a de lota\u00e7\u00e3o;<\/p>\n<p><strong>CONSIDERANDO<\/strong> a necessidade de adequar o tratamento a respeito das horas de forma\u00e7\u00e3o e aperfei\u00e7oamento dos servidores do Poder Judici\u00e1rio;<\/p>\n<p><strong>CONSIDERANDO<\/strong> a import\u00e2ncia deste Conselho coordenar a institui\u00e7\u00e3o do Plano Estrat\u00e9gico Nacional de Forma\u00e7\u00e3o e Aperfei\u00e7oamento de Servidores, comum a todos os tribunais;<\/p>\n<p><strong>CONSIDERANDO<\/strong> as delibera\u00e7\u00f5es da Comiss\u00e3o Permanente de Efici\u00eancia Operacional e Gest\u00e3o de Pessoas sobre a conveni\u00eancia da altera\u00e7\u00e3o da Resolu\u00e7\u00e3o n. 192, de 8 de maio de 2014,<\/p>\n<p><strong>CONSIDERANDO <\/strong>as decis\u00f5es plen\u00e1rias tomada no Ato Normativo n. 0005292-05.2014.2.00.0000 na 18\u00aa e 31\u00aa Sess\u00e3o Virtual, realizada em 30 de agosto de 2016, e 5 de fevereiro de 2018, respectivamente;<\/p>\n<p><strong>RESOLVE<\/strong>:<\/p>\n<p>Art. 1\u00ba A <a href=\"https:\/\/www.tjes.jus.br\/corregedoria\/2018\/07\/26\/resolucao-cnj-no-192-de-08-05-2014\/\" target=\"_blank\" rel=\"noopener\">Resolu\u00e7\u00e3o n. 192<\/a>, de 8 de maio de 2014, do Conselho Nacional de Justi\u00e7a passa a vigorar acrescida do par\u00e1grafo \u00fanico ao art. 7\u00ba e com altera\u00e7\u00e3o no \u00a7 3\u00ba do art. 15 e no art. 19:<\/p>\n<p>Art. 7\u00ba &#8230;&#8230;&#8230;&#8230;&#8230;&#8230;&#8230;&#8230;&#8230;&#8230;&#8230;&#8230;&#8230;&#8230;&#8230;&#8230;&#8230;&#8230;&#8230;&#8230;&#8230;&#8230;&#8230;&#8230;&#8230;&#8230;&#8230;&#8230;&#8230;&#8230;&#8230;&#8230;&#8230;&#8230;&#8230;&#8230;&#8230;&#8230;<\/p>\n<p>&#8230;&#8230;&#8230;&#8230;&#8230;&#8230;&#8230;&#8230;&#8230;&#8230;&#8230;&#8230;&#8230;&#8230;&#8230;&#8230;&#8230;&#8230;&#8230;&#8230;&#8230;&#8230;&#8230;&#8230;&#8230;&#8230;&#8230;&#8230;&#8230;&#8230;&#8230;&#8230;&#8230;&#8230;&#8230;&#8230;&#8230;&#8230;&#8230;&#8230;&#8230;..<\/p>\n<p>Par\u00e1grafo \u00fanico. Os tribunais devem, na medida do poss\u00edvel, ofertar aos servidores com mudan\u00e7a de lota\u00e7\u00e3o para unidades judici\u00e1rias de diferente especialidade ou compet\u00eancia, a\u00e7\u00f5es de aperfei\u00e7oamento que viabilizem o exerc\u00edcio das novas atribui\u00e7\u00f5es.<\/p>\n<p>&#8230;&#8230;&#8230;&#8230;&#8230;&#8230;&#8230;&#8230;&#8230;&#8230;&#8230;&#8230;&#8230;&#8230;&#8230;&#8230;&#8230;&#8230;&#8230;&#8230;&#8230;&#8230;&#8230;&#8230;&#8230;&#8230;&#8230;&#8230;&#8230;&#8230;&#8230;&#8230;&#8230;&#8230;&#8230;&#8230;&#8230;&#8230;&#8230;&#8230;&#8230;..<\/p>\n<p>Art. 15 &#8230;&#8230;&#8230;&#8230;&#8230;&#8230;&#8230;&#8230;&#8230;&#8230;&#8230;&#8230;&#8230;&#8230;&#8230;&#8230;&#8230;&#8230;&#8230;&#8230;&#8230;&#8230;&#8230;&#8230;&#8230;&#8230;&#8230;&#8230;&#8230;&#8230;&#8230;&#8230;&#8230;&#8230;&#8230;&#8230;&#8230;&#8230;<\/p>\n<p>\u00a7 3\u00ba Os tribunais devem, na medida do poss\u00edvel, evitar o oferecimento de eventos presenciais de capacita\u00e7\u00e3o que ultrapassem o limite da jornada di\u00e1ria do servidor, a fim de evitar a necessidade de compensa\u00e7\u00e3o ou de pagamento de horas extraordin\u00e1rias.<\/p>\n<p>&#8230;&#8230;&#8230;&#8230;&#8230;&#8230;&#8230;&#8230;&#8230;&#8230;&#8230;&#8230;&#8230;&#8230;&#8230;&#8230;&#8230;&#8230;&#8230;&#8230;&#8230;&#8230;&#8230;&#8230;&#8230;&#8230;&#8230;&#8230;&#8230;&#8230;&#8230;&#8230;&#8230;&#8230;&#8230;&#8230;&#8230;&#8230;&#8230;&#8230;&#8230;..<\/p>\n<p>Art. 19. Sem preju\u00edzo do Plano Estrat\u00e9gico de Forma\u00e7\u00e3o e Aperfei\u00e7oamento de Servidores elaborados e mantidos pelos tribunais, o Conselho Nacional de Justi\u00e7a coordenar\u00e1 a institui\u00e7\u00e3o do Plano Estrat\u00e9gico Nacional, comum a todos os tribunais.<\/p>\n<p>\u00a7 1\u00ba O plano estrat\u00e9gico previsto neste artigo preconizar\u00e1 o alinhamento das a\u00e7\u00f5es de capacita\u00e7\u00e3o com as diretrizes nacionais para gest\u00e3o de pessoas previstas no planejamento estrat\u00e9gico do Poder Judici\u00e1rio.<\/p>\n<p>\u00a7 2\u00ba O Plano Estrat\u00e9gico Nacional est\u00e1 descrito no Anexo desta Resolu\u00e7\u00e3o, e ter\u00e1 suas metas revistas a cada bi\u00eanio.<\/p>\n<p>Art. 2\u00ba Esta Resolu\u00e7\u00e3o entra em vigor na data de sua publica\u00e7\u00e3o.<\/p>\n<p style=\"text-align: center;\">Ministra <strong>C\u00c1RMEN L\u00daCIA<\/strong><\/p>\n","protected":false},"excerpt":{"rendered":"<p>Ementa: Acrescenta o par\u00e1grafo \u00fanico ao art. 7\u00ba e altera o \u00a7 3\u00ba do art. 15 e o art. 19 da Resolu\u00e7\u00e3o CNJ n. 192\/2014. Origem: Presid\u00eancia A PRESIDENTE DO CONSELHO NACIONAL DE JUSTI\u00c7A, no uso de suas atribui\u00e7\u00f5es legais e regimentais, e tendo em vista o disposto no art. 19, I, do Regimento Interno [&hellip;]<\/p>\n","protected":false},"author":9,"featured_media":0,"comment_status":"open","ping_status":"open","sticky":false,"template":"","format":"standard","meta":{"footnotes":""},"categories":[19],"tags":[],"_links":{"self":[{"href":"https:\/\/www.tjes.jus.br\/corregedoria\/wp-json\/wp\/v2\/posts\/24740"}],"collection":[{"href":"https:\/\/www.tjes.jus.br\/corregedoria\/wp-json\/wp\/v2\/posts"}],"about":[{"href":"https:\/\/www.tjes.jus.br\/corregedoria\/wp-json\/wp\/v2\/types\/post"}],"author":[{"embeddable":true,"href":"https:\/\/www.tjes.jus.br\/corregedoria\/wp-json\/wp\/v2\/users\/9"}],"replies":[{"embeddable":true,"href":"https:\/\/www.tjes.jus.br\/corregedoria\/wp-json\/wp\/v2\/comments?post=24740"}],"version-history":[{"count":1,"href":"https:\/\/www.tjes.jus.br\/corregedoria\/wp-json\/wp\/v2\/posts\/24740\/revisions"}],"predecessor-version":[{"id":24745,"href":"https:\/\/www.tjes.jus.br\/corregedoria\/wp-json\/wp\/v2\/posts\/24740\/revisions\/24745"}],"wp:attachment":[{"href":"https:\/\/www.tjes.jus.br\/corregedoria\/wp-json\/wp\/v2\/media?parent=24740"}],"wp:term":[{"taxonomy":"category","embeddable":true,"href":"https:\/\/www.tjes.jus.br\/corregedoria\/wp-json\/wp\/v2\/categories?post=24740"},{"taxonomy":"post_tag","embeddable":true,"href":"https:\/\/www.tjes.jus.br\/corregedoria\/wp-json\/wp\/v2\/tags?post=24740"}],"curies":[{"name":"wp","href":"https:\/\/api.w.org\/{rel}","templated":true}]}}