{"id":2477,"date":"2016-06-20T18:34:14","date_gmt":"2016-06-20T21:34:14","guid":{"rendered":"https:\/\/www.tjes.jus.br\/corregedoria\/?p=2477"},"modified":"2017-07-04T15:37:23","modified_gmt":"2017-07-04T18:37:23","slug":"inclusao-no-ato-normativo-0352014-disp-26032014","status":"publish","type":"post","link":"https:\/\/www.tjes.jus.br\/corregedoria\/2016\/06\/20\/inclusao-no-ato-normativo-0352014-disp-26032014\/","title":{"rendered":"INCLUS\u00c3O NO ATO NORMATIVO N\u00ba 035\/2014 &#8211; DISP. 26\/03\/2014"},"content":{"rendered":"<p align=\"CENTER\">ESTADO DO ESP\u00cdRITO SANTO<\/p>\n<p align=\"CENTER\">PODER JUDICI\u00c1RIO<\/p>\n<p align=\"CENTER\"><strong>TRIBUNAL DE JUSTI\u00c7A<\/strong><\/p>\n<p align=\"CENTER\"><strong>PRESID\u00caNCIA<\/strong><\/p>\n<p align=\"JUSTIFY\"><strong>INCLUS\u00c3O ASSINADA PELO EXCELENT\u00cdSSIMO SENHOR DESEMBARGADOR PRESIDENTE DO EGR\u00c9GIO TRIBUNAL DE JUSTI\u00c7A DO ESP\u00cdRITO SANTO.<\/strong><\/p>\n<p align=\"JUSTIFY\">Na reda\u00e7\u00e3o <a href=\"https:\/\/www.tjes.jus.br\/corregedoria\/index.php\/2016\/06\/20\/ato-normativo-no-0352014-disp-21022014-alterado\/\" target=\"_blank\" rel=\"noopener noreferrer\">Ato Normativo 35\/14<\/a> em seu Art. 2\u00ba, par\u00e1grafo \u00fanico, publicado no Di\u00e1rio da Justi\u00e7a de 21\/02\/2014, que\u00a0<strong>instituiu Grupo de Trabalho para realiza\u00e7\u00e3o de Mutir\u00e3o nas Varas Especializadas em Inf\u00e2ncia e da Juventude com compet\u00eancia em Atos Infracionais e aplica\u00e7\u00e3o de medidas socioeducativas de interna\u00e7\u00e3o no Estado do Esp\u00edrito Santo.<\/strong><\/p>\n<p align=\"JUSTIFY\"><strong>INCLUIR<\/strong>: Patr\u00edcia Magalh\u00e3es Lima de Vasconcellos &#8211; matr\u00edcula 209764-50 (sem preju\u00edzo de suas fun\u00e7\u00f5es)<\/p>\n<p align=\"JUSTIFY\"><strong>P U B L I Q U E &#8211; S E<\/strong><\/p>\n<p style=\"text-align: center;\" align=\"JUSTIFY\"><strong>Vit\u00f3ria, 25 de mar\u00e7o de 2014<\/strong><\/p>\n<p style=\"text-align: center;\" align=\"JUSTIFY\"><strong>Desembargador S\u00c9RGIO BIZZOTTO PESSOA DE MENDON\u00c7A<br \/>\n<\/strong><strong>Presidente<\/strong><\/p>\n","protected":false},"excerpt":{"rendered":"<p>ESTADO DO ESP\u00cdRITO SANTO PODER JUDICI\u00c1RIO TRIBUNAL DE JUSTI\u00c7A PRESID\u00caNCIA INCLUS\u00c3O ASSINADA PELO EXCELENT\u00cdSSIMO SENHOR DESEMBARGADOR PRESIDENTE DO EGR\u00c9GIO TRIBUNAL DE JUSTI\u00c7A DO ESP\u00cdRITO SANTO. Na reda\u00e7\u00e3o Ato Normativo 35\/14 em seu Art. 2\u00ba, par\u00e1grafo \u00fanico, publicado no Di\u00e1rio da Justi\u00e7a de 21\/02\/2014, que\u00a0instituiu Grupo de Trabalho para realiza\u00e7\u00e3o de Mutir\u00e3o nas Varas Especializadas em [&hellip;]<\/p>\n","protected":false},"author":1,"featured_media":0,"comment_status":"open","ping_status":"open","sticky":false,"template":"","format":"standard","meta":{"footnotes":""},"categories":[4,14],"tags":[],"_links":{"self":[{"href":"https:\/\/www.tjes.jus.br\/corregedoria\/wp-json\/wp\/v2\/posts\/2477"}],"collection":[{"href":"https:\/\/www.tjes.jus.br\/corregedoria\/wp-json\/wp\/v2\/posts"}],"about":[{"href":"https:\/\/www.tjes.jus.br\/corregedoria\/wp-json\/wp\/v2\/types\/post"}],"author":[{"embeddable":true,"href":"https:\/\/www.tjes.jus.br\/corregedoria\/wp-json\/wp\/v2\/users\/1"}],"replies":[{"embeddable":true,"href":"https:\/\/www.tjes.jus.br\/corregedoria\/wp-json\/wp\/v2\/comments?post=2477"}],"version-history":[{"count":3,"href":"https:\/\/www.tjes.jus.br\/corregedoria\/wp-json\/wp\/v2\/posts\/2477\/revisions"}],"predecessor-version":[{"id":16376,"href":"https:\/\/www.tjes.jus.br\/corregedoria\/wp-json\/wp\/v2\/posts\/2477\/revisions\/16376"}],"wp:attachment":[{"href":"https:\/\/www.tjes.jus.br\/corregedoria\/wp-json\/wp\/v2\/media?parent=2477"}],"wp:term":[{"taxonomy":"category","embeddable":true,"href":"https:\/\/www.tjes.jus.br\/corregedoria\/wp-json\/wp\/v2\/categories?post=2477"},{"taxonomy":"post_tag","embeddable":true,"href":"https:\/\/www.tjes.jus.br\/corregedoria\/wp-json\/wp\/v2\/tags?post=2477"}],"curies":[{"name":"wp","href":"https:\/\/api.w.org\/{rel}","templated":true}]}}