{"id":2479,"date":"2016-06-20T18:35:18","date_gmt":"2016-06-20T21:35:18","guid":{"rendered":"https:\/\/www.tjes.jus.br\/corregedoria\/?p=2479"},"modified":"2017-07-04T15:33:17","modified_gmt":"2017-07-04T18:33:17","slug":"altera-ato-normativo-0352014-disp-28022014","status":"publish","type":"post","link":"https:\/\/www.tjes.jus.br\/corregedoria\/2016\/06\/20\/altera-ato-normativo-0352014-disp-28022014\/","title":{"rendered":"ALTERA ATO NORMATIVO N\u00ba 035\/2014 &#8211; DISP. 28\/02\/2014"},"content":{"rendered":"<p style=\"text-align: center;\"><strong>ESTADO DO ESP\u00cdRITO SANTO<\/strong><\/p>\n<p style=\"text-align: center;\"><strong>PODER JUDICI\u00c1RIO<\/strong><\/p>\n<p style=\"text-align: center;\"><strong>TRIBUNAL DE JUSTI\u00c7A<\/strong><\/p>\n<p style=\"text-align: center;\"><strong>PRESID\u00caNCIA<\/strong><\/p>\n<p style=\"text-align: center;\"><strong>EXCLUS\u00c3O E INCLUS\u00c3O ASSINADAS PELO EXCELENT\u00cdSSIMO SENHOR DESEMBARGADOR PRESIDENTE DO EGR\u00c9GIO TRIBUNAL DE JUSTI\u00c7A DO ESP\u00cdRITO SANTO.<\/strong><\/p>\n<p style=\"text-align: justify;\">Na reda\u00e7\u00e3o do <a href=\"https:\/\/www.tjes.jus.br\/corregedoria\/index.php\/2016\/06\/20\/ato-normativo-no-0352014-disp-21022014-alterado\/\" target=\"_blank\" rel=\"noopener noreferrer\">Ato Normativo 35\/14<\/a>, publicado no Di\u00e1rio da Justi\u00e7a de 21\/02\/2014, referente o Grupo de Trabalho para realiza\u00e7\u00e3o de Mutir\u00e3o nas Varas Especializadas em Inf\u00e2ncia e da Juventude com compet\u00eancia em Atos Infracionais e aplica\u00e7\u00e3o de medidas socioeducativas de interna\u00e7\u00e3o no Estado do Esp\u00edrito Santo.<\/p>\n<p style=\"text-align: justify;\"><strong>EXCLUIR: F\u00e1bio Netto da Silva, matr\u00edcula n\u00ba 34.600-68 (Coordenador);<\/strong><\/p>\n<p style=\"text-align: justify;\"><strong>INCLUIR: Ros\u00e2ngela Barreira Vasconcellos, matr\u00edcula n\u00ba 206.136-11 (Coordenadora);<\/strong><\/p>\n<p style=\"text-align: justify;\"><strong>P U B L I Q U E &#8211; S E<\/strong><\/p>\n<p style=\"text-align: justify;\"><strong>Vit\u00f3ria, 27 de fevereiro de 2014<\/strong><\/p>\n<p style=\"text-align: center;\"><strong>Desembargador S\u00c9RGIO BIZZOTTO PESSOA DE MENDON\u00c7A<br \/>\n<\/strong><strong>Presidente<\/strong><\/p>\n","protected":false},"excerpt":{"rendered":"<p>ESTADO DO ESP\u00cdRITO SANTO PODER JUDICI\u00c1RIO TRIBUNAL DE JUSTI\u00c7A PRESID\u00caNCIA EXCLUS\u00c3O E INCLUS\u00c3O ASSINADAS PELO EXCELENT\u00cdSSIMO SENHOR DESEMBARGADOR PRESIDENTE DO EGR\u00c9GIO TRIBUNAL DE JUSTI\u00c7A DO ESP\u00cdRITO SANTO. Na reda\u00e7\u00e3o do Ato Normativo 35\/14, publicado no Di\u00e1rio da Justi\u00e7a de 21\/02\/2014, referente o Grupo de Trabalho para realiza\u00e7\u00e3o de Mutir\u00e3o nas Varas Especializadas em Inf\u00e2ncia e [&hellip;]<\/p>\n","protected":false},"author":1,"featured_media":0,"comment_status":"open","ping_status":"open","sticky":false,"template":"","format":"standard","meta":{"footnotes":""},"categories":[4,14],"tags":[],"_links":{"self":[{"href":"https:\/\/www.tjes.jus.br\/corregedoria\/wp-json\/wp\/v2\/posts\/2479"}],"collection":[{"href":"https:\/\/www.tjes.jus.br\/corregedoria\/wp-json\/wp\/v2\/posts"}],"about":[{"href":"https:\/\/www.tjes.jus.br\/corregedoria\/wp-json\/wp\/v2\/types\/post"}],"author":[{"embeddable":true,"href":"https:\/\/www.tjes.jus.br\/corregedoria\/wp-json\/wp\/v2\/users\/1"}],"replies":[{"embeddable":true,"href":"https:\/\/www.tjes.jus.br\/corregedoria\/wp-json\/wp\/v2\/comments?post=2479"}],"version-history":[{"count":3,"href":"https:\/\/www.tjes.jus.br\/corregedoria\/wp-json\/wp\/v2\/posts\/2479\/revisions"}],"predecessor-version":[{"id":16373,"href":"https:\/\/www.tjes.jus.br\/corregedoria\/wp-json\/wp\/v2\/posts\/2479\/revisions\/16373"}],"wp:attachment":[{"href":"https:\/\/www.tjes.jus.br\/corregedoria\/wp-json\/wp\/v2\/media?parent=2479"}],"wp:term":[{"taxonomy":"category","embeddable":true,"href":"https:\/\/www.tjes.jus.br\/corregedoria\/wp-json\/wp\/v2\/categories?post=2479"},{"taxonomy":"post_tag","embeddable":true,"href":"https:\/\/www.tjes.jus.br\/corregedoria\/wp-json\/wp\/v2\/tags?post=2479"}],"curies":[{"name":"wp","href":"https:\/\/api.w.org\/{rel}","templated":true}]}}