{"id":2481,"date":"2016-06-20T18:36:04","date_gmt":"2016-06-20T21:36:04","guid":{"rendered":"https:\/\/www.tjes.jus.br\/corregedoria\/?p=2481"},"modified":"2017-07-04T15:37:07","modified_gmt":"2017-07-04T18:37:07","slug":"ato-normativo-no-0352014-disp-21022014-alterado","status":"publish","type":"post","link":"https:\/\/www.tjes.jus.br\/corregedoria\/2016\/06\/20\/ato-normativo-no-0352014-disp-21022014-alterado\/","title":{"rendered":"ATO NORMATIVO N\u00ba 035\/2014 &#8211; DISP. 21\/02\/2014 &#8211; ALTERADO"},"content":{"rendered":"<p align=\"CENTER\"><strong>ESTADO DO ESP\u00cdRITO SANTO<\/strong><\/p>\n<p align=\"CENTER\"><strong>PODER JUDICI\u00c1RIO<\/strong><\/p>\n<p align=\"CENTER\"><strong>TRIBUNAL DE JUSTI\u00c7A<\/strong><\/p>\n<p align=\"CENTER\"><strong><i>Gabinete da Presid\u00eancia<\/i><\/strong><\/p>\n<p align=\"CENTER\"><strong>ATO NORMATIVO\u00a0<\/strong><strong>N\u00ba 0<\/strong><strong>35<\/strong><strong>\/2014<\/strong><\/p>\n<p align=\"JUSTIFY\">O\u00a0<strong>Excelent\u00edssimo<\/strong>\u00a0<strong>Senhor Desembargador<\/strong>\u00a0<strong>S\u00c9RGIO BIZZOTTO PESSOA DE MENDON\u00c7A<\/strong>, Presidente do Egr\u00e9gio Tribunal de Justi\u00e7a do Estado do Esp\u00edrito Santo, no uso de suas atribui\u00e7\u00f5es legais,<\/p>\n<p align=\"JUSTIFY\"><strong>CONSIDERANDO<\/strong>\u00a0o disposto no artigo 58 da Resolu\u00e7\u00e3o n\u00ba 15\/95 (Regimento Interno do Tribunal de Justi\u00e7a do Estado do Esp\u00edrito Santo) que atribui ao Presidente compet\u00eancia geral para exercer a superintend\u00eancia de todo o servi\u00e7o judici\u00e1rio, na qualidade de Chefe da Magistratura do Estado;<\/p>\n<p align=\"JUSTIFY\"><strong>CONSIDERANDO<\/strong>\u00a0que compete ao Presidente do Tribunal de Justi\u00e7a implantar pol\u00edticas de gest\u00e3o do Poder Judici\u00e1rio, de forma a alcan\u00e7ar a efetiva\u00e7\u00e3o do princ\u00edpio da efici\u00eancia e a excel\u00eancia da presta\u00e7\u00e3o jurisdicional;<\/p>\n<p align=\"JUSTIFY\"><strong>CONSIDERANDO<\/strong>\u00a0a expressa determina\u00e7\u00e3o do\u00a0<strong>CONSELHO NACIONAL DE JUSTI\u00c7A\u00a0<\/strong><strong>(<\/strong><strong>CNJ<\/strong><strong>)<\/strong>, contida na Resolu\u00e7\u00e3o n\u00ba 165, de 16 de Novembro de 2012, em seu artigo 24, para que as unidades do Poder Judici\u00e1rio, com compet\u00eancia em mat\u00e9ria da Inf\u00e2ncia e Juventude, implantem mecanismos que permitam o controle, bem como a revis\u00e3o dos prazos das medidas socioeducativas;<\/p>\n<p align=\"JUSTIFY\"><strong>CONSIDERANDO<\/strong>\u00a0que o\u00a0<strong>Projeto Efici\u00eancia do CNJ<\/strong>\u00a0foi criado com a finalidade de gerar maior celeridade e qualidade na presta\u00e7\u00e3o do servi\u00e7o jurisdicional cartor\u00e1rio, oferecendo um novo plano pr\u00e1tico de gest\u00e3o, com implanta\u00e7\u00e3o de organiza\u00e7\u00e3o cartor\u00e1ria, m\u00e9todo e rotina de trabalho de forma racionalizada, padronizada e equilibrada;<\/p>\n<p align=\"JUSTIFY\"><strong>CONSIDERANDO<\/strong>\u00a0o disposto no inciso LXXVIII, do art. 5\u00ba, da Constitui\u00e7\u00e3o Federal, segundo o qual\u00a0<i>\u201ca todos, no \u00e2mbito judicial e administrativo, s\u00e3o assegurados a razo\u00e1vel dura\u00e7\u00e3o do processo e os meios que garantam a celeridade de sua tramita\u00e7\u00e3o<\/i>\u201d;<\/p>\n<p align=\"JUSTIFY\"><strong>RESOLVE<\/strong><strong>:<\/strong><\/p>\n<p align=\"JUSTIFY\"><strong>Art. 1\u00ba.<\/strong>\u00a0<strong>Instituir<\/strong>\u00a0<strong>G<\/strong><strong>rupo de\u00a0<\/strong><strong>T<\/strong><strong>rabalho<\/strong>\u00a0para realiza\u00e7\u00e3o de Mutir\u00e3o nas Varas Especializadas em Inf\u00e2ncia e da Juventude com compet\u00eancia em Atos Infracionais e aplica\u00e7\u00e3o de medidas socioeducativas de interna\u00e7\u00e3o no Estado do Esp\u00edrito Santo.<\/p>\n<p align=\"JUSTIFY\"><strong>Art. 2\u00ba.<\/strong>\u00a0Este Grupo de Trabalho ser\u00e1 supervisionado pela Exma. Ju\u00edza de Direito, Dra.\u00a0<strong>Janete Pantale\u00e3o Alves<\/strong>, Coordenadora das Varas de Inf\u00e2ncia e Juventude e pela Exma. Ju\u00edza de Direito, Dra.\u00a0<strong>Viviane Brito Borille<\/strong>, em exerc\u00edcio na 2\u00aa Vara da Inf\u00e2ncia e Juventude de Vit\u00f3ria.<\/p>\n<p align=\"JUSTIFY\"><strong>Par\u00e1grafo \u00danico.<\/strong>\u00a0Nas atividades do Grupo de Trabalho haver\u00e1 a participa\u00e7\u00e3o dos seguintes servidores, sob a coordena\u00e7\u00e3o do primeiro, al\u00e9m dos demais j\u00e1 lotados na unidade judici\u00e1ria:<\/p>\n<p align=\"JUSTIFY\"><del>I &#8211; F\u00e1bio Netto da Silva, matr\u00edcula n\u00ba 34.600-68 (Coordenador);<\/del><\/p>\n<p align=\"JUSTIFY\">I \u2013 Ros\u00e2ngela Barreira Vasconcellos, matr\u00edcula n\u00ba 206.136-11 (Coordenadora); <strong>(Altera\u00e7\u00e3o disponibilizada em\u00a0<a href=\"https:\/\/www.tjes.jus.br\/corregedoria\/index.php\/2016\/06\/20\/altera-ato-normativo-0352014-disp-28022014\/\" target=\"_blank\" rel=\"noopener noreferrer\">28\/02\/2014<\/a>)<\/strong><\/p>\n<p align=\"JUSTIFY\">II \u2013 Adriani Machado da Cruz, matr\u00edcula n\u00ba 206.038-10;<\/p>\n<p align=\"JUSTIFY\">III &#8211; Miguel Vict\u00f3rio Margotto Filho, matr\u00edcula n\u00ba 204.554-78 (sem preju\u00edzo de suas fun\u00e7\u00f5es);<\/p>\n<p align=\"JUSTIFY\">IV \u2013 Beatriz Helena Lacourt Costa, matr\u00edcula n\u00ba 208.189-27;<\/p>\n<p align=\"JUSTIFY\">V \u2013 V\u00edtor Daniel Furtado Cevidanes, matr\u00edcula n\u00ba 209.727-13;<\/p>\n<p align=\"JUSTIFY\"><del>VI \u2013 Rosangela Barreira Vasconcelos, matr\u00edcula n\u00ba 206.136-11;<\/del> <strong>(inclu\u00edda como coordenadora atrav\u00e9s de altera\u00e7\u00e3o\u00a0disponibilizada em\u00a0<a href=\"https:\/\/www.tjes.jus.br\/corregedoria\/index.php\/2016\/06\/20\/altera-ato-normativo-0352014-disp-28022014\/\" target=\"_blank\" rel=\"noopener noreferrer\">28\/02\/2014<\/a>)<\/strong><\/p>\n<p align=\"JUSTIFY\">VI &#8211;\u00a0Patr\u00edcia Magalh\u00e3es Lima de Vasconcellos &#8211; matr\u00edcula 209764-50 (sem preju\u00edzo de suas fun\u00e7\u00f5es) <strong>(Inclu\u00edda por ato de inclus\u00e3o disponibilizado em <a href=\"https:\/\/www.tjes.jus.br\/corregedoria\/index.php\/2016\/06\/20\/inclusao-no-ato-normativo-0352014-disp-26032014\/\" target=\"_blank\" rel=\"noopener noreferrer\">26\/03\/2014<\/a>)<\/strong><\/p>\n<p align=\"JUSTIFY\">VII \u2013 Jucelino Magno Quartezani Duarte, matr\u00edcula n\u00ba 206.168-43;<\/p>\n<p align=\"JUSTIFY\">VIII \u2013 Ariana Pestana Barbosa, matr\u00edcula n\u00ba 204.717-47;<\/p>\n<p align=\"JUSTIFY\">IX \u2013 Nilcilene Verbeno, matr\u00edcula n\u00ba 208.841-00;<\/p>\n<p align=\"JUSTIFY\"><strong>Art. 3\u00ba.<\/strong>\u00a0As atividades do Mutir\u00e3o e a implanta\u00e7\u00e3o do Projeto Efici\u00eancia do CNJ ser\u00e3o iniciadas na 2\u00aa Vara da Inf\u00e2ncia e Juventude de Vit\u00f3ria.<\/p>\n<p align=\"JUSTIFY\"><strong>\u00a7 1\u00ba.<\/strong>\u00a0A Secretaria da Unidade Judici\u00e1ria dever\u00e1 identificar a capa dos autos onde existam adolescentes apreendidos em flagrante, internados provisoriamente em procedimentos de apura\u00e7\u00e3o de ato infracional, bem como em fase de execu\u00e7\u00e3o de medida socioeducativa de interna\u00e7\u00e3o, com etiqueta vis\u00edvel onde se l\u00ea &#8220;<strong>adolescente internado<\/strong>&#8220;, devendo constar ainda sua localiza\u00e7\u00e3o.<\/p>\n<p align=\"JUSTIFY\"><strong>\u00a7 2\u00ba.<\/strong>\u00a0Havendo adolescentes internados e soltos nos mesmos autos, na identifica\u00e7\u00e3o dever\u00e1 constar o nome do adolescente internado, sua localiza\u00e7\u00e3o e a data de apreens\u00e3o.<\/p>\n<p align=\"JUSTIFY\"><strong>\u00a7 3\u00ba.<\/strong>\u00a0A Secretaria da Unidade Judici\u00e1ria dever\u00e1 manter efetivo controle e atualiza\u00e7\u00e3o das informa\u00e7\u00f5es dos autos em que constam adolescentes internados e apresent\u00e1-los ao grupo de atividade do mutir\u00e3o, incontinenti, para imediata conclus\u00e3o aos ju\u00edzes designados, com ou sem os respectivos relat\u00f3rios t\u00e9cnicos destinados \u00e0 reavalia\u00e7\u00e3o das medidas socioeducativas de que trata o artigo 42 da Lei 12594\/12.<\/p>\n<p align=\"JUSTIFY\"><strong>Art. 4\u00ba.<\/strong>\u00a0Nos casos em que houver necessidade, este servi\u00e7o proceder\u00e1 a otimiza\u00e7\u00e3o de procedimentos cartor\u00e1rios, revis\u00e3o de\u00a0<i>layout<\/i>\u00a0de trabalho, cumprimento de despachos e determina\u00e7\u00f5es judiciais, juntada e expedi\u00e7\u00e3o de documentos, dentre outras dilig\u00eancias que se fizerem necess\u00e1rias.<\/p>\n<p align=\"JUSTIFY\"><strong>Par\u00e1grafo \u00danico.<\/strong>\u00a0O Grupo de Trabalho contar\u00e1 com o aux\u00edlio de um ve\u00edculo devidamente adaptado \u00e0 realiza\u00e7\u00e3o dessas atividades cartor\u00e1rias junto \u00e0 respectiva unidade judici\u00e1ria, sempre que necess\u00e1rio.<\/p>\n<p align=\"JUSTIFY\"><strong>Art.\u00a0<\/strong><strong>5<\/strong><strong>\u00ba<\/strong><strong>.\u00a0<\/strong>Este ato entrar\u00e1 em vigor na data de sua publica\u00e7\u00e3o.<\/p>\n<p align=\"JUSTIFY\"><strong>Publique-se. Cumpra-se.<\/strong><\/p>\n<p align=\"CENTER\">Vit\u00f3ria\/ES, 19 de fevereiro de 2014.<\/p>\n<p style=\"text-align: center;\" align=\"CENTER\">Desembargador\u00a0<strong>S\u00c9RGIO BIZZOTTO PESSOA DE MENDON\u00c7A<br \/>\n<\/strong><i>Presidente do TJES<\/i><\/p>\n<h2 class=\"contentheadingresolucoes_css\" style=\"text-align: center;\"><span style=\"color: #ff0000;\">ALTERADO PELOS ATOS DE INCLUS\u00c3O\/EXCLUS\u00c3O PUBLICADOS EM\u00a0 <a href=\"https:\/\/www.tjes.jus.br\/corregedoria\/index.php\/2016\/06\/20\/altera-ato-normativo-0352014-disp-28022014\/\" target=\"_blank\" rel=\"noopener noreferrer\">28\/02\/2014<\/a> E <a href=\"https:\/\/www.tjes.jus.br\/corregedoria\/index.php\/2016\/06\/20\/inclusao-no-ato-normativo-0352014-disp-26032014\/\" target=\"_blank\" rel=\"noopener noreferrer\">26\/03\/2014<\/a><\/span><\/h2>\n","protected":false},"excerpt":{"rendered":"<p>ESTADO DO ESP\u00cdRITO SANTO PODER JUDICI\u00c1RIO TRIBUNAL DE JUSTI\u00c7A Gabinete da Presid\u00eancia ATO NORMATIVO\u00a0N\u00ba 035\/2014 O\u00a0Excelent\u00edssimo\u00a0Senhor Desembargador\u00a0S\u00c9RGIO BIZZOTTO PESSOA DE MENDON\u00c7A, Presidente do Egr\u00e9gio Tribunal de Justi\u00e7a do Estado do Esp\u00edrito Santo, no uso de suas atribui\u00e7\u00f5es legais, CONSIDERANDO\u00a0o disposto no artigo 58 da Resolu\u00e7\u00e3o n\u00ba 15\/95 (Regimento Interno do Tribunal de Justi\u00e7a do Estado [&hellip;]<\/p>\n","protected":false},"author":1,"featured_media":0,"comment_status":"open","ping_status":"open","sticky":false,"template":"","format":"standard","meta":{"footnotes":""},"categories":[4,14],"tags":[],"_links":{"self":[{"href":"https:\/\/www.tjes.jus.br\/corregedoria\/wp-json\/wp\/v2\/posts\/2481"}],"collection":[{"href":"https:\/\/www.tjes.jus.br\/corregedoria\/wp-json\/wp\/v2\/posts"}],"about":[{"href":"https:\/\/www.tjes.jus.br\/corregedoria\/wp-json\/wp\/v2\/types\/post"}],"author":[{"embeddable":true,"href":"https:\/\/www.tjes.jus.br\/corregedoria\/wp-json\/wp\/v2\/users\/1"}],"replies":[{"embeddable":true,"href":"https:\/\/www.tjes.jus.br\/corregedoria\/wp-json\/wp\/v2\/comments?post=2481"}],"version-history":[{"count":3,"href":"https:\/\/www.tjes.jus.br\/corregedoria\/wp-json\/wp\/v2\/posts\/2481\/revisions"}],"predecessor-version":[{"id":16375,"href":"https:\/\/www.tjes.jus.br\/corregedoria\/wp-json\/wp\/v2\/posts\/2481\/revisions\/16375"}],"wp:attachment":[{"href":"https:\/\/www.tjes.jus.br\/corregedoria\/wp-json\/wp\/v2\/media?parent=2481"}],"wp:term":[{"taxonomy":"category","embeddable":true,"href":"https:\/\/www.tjes.jus.br\/corregedoria\/wp-json\/wp\/v2\/categories?post=2481"},{"taxonomy":"post_tag","embeddable":true,"href":"https:\/\/www.tjes.jus.br\/corregedoria\/wp-json\/wp\/v2\/tags?post=2481"}],"curies":[{"name":"wp","href":"https:\/\/api.w.org\/{rel}","templated":true}]}}