{"id":24847,"date":"2018-08-20T11:53:55","date_gmt":"2018-08-20T14:53:55","guid":{"rendered":"https:\/\/www.tjes.jus.br\/corregedoria\/?p=24847"},"modified":"2018-08-20T11:53:55","modified_gmt":"2018-08-20T14:53:55","slug":"oficio-circular-no-110-2018-disp-20-08-2018","status":"publish","type":"post","link":"https:\/\/www.tjes.jus.br\/corregedoria\/2018\/08\/20\/oficio-circular-no-110-2018-disp-20-08-2018\/","title":{"rendered":"OF\u00cdCIO-CIRCULAR N\u00ba 110\/2018 &#8211; DISP. 20\/08\/2018"},"content":{"rendered":"<p align=\"center\"><strong>ESTADO DO ESP\u00cdRITO SANTO<\/strong><\/p>\n<p align=\"center\"><strong>PODER JUDICI\u00c1RIO<\/strong><\/p>\n<p style=\"text-align: center;\" align=\"center\"><strong>CORREGEDORIA GERAL DA JUSTI\u00c7A<\/strong><\/p>\n<p style=\"text-align: center;\" align=\"justify\"><strong>OF\u00cdCIO-CIRCULAR N\u00ba 110\/2018<\/strong><\/p>\n<p style=\"text-align: center;\" align=\"justify\"><span lang=\"pt-BR\"><strong>Protocolo <\/strong><\/span><span lang=\"pt-BR\"><strong>20180<\/strong><\/span><span lang=\"pt-BR\"><strong>1<\/strong><\/span><span lang=\"pt-BR\"><strong>136638<\/strong><\/span><\/p>\n<p align=\"justify\">O Desembargador <strong>SAMUEL MEIRA BRASIL JUNIOR<\/strong>, Corregedor-Geral da Justi\u00e7a do Estado do Esp\u00edrito Santo, no uso de suas atribui\u00e7\u00f5es legais:<\/p>\n<p align=\"justify\"><strong>CONSIDERANDO<\/strong> que a Corregedoria Geral da Justi\u00e7a \u00e9 \u00f3rg\u00e3o de fiscaliza\u00e7\u00e3o, disciplina e orienta\u00e7\u00e3o administrativa, com circunscri\u00e7\u00e3o em todo o Estado, conforme art. 35 da Lei Complementar Estadual n\u00ba 234\/2002 (COJES);<\/p>\n<p align=\"justify\"><span lang=\"pt-BR\"><strong>CONSIDERANDO<\/strong><\/span><span lang=\"pt-BR\"> o recebimento do<\/span><span lang=\"pt-BR\">s<\/span><span lang=\"pt-BR\">comunicado<\/span><span lang=\"pt-BR\">s<\/span><span lang=\"pt-BR\">enviado<\/span><span lang=\"pt-BR\">s<\/span><span lang=\"pt-BR\"> para <\/span><span lang=\"pt-BR\">esta Corregedoria sob o <\/span><span lang=\"pt-BR\">n\u00ba <\/span><span lang=\"pt-BR\"><strong>20180<\/strong><\/span><span lang=\"pt-BR\"><strong>1<\/strong><\/span><span lang=\"pt-BR\"><strong>136638<\/strong><\/span><span lang=\"pt-BR\">, <\/span><span lang=\"pt-BR\">da Corregedoria Geral <\/span><span lang=\"pt-BR\">da Justi\u00e7a<\/span><span lang=\"pt-BR\"> do Estado d<\/span><span lang=\"pt-BR\">e S\u00e3o Paulo\/SP;<\/span><\/p>\n<p align=\"justify\"><span lang=\"pt-BR\"><strong>CONSIDERANDO <\/strong><\/span><span lang=\"pt-BR\">que <\/span><span lang=\"pt-BR\">o<\/span><span lang=\"pt-BR\">s<\/span><span lang=\"pt-BR\">referidos <\/span><span lang=\"pt-BR\">comunicado<\/span><span lang=\"pt-BR\">s informam sobre <\/span><span lang=\"pt-BR\">a ocorr\u00eancia de fals<\/span><span lang=\"pt-BR\">ifica\u00e7\u00e3o, roubo, furto, extravio, danifica\u00e7\u00e3o e reutiliza\u00e7\u00e3o de selos, cart\u00f5es de assinatura e pap\u00e9is de seguran\u00e7a<\/span><span lang=\"pt-BR\">,<\/span><span lang=\"pt-BR\">conforme consta em anexo.<\/span><\/p>\n<p align=\"justify\"><span lang=\"pt-BR\"><strong>RECOMEND<\/strong><\/span><span lang=\"pt-BR\"><strong>A<\/strong><\/span><span lang=\"pt-BR\"> aos Ju\u00edzes de Direito Diretores dos F<\/span><span lang=\"pt-BR\">oro<\/span><span lang=\"pt-BR\">s, Membros do Minist\u00e9rio P\u00fablico, Advogados, Not\u00e1rios e Registradores, Serventu\u00e1rios e a quem mais possa interessar, que observem o<\/span><span lang=\"pt-BR\">s<\/span><span lang=\"pt-BR\">comunicado<\/span><span lang=\"pt-BR\">s<\/span><span lang=\"pt-BR\">em anexo<\/span><span lang=\"pt-BR\">, e adotem as provid\u00eancias que entenderem pertinentes.<\/span><\/p>\n<p align=\"justify\"><strong>Publique-se. Cumpra-se.<\/strong><\/p>\n<p align=\"justify\"><span lang=\"pt-BR\">Vit\u00f3ria\/ES, <\/span><span lang=\"pt-BR\">1<\/span><span lang=\"pt-BR\">6<\/span><span lang=\"pt-BR\"> de <\/span><span lang=\"pt-BR\">a<\/span><span lang=\"pt-BR\">gosto <\/span><span lang=\"pt-BR\">de 2018<\/span><span lang=\"pt-BR\">.<\/span><\/p>\n<p align=\"center\"><strong>Desembargador SAMUEL MEIRA BRASIL JR<\/strong><\/p>\n<p align=\"center\"><strong>Corregedor-Geral da Justi\u00e7a<\/strong><\/p>\n<p align=\"center\"><strong><a href=\"https:\/\/sistemas.tjes.jus.br\/ediario\/images\/110.pdf\" target=\"_blank\" rel=\"noopener\">OF\u00cdCIO-CIRCULAR E ANEXO &#8211; CLIQUE AQUI<\/a><\/strong><\/p>\n","protected":false},"excerpt":{"rendered":"<p>ESTADO DO ESP\u00cdRITO SANTO PODER JUDICI\u00c1RIO CORREGEDORIA GERAL DA JUSTI\u00c7A OF\u00cdCIO-CIRCULAR N\u00ba 110\/2018 Protocolo 201801136638 O Desembargador SAMUEL MEIRA BRASIL JUNIOR, Corregedor-Geral da Justi\u00e7a do Estado do Esp\u00edrito Santo, no uso de suas atribui\u00e7\u00f5es legais: CONSIDERANDO que a Corregedoria Geral da Justi\u00e7a \u00e9 \u00f3rg\u00e3o de fiscaliza\u00e7\u00e3o, disciplina e orienta\u00e7\u00e3o administrativa, com circunscri\u00e7\u00e3o em todo o [&hellip;]<\/p>\n","protected":false},"author":9,"featured_media":0,"comment_status":"open","ping_status":"open","sticky":false,"template":"","format":"standard","meta":{"footnotes":""},"categories":[5],"tags":[],"_links":{"self":[{"href":"https:\/\/www.tjes.jus.br\/corregedoria\/wp-json\/wp\/v2\/posts\/24847"}],"collection":[{"href":"https:\/\/www.tjes.jus.br\/corregedoria\/wp-json\/wp\/v2\/posts"}],"about":[{"href":"https:\/\/www.tjes.jus.br\/corregedoria\/wp-json\/wp\/v2\/types\/post"}],"author":[{"embeddable":true,"href":"https:\/\/www.tjes.jus.br\/corregedoria\/wp-json\/wp\/v2\/users\/9"}],"replies":[{"embeddable":true,"href":"https:\/\/www.tjes.jus.br\/corregedoria\/wp-json\/wp\/v2\/comments?post=24847"}],"version-history":[{"count":1,"href":"https:\/\/www.tjes.jus.br\/corregedoria\/wp-json\/wp\/v2\/posts\/24847\/revisions"}],"predecessor-version":[{"id":24850,"href":"https:\/\/www.tjes.jus.br\/corregedoria\/wp-json\/wp\/v2\/posts\/24847\/revisions\/24850"}],"wp:attachment":[{"href":"https:\/\/www.tjes.jus.br\/corregedoria\/wp-json\/wp\/v2\/media?parent=24847"}],"wp:term":[{"taxonomy":"category","embeddable":true,"href":"https:\/\/www.tjes.jus.br\/corregedoria\/wp-json\/wp\/v2\/categories?post=24847"},{"taxonomy":"post_tag","embeddable":true,"href":"https:\/\/www.tjes.jus.br\/corregedoria\/wp-json\/wp\/v2\/tags?post=24847"}],"curies":[{"name":"wp","href":"https:\/\/api.w.org\/{rel}","templated":true}]}}