{"id":24856,"date":"2018-08-21T11:59:51","date_gmt":"2018-08-21T14:59:51","guid":{"rendered":"https:\/\/www.tjes.jus.br\/corregedoria\/?p=24856"},"modified":"2018-08-21T11:59:51","modified_gmt":"2018-08-21T14:59:51","slug":"oficio-circular-no-113-2018-disp-21-08-2018","status":"publish","type":"post","link":"https:\/\/www.tjes.jus.br\/corregedoria\/2018\/08\/21\/oficio-circular-no-113-2018-disp-21-08-2018\/","title":{"rendered":"OF\u00cdCIO-CIRCULAR N\u00ba 113\/2018 &#8211; DISP. 21\/08\/2018"},"content":{"rendered":"<p align=\"center\"><strong>ESTADO DO ESP\u00cdRITO SANTO<\/strong><\/p>\n<p style=\"text-align: center;\" align=\"center\"><strong>PODER JUDICI\u00c1RIO<\/strong><\/p>\n<p style=\"text-align: center;\" align=\"center\"><strong>CORREGEDORIA GERAL DA JUSTI\u00c7A<\/strong><\/p>\n<p style=\"text-align: center;\" align=\"justify\"><strong>OF\u00cdCIO-CIRCULAR N\u00ba 113\/2018<\/strong><\/p>\n<p style=\"text-align: center;\" align=\"justify\"><strong>Protocolo 201801175091<\/strong><\/p>\n<p align=\"justify\">O Desembargador <strong>SAMUEL MEIRA BRASIL JUNIOR, <\/strong>Corregedor-Geral da Justi\u00e7a do Estado do Esp\u00edrito Santo, no uso de suas atribui\u00e7\u00f5es legais:<\/p>\n<p align=\"justify\"><strong>CONSIDERANDO<\/strong> que a Corregedoria Geral da Justi\u00e7a \u00e9 \u00f3rg\u00e3o de fiscaliza\u00e7\u00e3o, disciplina e orienta\u00e7\u00e3o administrativa, com circunscri\u00e7\u00e3o em todo o Estado, conforme art. 35 da Lei Complementar Estadual n\u00ba 234\/2002 (COJES);<\/p>\n<p align=\"justify\"><strong>CONSIDERANDO<\/strong> o recebimento do comunicado protocolizado sob n\u00ba 2018.01.175.091 da Corregedoria Geral da Justi\u00e7a do Estado de Goi\u00e1s\/GO;<\/p>\n<p align=\"justify\"><strong>CONSIDERANDO<\/strong> que o referido comunicado informa sobre o cancelamento do selo n\u00ba 09041802161710094601676 do Tabelionato de Notas, Protestos de T\u00edtulos, Tabelionato e Oficialato de Registro de Contratos Mar\u00edtimos da Comarca de Alex\u00e2nia\/GO.<\/p>\n<p align=\"justify\"><strong>RECOMENDO<\/strong> aos Ju\u00edzes de Direito Diretores dos F\u00f3runs, Membros do Minist\u00e9rio P\u00fablico, Advogados, Not\u00e1rios e Registradores, Serventu\u00e1rios e a quem mais possa interessar, que observem o expediente supracitado e adotem as provid\u00eancias que entenderem pertinentes.<\/p>\n<p align=\"justify\"><strong>Publique-se. Cumpra-se.<\/strong><\/p>\n<p align=\"justify\">Vit\u00f3ria\/ES, 16 de agosto de 2018.<\/p>\n<p align=\"center\"><strong>Desembargador SAMUEL MEIRA BRASIL JR<\/strong><\/p>\n<p align=\"center\"><strong>Corregedor-Geral da Justi\u00e7a<\/strong><\/p>\n","protected":false},"excerpt":{"rendered":"<p>ESTADO DO ESP\u00cdRITO SANTO PODER JUDICI\u00c1RIO CORREGEDORIA GERAL DA JUSTI\u00c7A OF\u00cdCIO-CIRCULAR N\u00ba 113\/2018 Protocolo 201801175091 O Desembargador SAMUEL MEIRA BRASIL JUNIOR, Corregedor-Geral da Justi\u00e7a do Estado do Esp\u00edrito Santo, no uso de suas atribui\u00e7\u00f5es legais: CONSIDERANDO que a Corregedoria Geral da Justi\u00e7a \u00e9 \u00f3rg\u00e3o de fiscaliza\u00e7\u00e3o, disciplina e orienta\u00e7\u00e3o administrativa, com circunscri\u00e7\u00e3o em todo o [&hellip;]<\/p>\n","protected":false},"author":9,"featured_media":0,"comment_status":"open","ping_status":"open","sticky":false,"template":"","format":"standard","meta":{"footnotes":""},"categories":[5],"tags":[],"_links":{"self":[{"href":"https:\/\/www.tjes.jus.br\/corregedoria\/wp-json\/wp\/v2\/posts\/24856"}],"collection":[{"href":"https:\/\/www.tjes.jus.br\/corregedoria\/wp-json\/wp\/v2\/posts"}],"about":[{"href":"https:\/\/www.tjes.jus.br\/corregedoria\/wp-json\/wp\/v2\/types\/post"}],"author":[{"embeddable":true,"href":"https:\/\/www.tjes.jus.br\/corregedoria\/wp-json\/wp\/v2\/users\/9"}],"replies":[{"embeddable":true,"href":"https:\/\/www.tjes.jus.br\/corregedoria\/wp-json\/wp\/v2\/comments?post=24856"}],"version-history":[{"count":1,"href":"https:\/\/www.tjes.jus.br\/corregedoria\/wp-json\/wp\/v2\/posts\/24856\/revisions"}],"predecessor-version":[{"id":24858,"href":"https:\/\/www.tjes.jus.br\/corregedoria\/wp-json\/wp\/v2\/posts\/24856\/revisions\/24858"}],"wp:attachment":[{"href":"https:\/\/www.tjes.jus.br\/corregedoria\/wp-json\/wp\/v2\/media?parent=24856"}],"wp:term":[{"taxonomy":"category","embeddable":true,"href":"https:\/\/www.tjes.jus.br\/corregedoria\/wp-json\/wp\/v2\/categories?post=24856"},{"taxonomy":"post_tag","embeddable":true,"href":"https:\/\/www.tjes.jus.br\/corregedoria\/wp-json\/wp\/v2\/tags?post=24856"}],"curies":[{"name":"wp","href":"https:\/\/api.w.org\/{rel}","templated":true}]}}