{"id":24874,"date":"2018-08-23T16:56:17","date_gmt":"2018-08-23T19:56:17","guid":{"rendered":"https:\/\/www.tjes.jus.br\/corregedoria\/?p=24874"},"modified":"2018-08-23T16:56:17","modified_gmt":"2018-08-23T19:56:17","slug":"cgj-vai-implantar-novo-programa-de-atualizacao-de-debitos-judiciais-nas-contadorias-do-tjes","status":"publish","type":"post","link":"https:\/\/www.tjes.jus.br\/corregedoria\/2018\/08\/23\/cgj-vai-implantar-novo-programa-de-atualizacao-de-debitos-judiciais-nas-contadorias-do-tjes\/","title":{"rendered":"CGJ vai implantar novo Programa de Atualiza\u00e7\u00e3o de D\u00e9bitos Judiciais nas Contadorias do TJES"},"content":{"rendered":"<p>Com o apoio do Corregedor Geral da Justi\u00e7a, Desembargador Samuel Meira Brasil J\u00fanior, ser\u00e1 implantado a partir do dia 3 de setembro de 2018 o projeto piloto do Sistema de Atualiza\u00e7\u00e3o de D\u00e9bitos nas contadorias judiciais, inicialmente de Serra, Vila Velha, Cariacica, Viana e Domingos Martins e 2\u00aa Contadoria de Vit\u00f3ria, de acordo com o Provimento n\u00ba <strong>CGJES N.\u00ba 12\/2018<\/strong>.<\/p>\n<p>O objetivo do sistema visa dar celeridade e efetividade \u00e0 presta\u00e7\u00e3o jurisdicional e uma maior seguran\u00e7a ao jurisdicionado, na medida em que os c\u00e1lculos dos d\u00e9bitos, juros e corre\u00e7\u00e3o monet\u00e1ria, incluindo-se os feitos da Fazenda P\u00fablica ser\u00e3o realizados em curto espa\u00e7o de tempo, visto que o atual (sistema) encontra limita\u00e7\u00f5es.<\/p>\n<p>O Sistema de Atualiza\u00e7\u00e3o de D\u00e9bito contou com a colabora\u00e7\u00e3o dos seguintes Analistas Judici\u00e1rios Especiais &#8211; Contadores: Gladys Schwambach Machado (Comarca de Domingos Martins), Jarbas Ribeiro (Ju\u00edzo de Viana \u2013 Comarca da Capital), Jos\u00e9 Alexandre de Carvalho Neto (Ju\u00edzo de Cariacica \u2013 Comarca da Capital), Jos\u00e9 M\u00e1rcio Acerbi (Ju\u00edzo de Vila Velha &#8211; Comarca da Capital), e com os Analistas Judici\u00e1rios Vania Fran\u00e7a Guinzani (Ju\u00edzo de Serra \u2013 Comarca da Capital) e Paulo Tadeu Trindade (2\u00aa Contadoria de Vit\u00f3ria \u2013 Comarca da Capital).<\/p>\n<p>O sistema funcionar\u00e1 dentro do portal Ejud e estar\u00e1 dispon\u00edvel para todas as contadorias, ap\u00f3s superado o projeto piloto.<\/p>\n","protected":false},"excerpt":{"rendered":"<p>Com o apoio do Corregedor Geral da Justi\u00e7a, Desembargador Samuel Meira Brasil J\u00fanior, ser\u00e1 implantado a partir do dia 3 de setembro de 2018 o projeto piloto do Sistema de Atualiza\u00e7\u00e3o de D\u00e9bitos nas contadorias judiciais, inicialmente de Serra, Vila Velha, Cariacica, Viana e Domingos Martins e 2\u00aa Contadoria de Vit\u00f3ria, de acordo com o [&hellip;]<\/p>\n","protected":false},"author":10,"featured_media":24875,"comment_status":"open","ping_status":"open","sticky":false,"template":"","format":"standard","meta":{"footnotes":""},"categories":[1],"tags":[],"_links":{"self":[{"href":"https:\/\/www.tjes.jus.br\/corregedoria\/wp-json\/wp\/v2\/posts\/24874"}],"collection":[{"href":"https:\/\/www.tjes.jus.br\/corregedoria\/wp-json\/wp\/v2\/posts"}],"about":[{"href":"https:\/\/www.tjes.jus.br\/corregedoria\/wp-json\/wp\/v2\/types\/post"}],"author":[{"embeddable":true,"href":"https:\/\/www.tjes.jus.br\/corregedoria\/wp-json\/wp\/v2\/users\/10"}],"replies":[{"embeddable":true,"href":"https:\/\/www.tjes.jus.br\/corregedoria\/wp-json\/wp\/v2\/comments?post=24874"}],"version-history":[{"count":1,"href":"https:\/\/www.tjes.jus.br\/corregedoria\/wp-json\/wp\/v2\/posts\/24874\/revisions"}],"predecessor-version":[{"id":24876,"href":"https:\/\/www.tjes.jus.br\/corregedoria\/wp-json\/wp\/v2\/posts\/24874\/revisions\/24876"}],"wp:featuredmedia":[{"embeddable":true,"href":"https:\/\/www.tjes.jus.br\/corregedoria\/wp-json\/wp\/v2\/media\/24875"}],"wp:attachment":[{"href":"https:\/\/www.tjes.jus.br\/corregedoria\/wp-json\/wp\/v2\/media?parent=24874"}],"wp:term":[{"taxonomy":"category","embeddable":true,"href":"https:\/\/www.tjes.jus.br\/corregedoria\/wp-json\/wp\/v2\/categories?post=24874"},{"taxonomy":"post_tag","embeddable":true,"href":"https:\/\/www.tjes.jus.br\/corregedoria\/wp-json\/wp\/v2\/tags?post=24874"}],"curies":[{"name":"wp","href":"https:\/\/api.w.org\/{rel}","templated":true}]}}