{"id":24888,"date":"2018-08-29T12:15:38","date_gmt":"2018-08-29T15:15:38","guid":{"rendered":"https:\/\/www.tjes.jus.br\/corregedoria\/?p=24888"},"modified":"2018-08-29T12:15:38","modified_gmt":"2018-08-29T15:15:38","slug":"resolucao-tjes-no-29-2018-disp-29-08-2018","status":"publish","type":"post","link":"https:\/\/www.tjes.jus.br\/corregedoria\/2018\/08\/29\/resolucao-tjes-no-29-2018-disp-29-08-2018\/","title":{"rendered":"RESOLU\u00c7\u00c3O TJES N\u00ba 29\/2018 &#8211; DISP. 29\/08\/2018"},"content":{"rendered":"<p align=\"center\">Poder Judici\u00e1rio do Estado do Esp\u00edrito Santo<\/p>\n<p align=\"center\"><span lang=\"zxx\">Tribunal de Justi\u00e7a<\/span><\/p>\n<p align=\"center\"><span lang=\"pt-BR\"><strong>RESOLU\u00c7\u00c3O n\u00ba 29\/2018<\/strong><\/span><\/p>\n<p align=\"justify\"><span lang=\"pt-BR\">Regulamenta o procedimento de consigna\u00e7\u00e3o em folha de pagamento no \u00e2mbito do Poder Judici\u00e1rio do Estado do Esp\u00edrito Santo.<\/span><\/p>\n<p align=\"justify\"><span lang=\"pt-BR\"><i><strong>O Presidente do Egr\u00e9gio Tribunal de Justi\u00e7a do Estado do Esp\u00edrito Santo, no uso de suas atribui\u00e7\u00f5es legais e regimentais e, conforme decis\u00e3o do Egr\u00e9gio<\/strong><\/i><\/span><span lang=\"pt-BR\"><i><strong>Tribunal Pleno, em sess\u00e3o administrativa do Tribunal Pleno, realizada no dia 23\/08\/2018.<\/strong><\/i><\/span><\/p>\n<p align=\"justify\"><span lang=\"pt-BR\"><strong>CONSIDERANDO <\/strong><\/span><span lang=\"pt-BR\">a necessidade de regulamentar o art. 74 da Lei Complementar n\u00ba 46\/1994;<\/span><\/p>\n<p align=\"justify\"><span lang=\"pt-BR\"><strong>CONSIDERANDO <\/strong><\/span><span lang=\"pt-BR\">a necessidade de padroniza\u00e7\u00e3o e atualiza\u00e7\u00e3o do procedimento de solicita\u00e7\u00e3o e controle dos processos de consigna\u00e7\u00e3o em folha de pagamento;<\/span><\/p>\n<p align=\"justify\"><span lang=\"pt-BR\"><strong>CONSIDERANDO <\/strong><\/span><span lang=\"pt-BR\">o dever de atua\u00e7\u00e3o pautado pelos<\/span><span lang=\"pt-BR\">princ\u00edpios constitucionais da isonomia, legalidade, impessoalidade, moralidade, publicidade, efici\u00eancia, da livre iniciativa e livre concorr\u00eancia;<\/span><\/p>\n<p align=\"justify\"><span lang=\"pt-BR\"><strong>CONSIDERANDO<\/strong><\/span><span lang=\"pt-BR\"> a necessidade de estabelecer maior seguran\u00e7a e facilidade nas contrata\u00e7\u00f5es;<\/span><\/p>\n<p align=\"justify\"><span lang=\"pt-BR\"><strong>CONSIDERANDO<\/strong><\/span><span lang=\"pt-BR\"> a possibilidade de obten\u00e7\u00e3o de uma menor taxa, alongamento e\/ou negocia\u00e7\u00e3o de contrato de empr\u00e9stimo consignado, com benef\u00edcios diretos no aproveitamento da margem consign\u00e1vel;<\/span><\/p>\n<p align=\"justify\"><span lang=\"pt-BR\"><strong>CONSIDERANDO<\/strong><\/span><span lang=\"pt-BR\"> a possibilidade de minimizar o impacto das d\u00edvidas no or\u00e7amento pessoal do consignado, com a redu\u00e7\u00e3o do custo do endividamento, gerando aumento de renda e satisfa\u00e7\u00e3o pessoal;<\/span><\/p>\n<p align=\"justify\"><span lang=\"pt-BR\"><strong>RESOLVE:<\/strong><\/span><\/p>\n<p align=\"justify\"><span lang=\"pt-BR\">Regulamentar o procedimento administrativo de consigna\u00e7\u00e3o em folha de pagamento de servidores e magistrados do Poder Judici\u00e1rio do Estado do Esp\u00edrito Santo, nos seguintes termos.<\/span><\/p>\n<p align=\"justify\"><span lang=\"pt-BR\"><strong>Art. 1\u00ba<\/strong><\/span><span lang=\"pt-BR\"> Os procedimentos para consigna\u00e7\u00e3o em folha de pagamento dos servidores e magistrados do Poder Judici\u00e1rio do Estado do Esp\u00edrito Santo dever\u00e3o observar as normas contidas nesta Resolu\u00e7\u00e3o.<\/span><\/p>\n<p align=\"justify\"><span lang=\"pt-BR\"><strong>Art. 2\u00ba<\/strong><\/span><span lang=\"pt-BR\"> Para fins desta Resolu\u00e7\u00e3o considera-se:<\/span><\/p>\n<p align=\"justify\"><span lang=\"pt-BR\"><strong>I &#8211;<\/strong><\/span><span lang=\"pt-BR\"> consignante: Poder Judici\u00e1rio do Estado do Esp\u00edrito Santo;<\/span><\/p>\n<p align=\"justify\"><span lang=\"pt-BR\"><strong>II &#8211;<\/strong><\/span><span lang=\"pt-BR\"> consignado: servidores p\u00fablicos e magistrados que autorizem desconto de consigna\u00e7\u00f5es em folha de pagamento;<\/span><\/p>\n<p align=\"justify\"><span lang=\"pt-BR\"><strong>III &#8211;<\/strong><\/span><span lang=\"pt-BR\"> consignat\u00e1ria: institui\u00e7\u00e3o destinat\u00e1ria dos cr\u00e9ditos resultantes das consigna\u00e7\u00f5es;<\/span><\/p>\n<p align=\"justify\"><span lang=\"pt-BR\"><strong>IV &#8211;<\/strong><\/span><span lang=\"pt-BR\"> consigna\u00e7\u00e3o compuls\u00f3ria: desconto em folha de pagamento efetuado por for\u00e7a de lei ou decis\u00e3o judicial;<\/span><\/p>\n<p align=\"justify\"><span lang=\"pt-BR\"><strong>V &#8211;<\/strong><\/span><span lang=\"pt-BR\"> consigna\u00e7\u00e3o facultativa: desconto autorizado pelo consignado, em folha de pagamento;<\/span><\/p>\n<p align=\"justify\"><span lang=\"pt-BR\"><strong>VI &#8211;<\/strong><\/span><span lang=\"pt-BR\"> consigna\u00e7\u00e3o compuls\u00f3ria representativa: \u00e9 o desconto em folha de pagamento, de natureza contributiva, devido pelo consignado em raz\u00e3o de filia\u00e7\u00e3o \u00e0s entidades sindicais ou \u00e0s associa\u00e7\u00f5es representativas de classe ou de sa\u00fade;<\/span><\/p>\n<p align=\"justify\"><span lang=\"pt-BR\"><strong>VII &#8211;<\/strong><\/span><span lang=\"pt-BR\"> consigna\u00e7\u00e3o facultativa por prazo indeterminado: \u00e9 o desconto facultativo em folha de pagamento, de natureza contratual, autorizado pelo consignado por per\u00edodo indeterminado;<\/span><\/p>\n<p align=\"justify\"><span lang=\"pt-BR\"><strong>VIII &#8211;<\/strong><\/span><span lang=\"pt-BR\"> consigna\u00e7\u00e3o facultativa por prazo determinado: \u00e9 o desconto facultativo em folha de pagamento, de natureza contratual, autorizado pelo consignado por per\u00edodo determinado;<\/span><\/p>\n<p align=\"justify\"><span lang=\"pt-BR\"><strong>IX &#8211;<\/strong><\/span><span lang=\"pt-BR\"> consigna\u00e7\u00e3o facultativa de longo prazo: \u00e9 o desconto facultativo em folha de pagamento, de natureza contratual, autorizado pelo consignado por longo prazo;<\/span><\/p>\n<p align=\"justify\"><span lang=\"pt-BR\"><strong>X &#8211;<\/strong><\/span><span lang=\"pt-BR\"> sistema digital de consigna\u00e7\u00f5es: aplicativo que suporta o processo de gest\u00e3o de margem consign\u00e1vel e a manuten\u00e7\u00e3o <\/span><span lang=\"pt-BR\"><i>online<\/i><\/span><span lang=\"pt-BR\"> de contratos consignados, via internet;<\/span><\/p>\n<p align=\"justify\"><span lang=\"pt-BR\"><strong>XI &#8211;<\/strong><\/span><span lang=\"pt-BR\"> associa\u00e7\u00e3o representativa de classe: \u00e9 aquela cuja filia\u00e7\u00e3o seja permitida a servidores p\u00fablicos e\/ou magistrados.<\/span><\/p>\n<p align=\"justify\"><span lang=\"pt-BR\"><strong>Art. 3\u00ba<\/strong><\/span><span lang=\"pt-BR\"> S\u00e3o consideradas consigna\u00e7\u00f5es compuls\u00f3rias:<\/span><\/p>\n<p align=\"justify\"><span lang=\"pt-BR\"><strong>I &#8211;<\/strong><\/span><span lang=\"pt-BR\"> contribui\u00e7\u00e3o previdenci\u00e1ria obrigat\u00f3ria ao Regime Geral de Previd\u00eancia Social ou ao Regime Pr\u00f3prio de Previd\u00eancia;<\/span><\/p>\n<p align=\"justify\"><span lang=\"pt-BR\"><strong>II &#8211;<\/strong><\/span><span lang=\"pt-BR\"> contribui\u00e7\u00e3o para Previd\u00eancia Complementar Estadual \u2013 PREVES, no que se referir ao valor correspondente \u00e0 contrapartida patronal;<\/span><\/p>\n<p align=\"justify\"><span lang=\"pt-BR\"><strong>III &#8211;<\/strong><\/span><span lang=\"pt-BR\"> imposto de renda retido na fonte;<\/span><\/p>\n<p align=\"justify\"><span lang=\"pt-BR\"><strong>IV &#8211;<\/strong><\/span><span lang=\"pt-BR\"> pens\u00e3o aliment\u00edcia judicial;<\/span><\/p>\n<p align=\"justify\"><span lang=\"pt-BR\"><strong>V &#8211;<\/strong><\/span><span lang=\"pt-BR\"> descontos autorizados por medida judicial;<\/span><\/p>\n<p align=\"justify\"><span lang=\"pt-BR\"><strong>VI &#8211;<\/strong><\/span><span lang=\"pt-BR\"> restitui\u00e7\u00f5es e indeniza\u00e7\u00f5es devidas ao er\u00e1rio;<\/span><\/p>\n<p align=\"justify\"><span lang=\"pt-BR\"><strong>VII &#8211;<\/strong><\/span><span lang=\"pt-BR\"> contribui\u00e7\u00e3o sindical;<\/span><\/p>\n<p align=\"justify\"><span lang=\"pt-BR\"><strong>VIII &#8211;<\/strong><\/span><span lang=\"pt-BR\"> outros descontos determinados por lei ou por decis\u00e3o judicial ou administrativa.<\/span><\/p>\n<p align=\"justify\"><span lang=\"pt-BR\"><strong>Art. 4\u00ba<\/strong><\/span><span lang=\"pt-BR\"> Considera-se consigna\u00e7\u00e3o compuls\u00f3ria representativa a contribui\u00e7\u00e3o mensal destinada a entidade sindical ou associa\u00e7\u00e3o representativa de classe, decorrente de filia\u00e7\u00e3o.<\/span><\/p>\n<p align=\"justify\"><span lang=\"pt-BR\"><strong>Art. 5\u00ba<\/strong><\/span><span lang=\"pt-BR\"> S\u00e3o consideradas consigna\u00e7\u00f5es facultativas por prazo indeterminado:<\/span><\/p>\n<p align=\"justify\"><span lang=\"pt-BR\"><strong>I &#8211; <\/strong><\/span><span lang=\"pt-BR\">pens\u00e3o aliment\u00edcia volunt\u00e1ria, consignada em favor de dependente que conste dos assentamentos funcionais do consignado;<\/span><\/p>\n<p align=\"justify\"><span lang=\"pt-BR\"><strong>II &#8211; <\/strong><\/span><span lang=\"pt-BR\">plano de sa\u00fade de servidor ou magistrado;<\/span><\/p>\n<p align=\"justify\"><span lang=\"pt-BR\"><strong>III &#8211; <\/strong><\/span><span lang=\"pt-BR\">plano de sa\u00fade de dependentes;<\/span><\/p>\n<p align=\"justify\"><span lang=\"pt-BR\"><strong>IV &#8211; <\/strong><\/span><span lang=\"pt-BR\">pr\u00eamio de seguro;<\/span><\/p>\n<p align=\"justify\"><span lang=\"pt-BR\"><strong>V &#8211; <\/strong><\/span><span lang=\"pt-BR\">plano odontol\u00f3gico;<\/span><\/p>\n<p align=\"justify\"><span lang=\"pt-BR\"><strong>VI &#8211;<\/strong><\/span><span lang=\"pt-BR\"> previd\u00eancia complementar, inclusive a Previd\u00eancia Complementar Estadual \u2013 PREVES, no que exceder a contrapartida patronal;<\/span><\/p>\n<p align=\"justify\"><span lang=\"pt-BR\"><strong>VII &#8211;<\/strong><\/span><span lang=\"pt-BR\"> plano de montepio e pec\u00falio;<\/span><\/p>\n<p align=\"justify\"><span lang=\"pt-BR\"><strong>VIII &#8211;<\/strong><\/span><span lang=\"pt-BR\"> capitaliza\u00e7\u00e3o;<\/span><\/p>\n<p align=\"justify\"><span lang=\"pt-BR\"><strong>IX &#8211;<\/strong><\/span><span lang=\"pt-BR\"> telefonia;<\/span><\/p>\n<p align=\"justify\"><span lang=\"pt-BR\"><strong>X &#8211;<\/strong><\/span><span lang=\"pt-BR\"> poupan\u00e7a.<\/span><\/p>\n<p align=\"justify\"><span lang=\"pt-BR\"><strong>Art. 6\u00ba <\/strong><\/span><span lang=\"pt-BR\">S\u00e3o consideradas consigna\u00e7\u00f5es facultativas por prazo determinado:<\/span><\/p>\n<p align=\"justify\"><span lang=\"pt-BR\"><strong>I &#8211; <\/strong><\/span><span lang=\"pt-BR\">empr\u00e9stimo pessoal;<\/span><\/p>\n<p align=\"justify\"><span lang=\"pt-BR\"><strong>II &#8211; <\/strong><\/span><span lang=\"pt-BR\">parcela de cons\u00f3rcio;<\/span><\/p>\n<p align=\"justify\"><span lang=\"pt-BR\"><strong>III &#8211; <\/strong><\/span><span lang=\"pt-BR\">plano de sa\u00fade com prazo;<\/span><\/p>\n<p align=\"justify\"><span lang=\"pt-BR\"><strong>IV &#8211; <\/strong><\/span><span lang=\"pt-BR\">farm\u00e1cia;<\/span><\/p>\n<p align=\"justify\"><span lang=\"pt-BR\"><strong>V &#8211; <\/strong><\/span><span lang=\"pt-BR\">poupan\u00e7a com prazo.<\/span><\/p>\n<p align=\"justify\"><span lang=\"pt-BR\"><strong>Art. 7\u00ba<\/strong><\/span><span lang=\"pt-BR\"> \u00c9 considerada consigna\u00e7\u00e3o facultativa de longo prazo o financiamento habitacional, concedido \u00fanico e exclusivamente pelas institui\u00e7\u00f5es financeiras credenciadas para esta finalidade.<\/span><\/p>\n<p align=\"justify\"><span lang=\"pt-BR\"><strong>Par\u00e1grafo \u00fanico. <\/strong><\/span><span lang=\"pt-BR\">As opera\u00e7\u00f5es de financiamento habitacional previsto no <\/span><span lang=\"pt-BR\"><i>caput<\/i><\/span><span lang=\"pt-BR\"> deste artigo poder\u00e3o ser registradas no Sistema Digital de Consigna\u00e7\u00f5es por associa\u00e7\u00e3o representativa de classe, desde que devidamente credenciada pela institui\u00e7\u00e3o financeira operadora de financiamento habitacional e pelo Secret\u00e1rio Geral.<\/span><\/p>\n<p align=\"justify\"><span lang=\"pt-BR\"><strong>Art. 8\u00ba<\/strong><\/span><span lang=\"pt-BR\"> O credenciamento para operar com consigna\u00e7\u00e3o junto ao Poder Judici\u00e1rio do Estado do Esp\u00edrito Santo ser\u00e1 \u00fanico para cada institui\u00e7\u00e3o, independentemente do n\u00famero de esp\u00e9cies de consigna\u00e7\u00e3o pretendidas no pedido a que se refere o art. 12 desta Resolu\u00e7\u00e3o.<\/span><\/p>\n<p align=\"justify\"><span lang=\"pt-BR\"><strong>\u00a71\u00ba <\/strong><\/span><span lang=\"pt-BR\">Somente ser\u00e1 concedido credenciamento nas esp\u00e9cies em que a consignat\u00e1ria estiver autorizada a operar por lei ou por estatuto.<\/span><\/p>\n<p align=\"justify\"><span lang=\"pt-BR\"><strong>\u00a72\u00ba <\/strong><\/span><span lang=\"pt-BR\">No credenciamento de esp\u00e9cies de consigna\u00e7\u00f5es que necessitem de autoriza\u00e7\u00e3o de \u00f3rg\u00e3o regulador e fiscalizador observar-se-\u00e1 a legisla\u00e7\u00e3o pr\u00f3pria dos \u00f3rg\u00e3os.<\/span><\/p>\n<p align=\"justify\"><span lang=\"pt-BR\"><strong>\u00a73\u00ba <\/strong><\/span><span lang=\"pt-BR\">No credenciamento da esp\u00e9cie contribui\u00e7\u00e3o associativa observar-se-\u00e3o as disposi\u00e7\u00f5es estatut\u00e1rias.<\/span><\/p>\n<p align=\"justify\"><span lang=\"pt-BR\"><strong>Art. 9\u00ba <\/strong><\/span><span lang=\"pt-BR\">A soma das consigna\u00e7\u00f5es facultativas e compuls\u00f3rias n\u00e3o poder\u00e1 ultrapassar 70% (setenta por cento) do vencimento ou subs\u00eddio do servidor ou magistrado, inclusive as vantagens permanentes, entre as quais aquela prevista no art. 65, II, da Lei Org\u00e2nica da Magistratura Nacional (Lei Complementar federal n\u00ba 35\/1979).<\/span><\/p>\n<p align=\"justify\"><span lang=\"pt-BR\"><strong>\u00a71\u00ba <\/strong><\/span><span lang=\"pt-BR\">A soma das consigna\u00e7\u00f5es facultativas por prazo determinado e por prazo indeterminado, previstas nos artigos 5\u00ba e 6\u00ba desta Resolu\u00e7\u00e3o, n\u00e3o poder\u00e1 ultrapassar 35% (trinta e cinco por cento) do vencimento ou subs\u00eddio do servidor ou magistrado, inclusive as vantagens permanentes, entre as quais aquela prevista no art. 65, II, da Lei Org\u00e2nica da Magistratura Nacional (Lei Complementar federal n\u00ba 35\/1979), sendo 5% (cinco por cento) reservados exclusivamente para:<\/span><\/p>\n<p align=\"justify\"><span lang=\"pt-BR\"><strong>I &#8211; <\/strong><\/span><span lang=\"pt-BR\">a amortiza\u00e7\u00e3o de despesas contra\u00eddas por meio de cart\u00e3o de cr\u00e9dito;<\/span><\/p>\n<p align=\"justify\"><span lang=\"pt-BR\"><strong>II &#8211; <\/strong><\/span><span lang=\"pt-BR\">a utiliza\u00e7\u00e3o com a finalidade de saque por meio do cart\u00e3o de cr\u00e9dito.<\/span><\/p>\n<p align=\"justify\"><span lang=\"pt-BR\"><strong>\u00a72\u00ba <\/strong><\/span><span lang=\"pt-BR\">Na hip\u00f3tese de as somas estabelecidas no <\/span><span lang=\"pt-BR\"><i>caput<\/i><\/span><span lang=\"pt-BR\"> ou no \u00a71\u00ba ultrapassarem os percentuais indicados, ser\u00e1 procedida a suspens\u00e3o de parte ou do total das consigna\u00e7\u00f5es, conforme a necessidade, para que o total de valores debitados no m\u00eas n\u00e3o exceda o limite.<\/span><\/p>\n<p align=\"justify\"><span lang=\"pt-BR\"><strong>\u00a73\u00ba <\/strong><\/span><span lang=\"pt-BR\">A suspens\u00e3o referida no \u00a72\u00ba ser\u00e1 realizada independentemente da data de inclus\u00e3o da consigna\u00e7\u00e3o, respeitada a ordem de prioridade estabelecida no art. 10.<\/span><\/p>\n<p align=\"justify\"><span lang=\"pt-BR\"><strong>\u00a74\u00ba <\/strong><\/span><span lang=\"pt-BR\">A suspens\u00e3o abranger\u00e1 sempre o valor integral da consigna\u00e7\u00e3o.<\/span><\/p>\n<p align=\"justify\"><span lang=\"pt-BR\"><strong>\u00a75\u00ba <\/strong><\/span><span lang=\"pt-BR\">Ap\u00f3s a adequa\u00e7\u00e3o ao limite, prevista no \u00a72\u00ba, as consigna\u00e7\u00f5es suspensas ser\u00e3o retomadas a partir da parcela referente ao m\u00eas em que a margem houver sido recuperada.<\/span><\/p>\n<p align=\"justify\"><span lang=\"pt-BR\"><strong>\u00a76\u00ba <\/strong><\/span><span lang=\"pt-BR\">As consigna\u00e7\u00f5es facultativas do art. 6\u00ba, IV, ficam limitadas ao valor mensal de R$ 200,00 (duzentos reais), observando-se, no somat\u00f3rio com as demais consigna\u00e7\u00f5es facultativas, o limite do \u00a71\u00ba deste artigo.<\/span><\/p>\n<p align=\"justify\"><span lang=\"pt-BR\"><strong>\u00a77\u00ba <\/strong><\/span><span lang=\"pt-BR\">A consigna\u00e7\u00e3o facultativa da esp\u00e9cie &#8220;plano de sa\u00fade&#8221; ser\u00e1 computada para fins de apura\u00e7\u00e3o do limite do \u00a71\u00ba apenas no que exceder o valor eventualmente percebido pelo consignado a t\u00edtulo de aux\u00edlio-sa\u00fade.<\/span><\/p>\n<p align=\"justify\"><span lang=\"pt-BR\"><strong>\u00a78\u00ba <\/strong><\/span><span lang=\"pt-BR\">N\u00e3o ser\u00e1 autorizado lan\u00e7amento de cr\u00e9dito consignado.<\/span><\/p>\n<p align=\"justify\"><span lang=\"pt-BR\"><strong>Art. 10. <\/strong><\/span><span lang=\"pt-BR\">As consigna\u00e7\u00f5es ter\u00e3o prioridade de descontos, na seguinte ordem:<\/span><\/p>\n<p align=\"justify\"><span lang=\"pt-BR\"><strong>I &#8211;<\/strong><\/span><span lang=\"pt-BR\"> compuls\u00f3rias;<\/span><\/p>\n<p align=\"justify\"><span lang=\"pt-BR\"><strong>II &#8211;<\/strong><\/span><span lang=\"pt-BR\"> facultativas por prazo indeterminado;<\/span><\/p>\n<p align=\"justify\"><span lang=\"pt-BR\"><strong>III &#8211;<\/strong><\/span><span lang=\"pt-BR\"> facultativa de longo prazo;<\/span><\/p>\n<p align=\"justify\"><span lang=\"pt-BR\"><strong>IV &#8211;<\/strong><\/span><span lang=\"pt-BR\"> facultativas por prazo determinado.<\/span><\/p>\n<p align=\"justify\"><span lang=\"pt-BR\"><strong>\u00a71\u00ba <\/strong><\/span><span lang=\"pt-BR\">Havendo necessidade de aplicar prioridade dentro da classe facultativa por prazo indeterminado, prevalecer\u00e1 a consigna\u00e7\u00e3o na ordem crescente dos incisos do art. 5\u00ba desta Resolu\u00e7\u00e3o.<\/span><\/p>\n<p align=\"justify\"><span lang=\"pt-BR\"><strong>\u00a72\u00ba <\/strong><\/span><span lang=\"pt-BR\">Havendo necessidade de aplicar prioridade dentro da classe facultativa por prazo determinado, prevalecer\u00e1 a consigna\u00e7\u00e3o contratada h\u00e1 mais tempo.<\/span><\/p>\n<p align=\"justify\"><span lang=\"pt-BR\"><strong>\u00a73\u00ba <\/strong><\/span><span lang=\"pt-BR\">A consigna\u00e7\u00e3o facultativa de longo prazo, prevista no art. 7\u00ba, tem como prazo m\u00e1ximo o limite de 360 (trezentos e sessenta) parcelas mensais.<\/span><\/p>\n<p align=\"justify\"><span lang=\"pt-BR\"><strong>\u00a74\u00ba <\/strong><\/span><span lang=\"pt-BR\">A consigna\u00e7\u00e3o facultativa por prazo determinado, prevista no art. 6\u00ba, tem como prazo m\u00e1ximo o limite de 96 (noventa e seis) parcelas mensais.<\/span><\/p>\n<p align=\"justify\"><span lang=\"pt-BR\"><strong>Art. 11.<\/strong><\/span><span lang=\"pt-BR\"> \u00c9 de compet\u00eancia do Secret\u00e1rio Geral, por meio de termo de contrato, o credenciamento e descredenciamento de consignat\u00e1ria para operar as consigna\u00e7\u00f5es previstas nos artigos 4\u00ba, 5\u00ba, 6\u00ba e 7\u00ba, no Poder Judici\u00e1rio Estadual.<\/span><\/p>\n<p align=\"justify\"><span lang=\"pt-BR\"><strong>Art. 12<\/strong><\/span><span lang=\"pt-BR\">. O pedido de credenciamento dever\u00e1 ser dirigido ao Secret\u00e1rio Geral, na forma de requerimento, indicando quais as esp\u00e9cies de consigna\u00e7\u00f5es pretendidas, acompanhado dos seguintes documentos:<\/span><\/p>\n<p align=\"justify\"><span lang=\"pt-BR\"><strong>I &#8211;<\/strong><\/span><span lang=\"pt-BR\"> prova de inscri\u00e7\u00e3o, relativa ao domic\u00edlio ou sede do credenciado, pertinente ao seu ramo de atividade e compat\u00edvel com o objeto do credenciamento, no que couber:<\/span><\/p>\n<p align=\"justify\"><span lang=\"pt-BR\"><strong>a) <\/strong><\/span><span lang=\"pt-BR\">no Cadastro Nacional de Pessoa Jur\u00eddica \u2013 CNPJ;<\/span><\/p>\n<p align=\"justify\"><span lang=\"pt-BR\"><strong>b) <\/strong><\/span><span lang=\"pt-BR\">no Cadastro de contribuintes estadual (Inscri\u00e7\u00e3o Estadual);<\/span><\/p>\n<p align=\"justify\"><span lang=\"pt-BR\"><strong>c) <\/strong><\/span><span lang=\"pt-BR\">no Cadastro de contribuintes municipal (Inscri\u00e7\u00e3o Municipal).<\/span><\/p>\n<p align=\"justify\"><span lang=\"pt-BR\"><strong>II \u2013<\/strong><\/span><span lang=\"pt-BR\"> c\u00e9dula de identidade do representante legal da institui\u00e7\u00e3o;<\/span><\/p>\n<p align=\"justify\"><span lang=\"pt-BR\"><strong>III &#8211; <\/strong><\/span><span lang=\"pt-BR\">ato constitutivo, estatuto ou contrato social em vigor, devidamente registrado, em se tratando de sociedades comerciais, e, no caso de sociedades por a\u00e7\u00f5es, acompanhado de documentos de elei\u00e7\u00e3o de seus administradores;<\/span><\/p>\n<p align=\"justify\"><span lang=\"pt-BR\"><strong>IV &#8211;<\/strong><\/span><span lang=\"pt-BR\"> inscri\u00e7\u00e3o do ato constitutivo, no caso de sociedades civis, acompanhada de prova de diretoria em exerc\u00edcio;<\/span><\/p>\n<p align=\"justify\"><span lang=\"pt-BR\"><strong>V &#8211;<\/strong><\/span><span lang=\"pt-BR\"> decreto de autoriza\u00e7\u00e3o, em se tratando de empresa ou sociedade estrangeira em funcionamento no Pa\u00eds, e ato de registro ou autoriza\u00e7\u00e3o para funcionamento expedido pelo \u00f3rg\u00e3o competente, quando a atividade assim exigir;<\/span><\/p>\n<p align=\"justify\"><span lang=\"pt-BR\"><strong>VI &#8211; <\/strong><\/span><span lang=\"pt-BR\">lei, ato constitutivo ou autorizativo, tratando-se de institui\u00e7\u00e3o, \u00f3rg\u00e3o ou entidade p\u00fablica, de qualquer esfera de Governo;<\/span><\/p>\n<p align=\"justify\"><span lang=\"pt-BR\"><strong>VII &#8211;<\/strong><\/span><span lang=\"pt-BR\"> prova de regularidade para com a Fazenda Federal, com a Fazenda Estadual e com a Fazenda Municipal do domic\u00edlio ou sede da institui\u00e7\u00e3o, ou outra equivalente, na forma da lei:<\/span><\/p>\n<p align=\"justify\"><span lang=\"pt-BR\"><strong>a) <\/strong><\/span><span lang=\"pt-BR\">Certid\u00e3o de D\u00e9bitos Relativos a Cr\u00e9ditos Tribut\u00e1rios Federais e \u00e0 D\u00edvida Ativa da Uni\u00e3o (Secretaria da Receita Federal \/ Procuradoria-Geral da Fazenda Nacional);<\/span><\/p>\n<p align=\"justify\"><span lang=\"pt-BR\"><strong>b) <\/strong><\/span><span lang=\"pt-BR\">Certid\u00e3o Negativa de D\u00e9bito (Secretaria de Estado da Fazenda \u2013 SEFAZ);<\/span><\/p>\n<p align=\"justify\"><span lang=\"pt-BR\"><strong>c) <\/strong><\/span><span lang=\"pt-BR\">Certid\u00e3o Negativa de D\u00e9bitos (Secretaria Municipal da Fazenda \u2013 SEMFA).<\/span><\/p>\n<p align=\"justify\"><span lang=\"pt-BR\"><strong>VIII &#8211;<\/strong><\/span><span lang=\"pt-BR\"> prova de regularidade relativa ao Fundo de Garantia por Tempo de Servi\u00e7o (FGTS), demonstrando situa\u00e7\u00e3o regular no cumprimento dos encargos sociais institu\u00eddos por lei;<\/span><\/p>\n<p align=\"justify\"><span lang=\"pt-BR\"><strong>IX &#8211;<\/strong><\/span><span lang=\"pt-BR\"> prova de inexist\u00eancia de d\u00e9bitos inadimplidos perante a Justi\u00e7a do Trabalho, mediante a apresenta\u00e7\u00e3o de certid\u00e3o negativa;<\/span><\/p>\n<p align=\"justify\"><span lang=\"pt-BR\"><strong>X &#8211;<\/strong><\/span><span lang=\"pt-BR\"> autoriza\u00e7\u00e3o de funcionamento expedida pelo \u00f3rg\u00e3o regulador e fiscalizador, nos casos de esp\u00e9cie que obrigatoriamente necessitem de autoriza\u00e7\u00e3o;<\/span><\/p>\n<p align=\"justify\"><span lang=\"pt-BR\"><strong>XI &#8211; <\/strong><\/span><span lang=\"pt-BR\">declara\u00e7\u00e3o de que a empresa n\u00e3o emprega menor de 18 anos em trabalho noturno, perigoso ou insalubre, nem menor de 16 anos em quaisquer de suas atividades (art. 7\u00ba, XXXIII, da Constitui\u00e7\u00e3o);<\/span><\/p>\n<p align=\"justify\"><span lang=\"pt-BR\"><strong>XII <\/strong><\/span><span lang=\"pt-BR\">&#8211; declara\u00e7\u00e3o de que a empresa n\u00e3o est\u00e1 impedida de contratar com a Administra\u00e7\u00e3o P\u00fablica direta e indireta;<\/span><\/p>\n<p align=\"justify\"><span lang=\"pt-BR\"><strong>XIII &#8211; <\/strong><\/span><span lang=\"pt-BR\">declara\u00e7\u00e3o de que a empresa n\u00e3o foi declarada inid\u00f4nea pelo Poder P\u00fablico de nenhuma esfera;<\/span><\/p>\n<p style=\"text-align: justify;\" align=\"justify\"><span lang=\"pt-BR\"><strong>XIV &#8211; <\/strong><\/span><span lang=\"pt-BR\">certid\u00e3o negativa de fal\u00eancia ou concordata expedida pelo distribuidor da sede da pessoa jur\u00eddica, ou de execu\u00e7\u00e3o patrimonial, expedida no domic\u00edlio da pessoa f\u00edsica;<\/span><\/p>\n<p style=\"text-align: justify;\" align=\"justify\"><span lang=\"pt-BR\"><strong>XV &#8211;<\/strong><\/span><span lang=\"pt-BR\"> outros documentos que a lei exigir.<\/span><\/p>\n<p style=\"text-align: justify;\" align=\"justify\"><span lang=\"pt-BR\"><strong>\u00a71\u00ba <\/strong><\/span><span lang=\"pt-BR\">N\u00e3o poder\u00e3o ser credenciadas institui\u00e7\u00f5es com restri\u00e7\u00f5es encontradas a partir de consulta aos seguintes cadastros oficiais:<\/span><\/p>\n<p style=\"text-align: justify;\" align=\"justify\"><span lang=\"pt-BR\"><strong>a) <\/strong><\/span><span lang=\"pt-BR\">Cadastro Nacional de Condenados por Ato de Improbidade Administrativa e por Ato que implique Inelegibilidade \u2013 CNCIAI (CNJ),<\/span><\/p>\n<p style=\"text-align: justify;\" align=\"right\"><span lang=\"pt-BR\"><i><a href=\"http:\/\/www.cnj.jus.br\/improbidade_adm\/consultar_requerido.php\">http:\/\/www.cnj.jus.br\/improbidade_adm\/consultar_requerido.php<\/a><\/i><\/span><\/p>\n<p style=\"text-align: justify;\" align=\"justify\"><span lang=\"pt-BR\"><strong>b) <\/strong><\/span><span lang=\"pt-BR\">Cadastro Nacional de Empresas Inid\u00f4neas e Suspensas \u2013 CEIS (Minist\u00e9rio da Transpar\u00eancia, Fiscaliza\u00e7\u00e3o e Controladoria-Geral da Uni\u00e3o),<\/span><\/p>\n<p style=\"text-align: justify;\" align=\"right\"><span lang=\"pt-BR\"><i><a href=\"http:\/\/www.portaltransparencia.gov.br\/ceis\">http:\/\/www.portaltransparencia.gov.br\/ceis<\/a><\/i><\/span><\/p>\n<p style=\"text-align: justify;\" align=\"justify\"><span lang=\"pt-BR\"><strong>c) <\/strong><\/span><span lang=\"pt-BR\">Cadastro de Inid\u00f4neos do TCU,<\/span><\/p>\n<p style=\"text-align: justify;\" align=\"right\"><span lang=\"pt-BR\"><i><a href=\"http:\/\/portal.tcu.gov.br\/certidoes\/certidoes.htm\">http:\/\/portal.tcu.gov.br\/certidoes\/certidoes.htm<\/a><\/i><\/span><\/p>\n<p align=\"justify\"><span lang=\"pt-BR\"><strong>\u00a72\u00ba <\/strong><\/span><span lang=\"pt-BR\">Deve ser apresentada c\u00f3pia autenticada dos documentos constantes dos incisos II, III, IV, V (quanto ao &#8220;ato de registro ou autoriza\u00e7\u00e3o para funcionamento&#8221;) e X, e os originais das declara\u00e7\u00f5es indicadas nos incisos XI, XII e XIII;<\/span><\/p>\n<p align=\"justify\"><span lang=\"pt-BR\"><strong>\u00a73\u00ba <\/strong><\/span><span lang=\"pt-BR\">Fica o Secret\u00e1rio Geral autorizado a expedir atos exigindo novos documentos, sempre que necess\u00e1rio;<\/span><\/p>\n<p align=\"justify\"><span lang=\"pt-BR\"><strong>\u00a74\u00ba <\/strong><\/span><span lang=\"pt-BR\">Compete \u00e0 Coordenadoria de Pagamento de Pessoal, no m\u00eas de mar\u00e7o de cada ano, solicitar e conferir os documentos de credenciamento, exceto para as que j\u00e1 os apresentaram no ano corrente.<\/span><\/p>\n<p align=\"justify\"><span lang=\"pt-BR\"><strong>\u00a75\u00ba <\/strong><\/span><span lang=\"pt-BR\">As institui\u00e7\u00f5es dever\u00e3o atender \u00e0s solicita\u00e7\u00f5es do \u00a74\u00ba no prazo de 15 (quinze) dias, sob pena de aplica\u00e7\u00e3o das san\u00e7\u00f5es do art. 22 desta Resolu\u00e7\u00e3o.<\/span><\/p>\n<p align=\"justify\"><span lang=\"pt-BR\"><strong>\u00a76\u00ba <\/strong><\/span><span lang=\"pt-BR\">Recebido pela Coordenadoria de Pagamento de Pessoal o pedido de credenciamento com a documenta\u00e7\u00e3o prevista neste artigo, cabe ao setor indicar servidores titular e substituto que atuar\u00e3o como gestores ou fiscais do contrato que vier a ser celebrado, e encaminhar o processo \u00e0 Coordenadoria de Compras, Licita\u00e7\u00e3o e Contratos.<\/span><\/p>\n<p align=\"justify\"><span lang=\"pt-BR\"><strong>\u00a77\u00ba <\/strong><\/span><span lang=\"pt-BR\">A Coordenadoria de Compras, Licita\u00e7\u00e3o e Contratos dever\u00e1, inclusive nas confer\u00eancias com periodicidade anual previstas no \u00a74\u00ba, manifestar-se sobre a habilita\u00e7\u00e3o ou n\u00e3o da institui\u00e7\u00e3o interessada, devendo juntar aos autos, no caso da primeira habilita\u00e7\u00e3o, minuta preenchida do contrato padr\u00e3o de credenciamento, aprovado pela Assessoria Jur\u00eddica da Presid\u00eancia, <\/span><span lang=\"pt-BR\"><strong>anexo<\/strong><\/span><span lang=\"pt-BR\"> a esta Resolu\u00e7\u00e3o, antes de encaminhar \u00e0 delibera\u00e7\u00e3o da Secretaria Geral.<\/span><\/p>\n<p align=\"justify\"><span lang=\"pt-BR\"><strong>\u00a78\u00ba <\/strong><\/span><span lang=\"pt-BR\">Devidamente instru\u00eddo o processo com as informa\u00e7\u00f5es decorrentes da Coordenadoria de Pagamento de Pessoal e da Coordenadoria de Compras, Licita\u00e7\u00e3o e Contratos, os autos seguem \u00e0 Secretaria Geral para confer\u00eancia e, no caso da primeira habilita\u00e7\u00e3o, assinatura das vias do contrato em nome do Poder Judici\u00e1rio consignante.<\/span><\/p>\n<p align=\"justify\"><span lang=\"pt-BR\"><strong>\u00a79\u00ba <\/strong><\/span><span lang=\"pt-BR\">Assinado o contrato pelo Secret\u00e1rio Geral, os autos v\u00e3o \u00e0 Se\u00e7\u00e3o de Controle de Contratos e Conv\u00eanios (da Secretaria de Finan\u00e7as e Execu\u00e7\u00e3o Or\u00e7ament\u00e1ria), para colheita da assinatura da parte da institui\u00e7\u00e3o interessada, antes do envio para a Se\u00e7\u00e3o de Contrata\u00e7\u00e3o (Coordenadoria de Compras, Licita\u00e7\u00e3o e Contratos) publicar o resumo no Di\u00e1rio da Justi\u00e7a Eletr\u00f4nico.<\/span><\/p>\n<p align=\"justify\"><span lang=\"pt-BR\"><strong>\u00a710 <\/strong><\/span><span lang=\"pt-BR\">Publicado no Di\u00e1rio da Justi\u00e7a Eletr\u00f4nico o resumo do contrato, os autos ser\u00e3o movimentados para a Secretaria Geral, que ir\u00e1 conferir a indica\u00e7\u00e3o de servidores para a gest\u00e3o ou fiscaliza\u00e7\u00e3o do contrato, e publicar o referido ato de designa\u00e7\u00e3o.<\/span><\/p>\n<p align=\"justify\"><span lang=\"pt-BR\"><strong>\u00a711 <\/strong><\/span><span lang=\"pt-BR\">Publicado o ato a que se refere o par\u00e1grafo anterior, o processo \u00e9 devolvido \u00e0 Coordenadoria de Pagamento de Pessoal para prestar a informa\u00e7\u00e3o relativa \u00e0 publica\u00e7\u00e3o no Portal da Transpar\u00eancia e manter o processo sob sua gest\u00e3o durante a execu\u00e7\u00e3o do contrato.<\/span><\/p>\n<p align=\"justify\"><span lang=\"pt-BR\"><strong>Art. 13.<\/strong><\/span><span lang=\"pt-BR\"> A margem consign\u00e1vel prevista no art. 9\u00ba desta Resolu\u00e7\u00e3o ser\u00e1 informada por meio do Sistema Digital de Consigna\u00e7\u00f5es.<\/span><\/p>\n<p align=\"justify\"><span lang=\"pt-BR\"><strong>Art. 14. <\/strong><\/span><span lang=\"pt-BR\">Ficam autorizadas as averba\u00e7\u00f5es em folha de pagamento das consigna\u00e7\u00f5es provenientes da negocia\u00e7\u00e3o de contrato, referentes aos empr\u00e9stimos financeiros anteriores, quando devidamente autorizado pelo consignado.<\/span><\/p>\n<p align=\"justify\"><span lang=\"pt-BR\"><strong>Art. 15.<\/strong><\/span><span lang=\"pt-BR\"> As consignat\u00e1rias ter\u00e3o o prazo m\u00e1ximo de 02 (dois) dias \u00fateis para informar ao consignado ou \u00e0s institui\u00e7\u00f5es financeiras, por ele autorizado, o saldo devedor do respectivo empr\u00e9stimo, sendo que essa informa\u00e7\u00e3o obrigatoriamente dever\u00e1 ser disponibilizada no Sistema Digital de Consigna\u00e7\u00f5es.<\/span><\/p>\n<p align=\"justify\"><span lang=\"pt-BR\"><strong>\u00a71\u00ba <\/strong><\/span><span lang=\"pt-BR\">O saldo devedor informado pelo detentor do contrato dever\u00e1 conter todos os dados para sua liquida\u00e7\u00e3o pela nova detentora do contrato, ag\u00eancia e conta para cr\u00e9dito, n\u00famero da Autoriza\u00e7\u00e3o para Desconto de Empr\u00e9stimo (ADE) e outras informa\u00e7\u00f5es que se fizerem necess\u00e1rias, bem como os valores discriminados para os pr\u00f3ximos 03 (tr\u00eas) dias, com redu\u00e7\u00e3o proporcional aos juros, conforme regulamenta\u00e7\u00e3o do Banco Central \u2013 BACEN.<\/span><\/p>\n<p align=\"justify\"><span lang=\"pt-BR\"><strong>\u00a72\u00ba<\/strong><\/span><span lang=\"pt-BR\"> O pedido do saldo devedor de empr\u00e9stimos ter\u00e1 de ser registrado no Sistema Digital de Consigna\u00e7\u00f5es.<\/span><\/p>\n<p align=\"justify\"><span lang=\"pt-BR\"><strong>\u00a73\u00ba<\/strong><\/span><span lang=\"pt-BR\"> Quando da liquida\u00e7\u00e3o do contrato a informa\u00e7\u00e3o tamb\u00e9m dever\u00e1 ser registrada no Sistema Digital de Consigna\u00e7\u00f5es.<\/span><\/p>\n<p align=\"justify\"><span lang=\"pt-BR\"><strong>\u00a74\u00ba<\/strong><\/span><span lang=\"pt-BR\"> O saldo devedor, quando requerido e n\u00e3o informado no prazo constante no <\/span><span lang=\"pt-BR\"><i>caput<\/i><\/span><span lang=\"pt-BR\"> deste artigo, autoriza a suspens\u00e3o tempor\u00e1ria do credenciamento para operar com novas consigna\u00e7\u00f5es, at\u00e9 que a informa\u00e7\u00e3o seja prestada.<\/span><\/p>\n<p align=\"justify\"><span lang=\"pt-BR\"><strong>Art. 16<\/strong><\/span><span lang=\"pt-BR\">. Quando informado o saldo devedor e caso ocorra a negocia\u00e7\u00e3o do contrato, a institui\u00e7\u00e3o compradora ter\u00e1 prazo de 03 (tr\u00eas) dias \u00fateis para depositar, na conta informada pela institui\u00e7\u00e3o vendedora, o valor da respectiva transa\u00e7\u00e3o.<\/span><\/p>\n<p align=\"justify\"><span lang=\"pt-BR\"><strong>\u00a71\u00ba <\/strong><\/span><span lang=\"pt-BR\">Ap\u00f3s a confirma\u00e7\u00e3o do valor da respectiva transa\u00e7\u00e3o, a institui\u00e7\u00e3o compradora dever\u00e1 efetuar o cr\u00e9dito \u00e0 vendedora, no valor informado por esta.<\/span><\/p>\n<p align=\"justify\"><span lang=\"pt-BR\"><strong>\u00a72\u00ba <\/strong><\/span><span lang=\"pt-BR\">A consignat\u00e1ria que teve o contrato de empr\u00e9stimo pessoal comprado fica obrigada a efetuar a liquida\u00e7\u00e3o do Contrato no Sistema Digital de Consigna\u00e7\u00f5es, no prazo m\u00e1ximo de 03 (tr\u00eas) dias \u00fateis, a partir da data em que ocorreu o registro do pagamento do saldo devedor do contrato, sob pena de desativa\u00e7\u00e3o tempor\u00e1ria (art. 22, inciso I).<\/span><\/p>\n<p align=\"justify\"><span lang=\"pt-BR\"><strong>\u00a73\u00ba <\/strong><\/span><span lang=\"pt-BR\">O valor e o prazo da opera\u00e7\u00e3o na institui\u00e7\u00e3o proponente n\u00e3o podem ser superiores ao saldo devedor e ao prazo remanescente da opera\u00e7\u00e3o de cr\u00e9dito objeto da portabilidade na data da transfer\u00eancia de recursos.<\/span><\/p>\n<p align=\"justify\"><span lang=\"pt-BR\"><strong>Art. 17.<\/strong><\/span><span lang=\"pt-BR\"> O registro das consigna\u00e7\u00f5es facultativas no Sistema Digital de Consigna\u00e7\u00f5es somente ser\u00e1 permitido ap\u00f3s assinatura de documento pr\u00f3prio pelo consignado, no qual esteja expressa a autoriza\u00e7\u00e3o para desconto em folha de pagamento, o Custo Efetivo Total (CET), o n\u00famero de parcelas e os valores contratados, ou atrav\u00e9s de processo automatizado, via canais da institui\u00e7\u00e3o consignat\u00e1ria (como Terminais de autoatendimento, <\/span><span lang=\"pt-BR\"><i>Internet<\/i><\/span><span lang=\"pt-BR\"> e <\/span><span lang=\"pt-BR\"><i>Mobile<\/i><\/span><span lang=\"pt-BR\">).<\/span><\/p>\n<p align=\"justify\"><span lang=\"pt-BR\"><strong>\u00a71\u00ba <\/strong><\/span><span lang=\"pt-BR\">Fica sob a responsabilidade da consignat\u00e1ria, na condi\u00e7\u00e3o de deposit\u00e1ria fiel, a guarda do documento mencionado no <\/span><span lang=\"pt-BR\"><i>caput<\/i><\/span><span lang=\"pt-BR\"> deste artigo, pelo prazo de 05 (cinco) anos, ap\u00f3s o t\u00e9rmino do contrato.<\/span><\/p>\n<p align=\"justify\"><span lang=\"pt-BR\"><strong>\u00a72\u00ba <\/strong><\/span><span lang=\"pt-BR\">O documento mencionado no <\/span><span lang=\"pt-BR\"><i>caput<\/i><\/span><span lang=\"pt-BR\"> deste artigo deve ser apresentado \u00e0 Coordenadoria de Pagamento de Pessoal, sempre que requisitado, no prazo de at\u00e9 03 (tr\u00eas) dias \u00fateis, contados a partir da notifica\u00e7\u00e3o.<\/span><\/p>\n<p align=\"justify\"><span lang=\"pt-BR\"><strong>Art. 18<\/strong><\/span><span lang=\"pt-BR\">. As consignat\u00e1rias dever\u00e3o ressarcir as despesas com processamento da consigna\u00e7\u00e3o em folha de pagamento.<\/span><\/p>\n<p align=\"justify\"><span lang=\"pt-BR\"><strong>\u00a71\u00ba <\/strong><\/span><span lang=\"pt-BR\">Est\u00e3o isentos do ressarcimento previsto no <\/span><span lang=\"pt-BR\"><i>caput<\/i><\/span><span lang=\"pt-BR\"> deste artigo: sindicatos, associa\u00e7\u00e3o de classe representativa de servidores e\/ou magistrados, e cooperativas de servidores e\/ou magistrados.<\/span><\/p>\n<p align=\"justify\"><span lang=\"pt-BR\"><strong>\u00a72\u00ba <\/strong><\/span><span lang=\"pt-BR\">O ressarcimento ao er\u00e1rio mencionado no <\/span><span lang=\"pt-BR\"><i>caput <\/i><\/span><span lang=\"pt-BR\">deste artigo corresponder\u00e1 a 0,15% (quinze cent\u00e9simos por cento) do valor total do desconto mensal consignado na folha de pagamento de servidores e magistrados.<\/span><\/p>\n<p align=\"justify\"><span lang=\"pt-BR\"><strong>\u00a73\u00ba <\/strong><\/span><span lang=\"pt-BR\">O valor do ressarcimento mensal previsto no par\u00e1grafo anterior ser\u00e1 descontado do cr\u00e9dito a repassar \u00e0s consignat\u00e1rias pela Coordenadoria de Pagamento de Pessoal.<\/span><\/p>\n<p align=\"justify\"><span lang=\"pt-BR\"><strong>Art. 19.<\/strong><\/span><span lang=\"pt-BR\"> A consigna\u00e7\u00e3o em folha de pagamento n\u00e3o implicar\u00e1 corresponsabilidade do Poder Judici\u00e1rio (consignante) pelos compromissos assumidos pelos consignados junto \u00e0s consignat\u00e1rias.<\/span><\/p>\n<p align=\"justify\"><span lang=\"pt-BR\"><strong>Art. 20.<\/strong><\/span><span lang=\"pt-BR\"> Havendo desconto n\u00e3o autorizado pelo consignado, a consignat\u00e1ria ficar\u00e1 respons\u00e1vel pelo imediato ressarcimento, n\u00e3o podendo exceder a 48 (quarenta e oito) horas.<\/span><\/p>\n<p align=\"justify\"><span lang=\"pt-BR\"><strong>\u00a71\u00ba <\/strong><\/span><span lang=\"pt-BR\">N\u00e3o havendo o ressarcimento na forma do <\/span><span lang=\"pt-BR\"><i>caput<\/i><\/span><span lang=\"pt-BR\"> deste artigo, o valor ser\u00e1 retido no momento de repasse dos valores referentes \u00e0s demais consigna\u00e7\u00f5es devidas \u00e0 consignat\u00e1ria e creditado ao consignado.<\/span><\/p>\n<p align=\"justify\"><span lang=\"pt-BR\"><strong>\u00a72\u00ba <\/strong><\/span><span lang=\"pt-BR\">Decorrido o prazo mencionado no <\/span><span lang=\"pt-BR\"><i>caput<\/i><\/span><span lang=\"pt-BR\"> deste artigo e n\u00e3o havendo o ressarcimento a consignat\u00e1ria ser\u00e1 suspensa.<\/span><\/p>\n<p align=\"justify\"><span lang=\"pt-BR\"><strong>\u00a73\u00ba <\/strong><\/span><span lang=\"pt-BR\">O ressarcimento previsto no <\/span><span lang=\"pt-BR\"><i>caput<\/i><\/span><span lang=\"pt-BR\"> e no \u00a71\u00ba e a suspens\u00e3o mencionada no \u00a72\u00ba deste artigo n\u00e3o isentam a consignat\u00e1ria da aplica\u00e7\u00e3o de outras penalidades previstas nesta Resolu\u00e7\u00e3o.<\/span><\/p>\n<p align=\"justify\"><span lang=\"pt-BR\"><strong>Art. 21<\/strong><\/span><span lang=\"pt-BR\">. Fica proibida a cess\u00e3o, transfer\u00eancia, venda ou aluguel do credenciamento para operar com consigna\u00e7\u00e3o em folha de pagamento, prevista nesta Resolu\u00e7\u00e3o.<\/span><\/p>\n<p align=\"justify\"><span lang=\"pt-BR\"><strong>Par\u00e1grafo \u00fanico. <\/strong><\/span><span lang=\"pt-BR\">A consignat\u00e1ria que transgredir as proibi\u00e7\u00f5es contidas no <\/span><span lang=\"pt-BR\"><i>caput<\/i><\/span><span lang=\"pt-BR\"> deste artigo sofrer\u00e1 a san\u00e7\u00e3o prevista no inciso II do art. 22.<\/span><\/p>\n<p align=\"justify\"><span lang=\"pt-BR\"><strong>Art. 22. <\/strong><\/span><span lang=\"pt-BR\">O descumprimento de obriga\u00e7\u00f5es previstas nesta Resolu\u00e7\u00e3o ou em instru\u00e7\u00f5es expedidas pelos gestores de folhas de pagamento poder\u00e1 culminar, sem preju\u00edzo de outras previstas em lei, nas seguintes san\u00e7\u00f5es, aplicadas pelo Secret\u00e1rio Geral:<\/span><\/p>\n<p align=\"justify\"><span lang=\"pt-BR\"><strong>I \u2013<\/strong><\/span><span lang=\"pt-BR\"> desativa\u00e7\u00e3o tempor\u00e1ria;<\/span><\/p>\n<p align=\"justify\"><span lang=\"pt-BR\"><strong>II \u2013 <\/strong><\/span><span lang=\"pt-BR\">descredenciamento.<\/span><\/p>\n<p align=\"justify\"><span lang=\"pt-BR\"><strong>\u00a71\u00ba <\/strong><\/span><span lang=\"pt-BR\">A desativa\u00e7\u00e3o tempor\u00e1ria ser\u00e1 aplicada por prazo determinado, n\u00e3o inferior ao per\u00edodo de uma folha de pagamento, e impedir\u00e1 o processamento de novas consigna\u00e7\u00f5es at\u00e9 que seja regularizada a situa\u00e7\u00e3o que ensejou sua aplica\u00e7\u00e3o.<\/span><\/p>\n<p align=\"justify\"><span lang=\"pt-BR\"><strong>\u00a72\u00ba <\/strong><\/span><span lang=\"pt-BR\">A consignat\u00e1ria ser\u00e1 descredenciada quando n\u00e3o promover, em at\u00e9 180 (cento e oitenta) dias, a regulariza\u00e7\u00e3o da situa\u00e7\u00e3o que ensejou sua desativa\u00e7\u00e3o tempor\u00e1ria, ou quando houver prestado declara\u00e7\u00e3o falsa com finalidade de criar obriga\u00e7\u00e3o ou alterado a verdade sobre fato juridicamente relevante.<\/span><\/p>\n<p align=\"justify\"><span lang=\"pt-BR\"><strong>I \u2013 <\/strong><\/span><span lang=\"pt-BR\">o descredenciamento impedir\u00e1 o processamento de qualquer opera\u00e7\u00e3o de consigna\u00e7\u00e3o.<\/span><\/p>\n<p align=\"justify\"><span lang=\"pt-BR\"><strong>II \u2013 <\/strong><\/span><span lang=\"pt-BR\">a consignat\u00e1ria descredenciada ficar\u00e1 impedida de solicitar novo credenciamento e firmar novo contrato com o respons\u00e1vel pela operacionaliza\u00e7\u00e3o das consigna\u00e7\u00f5es por um per\u00edodo de:<\/span><\/p>\n<p align=\"justify\"><span lang=\"pt-BR\"><strong>a) <\/strong><\/span><span lang=\"pt-BR\">um ano, na hip\u00f3tese de n\u00e3o regulariza\u00e7\u00e3o no prazo de 180 dias (\u00a72\u00ba, primeira parte);<\/span><\/p>\n<p align=\"justify\"><span lang=\"pt-BR\"><strong>b) <\/strong><\/span><span lang=\"pt-BR\">cinco anos, na hip\u00f3tese de falsidade (\u00a72\u00ba, parte final).<\/span><\/p>\n<p align=\"justify\"><span lang=\"pt-BR\"><strong>\u00a73\u00ba <\/strong><\/span><span lang=\"pt-BR\">As penalidades a serem aplicadas em desfavor das consignat\u00e1rias n\u00e3o afetar\u00e3o as consigna\u00e7\u00f5es j\u00e1 contratadas e que estejam de acordo com o que preceitua esta Resolu\u00e7\u00e3o, que continuar\u00e3o a ser descontadas em folha de pagamento at\u00e9 sua integral liquida\u00e7\u00e3o.<\/span><\/p>\n<p align=\"justify\"><span lang=\"pt-BR\"><strong>Art. 23.<\/strong><\/span><span lang=\"pt-BR\"> As consignat\u00e1rias ficam obrigadas a promover no Sistema Digital de Consigna\u00e7\u00f5es os registros e as atualiza\u00e7\u00f5es do Custo Efetivo Total &#8211; CET, calculado conforme regulamenta\u00e7\u00e3o do Banco Central do Brasil.<\/span><\/p>\n<p align=\"justify\"><span lang=\"pt-BR\"><strong>\u00a71\u00ba <\/strong><\/span><span lang=\"pt-BR\">A vig\u00eancia do CET de empr\u00e9stimos ter\u00e1 efeito a partir do 1\u00ba dia \u00fatil ap\u00f3s a data do registro efetuado no Sistema Digital de Consigna\u00e7\u00f5es.<\/span><\/p>\n<p align=\"justify\"><span lang=\"pt-BR\"><strong>\u00a72\u00ba <\/strong><\/span><span lang=\"pt-BR\">Em hip\u00f3tese alguma ser\u00e1 permitido registro de contrato de empr\u00e9stimo com valor de CET superior ao publicado pela consignat\u00e1ria no Sistema Digital de Consigna\u00e7\u00f5es.<\/span><\/p>\n<p align=\"justify\"><span lang=\"pt-BR\"><strong>Art. 24. <\/strong><\/span><span lang=\"pt-BR\">As taxas m\u00e1ximas de juros, nos casos de empr\u00e9stimos consignados, obedecer\u00e3o \u00e0quelas fixadas pelo Minist\u00e9rio do Planejamento, Or\u00e7amento e Gest\u00e3o para os servidores da Administra\u00e7\u00e3o P\u00fablica Federal, nos termos do art. 4\u00ba, \u00a73\u00ba, II, do Decreto Federal n\u00ba 8.690\/2016.<\/span><\/p>\n<p align=\"justify\"><span lang=\"pt-BR\"><strong>Art. 25.<\/strong><\/span><span lang=\"pt-BR\"> As reclama\u00e7\u00f5es referentes ao n\u00e3o cumprimento das normas estabelecidas ou reclama\u00e7\u00f5es prestadas por consignados, dever\u00e3o ser encaminhadas ao Secret\u00e1rio Geral, por escrito, devidamente fundamentadas, garantindo-se sempre o amplo direito de defesa.<\/span><\/p>\n<p align=\"justify\"><span lang=\"pt-BR\"><strong>Art. 26.<\/strong><\/span><span lang=\"pt-BR\"> A Secretaria Geral editar\u00e1 atos complementares, necess\u00e1rios ao fiel cumprimento desta Resolu\u00e7\u00e3o.<\/span><\/p>\n<p align=\"justify\"><span lang=\"pt-BR\"><strong>Par\u00e1grafo \u00fanico. <\/strong><\/span><span lang=\"pt-BR\">O disposto no <\/span><span lang=\"pt-BR\"><i>caput <\/i><\/span><span lang=\"pt-BR\">deste artigo poder\u00e1 ser delegado.<\/span><\/p>\n<p align=\"justify\"><span lang=\"pt-BR\"><strong>Art. 27.<\/strong><\/span><span lang=\"pt-BR\"> Ficam os gestores de folha de pagamento autorizados, no \u00e2mbito de suas atribui\u00e7\u00f5es, a expedir instru\u00e7\u00f5es necess\u00e1rias \u00e0 execu\u00e7\u00e3o de procedimentos para inser\u00e7\u00e3o de consigna\u00e7\u00f5es em folha de pagamento.<\/span><\/p>\n<p align=\"justify\"><span lang=\"pt-BR\"><strong>Art. 28<\/strong><\/span><span lang=\"pt-BR\">. Ficam revogadas a Resolu\u00e7\u00e3o TJES n\u00ba 23\/2018 (Di\u00e1rio da Justi\u00e7a Eletr\u00f4nico 28.06.2018), e as demais disposi\u00e7\u00f5es em contr\u00e1rio.<\/span><\/p>\n<p align=\"justify\"><span lang=\"pt-BR\"><strong>Art. 29. <\/strong><\/span><span lang=\"pt-BR\">Os casos omissos e as d\u00favidas que surjam poder\u00e3o ser levados \u00e0 considera\u00e7\u00e3o da Assessoria Jur\u00eddica da Presid\u00eancia.<\/span><\/p>\n<p><span lang=\"pt-BR\"><strong>Art. 30.<\/strong><\/span><span lang=\"pt-BR\"> Esta Resolu\u00e7\u00e3o entra em vigor na data de sua publica\u00e7\u00e3o, concedendo \u00e0s \u00e1reas respons\u00e1veis pelas altera\u00e7\u00f5es de procedimentos e sistemas de inform\u00e1tica o prazo de 45 (quarenta e cinco) dias para ajustes.<\/span><\/p>\n<p><span lang=\"pt-BR\">Publique-se.<\/span><\/p>\n<p align=\"center\"><span lang=\"pt-BR\">Vit\u00f3ria, 27 de agosto\u00a0<\/span><span lang=\"pt-BR\">de 2018.<\/span><\/p>\n<p align=\"center\">\n<p align=\"center\"><span lang=\"en-US\"><strong>Des. S\u00c9RGIO LUIZ TEIXEIRA GAMA<\/strong><\/span><\/p>\n<p align=\"center\"><span lang=\"pt-BR\"><strong>Presidente<\/strong><\/span><\/p>\n<p align=\"center\"><span lang=\"pt-BR\"><strong><a href=\"https:\/\/sistemas.tjes.jus.br\/ediario\/images\/RESOLU%C3%87%C3%83O_n%C2%BA_29.pdf\" target=\"_blank\" rel=\"noopener\">ANEXO \u00daNICO &#8211; MINUTA DE CONTRATO (CLIQUE AQUI)<\/a><\/strong><\/span><\/p>\n","protected":false},"excerpt":{"rendered":"<p>Poder Judici\u00e1rio do Estado do Esp\u00edrito Santo Tribunal de Justi\u00e7a RESOLU\u00c7\u00c3O n\u00ba 29\/2018 Regulamenta o procedimento de consigna\u00e7\u00e3o em folha de pagamento no \u00e2mbito do Poder Judici\u00e1rio do Estado do Esp\u00edrito Santo. O Presidente do Egr\u00e9gio Tribunal de Justi\u00e7a do Estado do Esp\u00edrito Santo, no uso de suas atribui\u00e7\u00f5es legais e regimentais e, conforme decis\u00e3o [&hellip;]<\/p>\n","protected":false},"author":9,"featured_media":0,"comment_status":"open","ping_status":"open","sticky":false,"template":"","format":"standard","meta":{"footnotes":""},"categories":[13],"tags":[],"_links":{"self":[{"href":"https:\/\/www.tjes.jus.br\/corregedoria\/wp-json\/wp\/v2\/posts\/24888"}],"collection":[{"href":"https:\/\/www.tjes.jus.br\/corregedoria\/wp-json\/wp\/v2\/posts"}],"about":[{"href":"https:\/\/www.tjes.jus.br\/corregedoria\/wp-json\/wp\/v2\/types\/post"}],"author":[{"embeddable":true,"href":"https:\/\/www.tjes.jus.br\/corregedoria\/wp-json\/wp\/v2\/users\/9"}],"replies":[{"embeddable":true,"href":"https:\/\/www.tjes.jus.br\/corregedoria\/wp-json\/wp\/v2\/comments?post=24888"}],"version-history":[{"count":1,"href":"https:\/\/www.tjes.jus.br\/corregedoria\/wp-json\/wp\/v2\/posts\/24888\/revisions"}],"predecessor-version":[{"id":24889,"href":"https:\/\/www.tjes.jus.br\/corregedoria\/wp-json\/wp\/v2\/posts\/24888\/revisions\/24889"}],"wp:attachment":[{"href":"https:\/\/www.tjes.jus.br\/corregedoria\/wp-json\/wp\/v2\/media?parent=24888"}],"wp:term":[{"taxonomy":"category","embeddable":true,"href":"https:\/\/www.tjes.jus.br\/corregedoria\/wp-json\/wp\/v2\/categories?post=24888"},{"taxonomy":"post_tag","embeddable":true,"href":"https:\/\/www.tjes.jus.br\/corregedoria\/wp-json\/wp\/v2\/tags?post=24888"}],"curies":[{"name":"wp","href":"https:\/\/api.w.org\/{rel}","templated":true}]}}