{"id":25003,"date":"2018-09-17T14:15:26","date_gmt":"2018-09-17T17:15:26","guid":{"rendered":"https:\/\/www.tjes.jus.br\/corregedoria\/?p=25003"},"modified":"2018-10-17T12:40:41","modified_gmt":"2018-10-17T15:40:41","slug":"ato-normativo-no-157-2018-disp-17-09-2018","status":"publish","type":"post","link":"https:\/\/www.tjes.jus.br\/corregedoria\/2018\/09\/17\/ato-normativo-no-157-2018-disp-17-09-2018\/","title":{"rendered":"ATO NORMATIVO N\u00ba 157\/2018 \u2013 DISP. 17\/09\/2018 &#8211; REPUBLICADO"},"content":{"rendered":"<h1 align=\"center\"><span style=\"color: #ff0000;\"><strong>REPUBLICADO EM 17\/10\/2018 POR HAVER INCORRE\u00c7\u00c3O (<a href=\"https:\/\/www.tjes.jus.br\/corregedoria\/2018\/10\/17\/ato-normativo-no-157-2018-disp-17-10-2018-republicacao\/\">CLIQUE AQUI<\/a>)<\/strong><\/span><\/h1>\n<p align=\"center\"><del><strong>ESTADO DO ESP\u00cdRITO SANTO<\/strong><\/del><\/p>\n<p align=\"center\"><del><strong>PODER JUDICI\u00c1RIO<\/strong><\/del><\/p>\n<p align=\"center\"><del><strong>TRIBUNAL DE JUSTI\u00c7A<\/strong><\/del><\/p>\n<p align=\"center\"><del><strong>ATO NORMATIVO N\u00ba 157\/2018<\/strong><\/del><\/p>\n<p align=\"justify\"><del>Altera\u00e7\u00e3o da Composi\u00e7\u00e3o da Comiss\u00e3o de Seguran\u00e7a Institucional do Tribunal de Justi\u00e7a do Esp\u00edrito Santo.<\/del><\/p>\n<p align=\"justify\"><del>O Excelent\u00edssimo Senhor Desembargador S\u00c9RGIO LUIZ TEXEIRA GAMA, DD. Presidente do Egr\u00e9gio Tribunal de Justi\u00e7a do Esp\u00edrito Santo, no uso de suas atribui\u00e7\u00f5es legais e regimentais, com base na Resolu\u00e7\u00e3o n\u00b027\/2012, que instituiu a Comiss\u00e3o de Seguran\u00e7a Institucional (CSI) no \u00e2mbito do Poder Judici\u00e1rio do Estado do Esp\u00edrito Santo, e com base, ainda, na indica\u00e7\u00e3o efetuada pelo Comando Geral da Pol\u00edcia Militar,<\/del><\/p>\n<p align=\"justify\"><del>RESOLVE:<\/del><\/p>\n<p align=\"justify\"><del>Art. 1\u00b0 &#8211; Alterar a composi\u00e7\u00e3o da Comiss\u00e3o de Seguran\u00e7a Institucional do Poder Judici\u00e1rio do Estado do Esp\u00edrito Santo, passando a mesma a funcionar com os seguintes membros:<\/del><\/p>\n<p align=\"justify\"><del>Desembargador ROBSON LUIZ ALBANEZ \u2013 Presidente;<\/del><\/p>\n<p align=\"justify\"><del>Juiz de Direito ELIAZER COSTA VIEIRA \u2013 Indicado pelo Presidente da Comiss\u00e3o de Seguran\u00e7a Institucional;<\/del><\/p>\n<p align=\"justify\"><del>Tenente Coronel ROGER DE OLIVEIRA ALMEIDA \u2013 Indicado pela Pol\u00edcia Militar;<\/del><\/p>\n<p align=\"justify\"><del>Coronel ANDR\u00c9 C\u00d3 SILVA \u2013 Indicado pelo Corpo de Bombeiros Militar.<\/del><\/p>\n<p align=\"center\"><del>PUBLIQUE-SE<\/del><\/p>\n<p align=\"center\"><del>Vit\u00f3ria, 14 de setembro de 2018<\/del><\/p>\n<p align=\"center\"><del>DES. S\u00c9RGIO LUIZ TEIXEIRA GAMA<\/del><\/p>\n<p align=\"center\"><del>PRESIDENTE<\/del><\/p>\n","protected":false},"excerpt":{"rendered":"<p>REPUBLICADO EM 17\/10\/2018 POR HAVER INCORRE\u00c7\u00c3O (CLIQUE AQUI) ESTADO DO ESP\u00cdRITO SANTO PODER JUDICI\u00c1RIO TRIBUNAL DE JUSTI\u00c7A ATO NORMATIVO N\u00ba 157\/2018 Altera\u00e7\u00e3o da Composi\u00e7\u00e3o da Comiss\u00e3o de Seguran\u00e7a Institucional do Tribunal de Justi\u00e7a do Esp\u00edrito Santo. O Excelent\u00edssimo Senhor Desembargador S\u00c9RGIO LUIZ TEXEIRA GAMA, DD. Presidente do Egr\u00e9gio Tribunal de Justi\u00e7a do Esp\u00edrito Santo, no [&hellip;]<\/p>\n","protected":false},"author":8,"featured_media":0,"comment_status":"open","ping_status":"open","sticky":false,"template":"","format":"standard","meta":{"footnotes":""},"categories":[4],"tags":[],"_links":{"self":[{"href":"https:\/\/www.tjes.jus.br\/corregedoria\/wp-json\/wp\/v2\/posts\/25003"}],"collection":[{"href":"https:\/\/www.tjes.jus.br\/corregedoria\/wp-json\/wp\/v2\/posts"}],"about":[{"href":"https:\/\/www.tjes.jus.br\/corregedoria\/wp-json\/wp\/v2\/types\/post"}],"author":[{"embeddable":true,"href":"https:\/\/www.tjes.jus.br\/corregedoria\/wp-json\/wp\/v2\/users\/8"}],"replies":[{"embeddable":true,"href":"https:\/\/www.tjes.jus.br\/corregedoria\/wp-json\/wp\/v2\/comments?post=25003"}],"version-history":[{"count":4,"href":"https:\/\/www.tjes.jus.br\/corregedoria\/wp-json\/wp\/v2\/posts\/25003\/revisions"}],"predecessor-version":[{"id":25244,"href":"https:\/\/www.tjes.jus.br\/corregedoria\/wp-json\/wp\/v2\/posts\/25003\/revisions\/25244"}],"wp:attachment":[{"href":"https:\/\/www.tjes.jus.br\/corregedoria\/wp-json\/wp\/v2\/media?parent=25003"}],"wp:term":[{"taxonomy":"category","embeddable":true,"href":"https:\/\/www.tjes.jus.br\/corregedoria\/wp-json\/wp\/v2\/categories?post=25003"},{"taxonomy":"post_tag","embeddable":true,"href":"https:\/\/www.tjes.jus.br\/corregedoria\/wp-json\/wp\/v2\/tags?post=25003"}],"curies":[{"name":"wp","href":"https:\/\/api.w.org\/{rel}","templated":true}]}}