{"id":2505,"date":"2016-06-20T18:48:12","date_gmt":"2016-06-20T21:48:12","guid":{"rendered":"https:\/\/www.tjes.jus.br\/corregedoria\/?p=2505"},"modified":"2017-05-18T14:57:19","modified_gmt":"2017-05-18T17:57:19","slug":"ato-normativo-no-0242014-disp-03022014","status":"publish","type":"post","link":"https:\/\/www.tjes.jus.br\/corregedoria\/2016\/06\/20\/ato-normativo-no-0242014-disp-03022014\/","title":{"rendered":"ATO NORMATIVO N\u00ba 024\/2014 &#8211; DISP. 03\/02\/2014"},"content":{"rendered":"<p style=\"text-align: center;\"><strong>ESTADO DO ESP\u00cdRITO SANTO<\/strong><\/p>\n<p style=\"text-align: center;\"><strong>PODER JUDICI\u00c1RIO<\/strong><\/p>\n<p style=\"text-align: center;\"><strong>TRIBUNAL DE JUSTI\u00c7A<\/strong><\/p>\n<p style=\"text-align: center;\"><strong>ATO NORMATIVO N\u00ba 024\/2014<\/strong><\/p>\n<p style=\"text-align: justify;\"><em>Altera o Ato Normativo TJES n\u00ba 28\/2012<\/em><\/p>\n<p style=\"text-align: justify;\"><strong>O PRESIDENTE DO TRIBUNAL DE JUSTI\u00c7A DO ESTADO DO ESP\u00cdRITO SANTO, no uso de suas atribui\u00e7\u00f5es legais e,<\/strong><\/p>\n<p style=\"text-align: justify;\"><strong>CONSIDERANDO<\/strong> a aprova\u00e7\u00e3o do Parecer n\u00ba 02\/2013 &#8211; SCI\/Presi\/CNJ pelo Plen\u00e1rio do Conselho Nacional de Justi\u00e7a (CNJ), em sess\u00e3o realizada no dia 17\/12\/2013, no Acompanhamento do Cumprimento de Decis\u00e3o n\u00ba 0201047-40.2009.2.00.0000;<\/p>\n<p style=\"text-align: justify;\"><strong>CONSIDERANDO<\/strong> que o referido Parecer, no subitem 7, II, c, estabelece que a unidade de controle interno deve se abster de exercer atividades pr\u00f3prias e t\u00edpicas de gest\u00e3o;<\/p>\n<p style=\"text-align: justify;\"><strong>RESOLVE:<\/strong><\/p>\n<p style=\"text-align: justify;\"><strong>Art. 1\u00ba<\/strong> Revogar o inciso V do art. 2\u00ba do <a href=\"https:\/\/www.tjes.jus.br\/corregedoria\/index.php\/2017\/05\/18\/ato-normativo-no-0282012-disp-02032012-alterado\/\" target=\"_blank\">Ato Normativo TJES n\u00ba 28\/2012<\/a>.<\/p>\n<p style=\"text-align: justify;\"><strong>Art. 2\u00ba<\/strong> Este Ato Normativo entra em vigor na data de sua publica\u00e7\u00e3o.<\/p>\n<p style=\"text-align: justify;\">Vit\u00f3ria, 31 de janeiro de 2014.<\/p>\n<p style=\"text-align: center;\"><strong>DESEMBARGADOR S\u00c9RGIO BIZZOTTO PESSOA DE MENDON\u00c7A<br \/>\nPRESIDENTE DO TRIBUNAL DE JUSTI\u00c7A DO ESTADO DO ESP\u00cdRITO SANTO<\/strong><\/p>\n","protected":false},"excerpt":{"rendered":"<p>ESTADO DO ESP\u00cdRITO SANTO PODER JUDICI\u00c1RIO TRIBUNAL DE JUSTI\u00c7A ATO NORMATIVO N\u00ba 024\/2014 Altera o Ato Normativo TJES n\u00ba 28\/2012 O PRESIDENTE DO TRIBUNAL DE JUSTI\u00c7A DO ESTADO DO ESP\u00cdRITO SANTO, no uso de suas atribui\u00e7\u00f5es legais e, CONSIDERANDO a aprova\u00e7\u00e3o do Parecer n\u00ba 02\/2013 &#8211; SCI\/Presi\/CNJ pelo Plen\u00e1rio do Conselho Nacional de Justi\u00e7a (CNJ), [&hellip;]<\/p>\n","protected":false},"author":1,"featured_media":0,"comment_status":"open","ping_status":"open","sticky":false,"template":"","format":"standard","meta":{"footnotes":""},"categories":[4,14],"tags":[],"_links":{"self":[{"href":"https:\/\/www.tjes.jus.br\/corregedoria\/wp-json\/wp\/v2\/posts\/2505"}],"collection":[{"href":"https:\/\/www.tjes.jus.br\/corregedoria\/wp-json\/wp\/v2\/posts"}],"about":[{"href":"https:\/\/www.tjes.jus.br\/corregedoria\/wp-json\/wp\/v2\/types\/post"}],"author":[{"embeddable":true,"href":"https:\/\/www.tjes.jus.br\/corregedoria\/wp-json\/wp\/v2\/users\/1"}],"replies":[{"embeddable":true,"href":"https:\/\/www.tjes.jus.br\/corregedoria\/wp-json\/wp\/v2\/comments?post=2505"}],"version-history":[{"count":3,"href":"https:\/\/www.tjes.jus.br\/corregedoria\/wp-json\/wp\/v2\/posts\/2505\/revisions"}],"predecessor-version":[{"id":15373,"href":"https:\/\/www.tjes.jus.br\/corregedoria\/wp-json\/wp\/v2\/posts\/2505\/revisions\/15373"}],"wp:attachment":[{"href":"https:\/\/www.tjes.jus.br\/corregedoria\/wp-json\/wp\/v2\/media?parent=2505"}],"wp:term":[{"taxonomy":"category","embeddable":true,"href":"https:\/\/www.tjes.jus.br\/corregedoria\/wp-json\/wp\/v2\/categories?post=2505"},{"taxonomy":"post_tag","embeddable":true,"href":"https:\/\/www.tjes.jus.br\/corregedoria\/wp-json\/wp\/v2\/tags?post=2505"}],"curies":[{"name":"wp","href":"https:\/\/api.w.org\/{rel}","templated":true}]}}