{"id":25064,"date":"2018-09-19T12:48:36","date_gmt":"2018-09-19T15:48:36","guid":{"rendered":"https:\/\/www.tjes.jus.br\/corregedoria\/?p=25064"},"modified":"2018-09-19T12:51:43","modified_gmt":"2018-09-19T15:51:43","slug":"25064","status":"publish","type":"post","link":"https:\/\/www.tjes.jus.br\/corregedoria\/2018\/09\/19\/25064\/","title":{"rendered":"Esp\u00edrito Santo ser\u00e1 o primeiro Estado a implantar o Novo Cadastro Nacional de Ado\u00e7\u00e3o"},"content":{"rendered":"<div class=\"intro-text\">\n<p style=\"text-align: justify;\">Servidores do Poder Judici\u00e1rio Estadual participam nesta segunda-feira (17) de um curso sobre o novo Cadastro Nacional de Ado\u00e7\u00e3o e Acolhimento de Crian\u00e7as e Adolescentes, do Conselho Nacional de Justi\u00e7a (CNJ). Cerca de 20 participantes, que atuam na \u00e1rea da inf\u00e2ncia e da Juventude, vieram dos Ju\u00edzos de Vit\u00f3ria, Serra, Cariacica, Vila Velha, Fund\u00e3o, Viana, Cachoeiro de Itapemirim, Linhares, Santa Maria de Jetib\u00e1 e Anchieta para aprenderem a usar as novas funcionalidades do sistema. Outras duas edi\u00e7\u00f5es do curso acontecem nas pr\u00f3ximas sexta-feira (22) e segunda-feira (24).<\/p>\n<\/div>\n<div class=\"pf-content\">\n<p style=\"text-align: justify;\">A instrutora Isabely Fontana da Mota, que atua na Comiss\u00e3o Estadual Judici\u00e1ria de Ado\u00e7\u00e3o (CEJA), explicou que a maioria dos servidores j\u00e1 est\u00e1 bastante familiarizada com a plataforma, pois ela \u00e9 baseada no Sistema de Informa\u00e7\u00e3o e Ger\u00eancia da Ado\u00e7\u00e3o e Acolhimento do Estado, o SIGA\/ES, que funciona h\u00e1 mais de 10 anos. Portanto, o curso ser\u00e1 baseado nas novas funcionalidades implantadas para atender a todos os tribunais, tendo em vista que cada estado tem as suas particularidades, a sua forma de trabalhar.<\/p>\n<p><img loading=\"lazy\" decoding=\"async\" class=\"aligncenter size-full wp-image-92341\" src=\"https:\/\/www.tjes.jus.br\/wp-content\/uploads\/INT_170918_cadastro_nac_adocao_787.jpg\" sizes=\"(max-width: 787px) 100vw, 787px\" srcset=\"https:\/\/www.tjes.jus.br\/wp-content\/uploads\/INT_170918_cadastro_nac_adocao_787.jpg 787w, https:\/\/www.tjes.jus.br\/wp-content\/uploads\/INT_170918_cadastro_nac_adocao_787-300x200.jpg 300w\" alt=\"\" width=\"787\" height=\"525\" \/><\/p>\n<p style=\"text-align: justify;\">Atualmente, o sistema est\u00e1 funcionando em Comarcas Piloto: s\u00e3o 02 Varas no Esp\u00edrito Santo (Colatina e Cariacica), 03 Varas em Rond\u00f4nia, 02 Varas em S\u00e3o Paulo, 02 Varas na Bahia e 02 Varas no Paran\u00e1. Ap\u00f3s a realiza\u00e7\u00e3o dos treinamentos, o sistema vai ser implantado nas outras Comarcas do ES, portanto, o estado ser\u00e1 o primeiro a implantar o novo sistema. Isabely tamb\u00e9m contou que depois dessa implementa\u00e7\u00e3o, o sistema vai ser migrado para o CNJ e definido o cronograma de implanta\u00e7\u00e3o para os outros estados.<\/p>\n<p style=\"text-align: justify;\">O novo Cadastro Nacional de Ado\u00e7\u00e3o (CNA) foi lan\u00e7ado em Bras\u00edlia, no dia 20 de agosto, pela Corregedoria Nacional de Justi\u00e7a, com o prop\u00f3sito de facilitar a ado\u00e7\u00e3o de crian\u00e7as que aguardam por uma fam\u00edlia em institui\u00e7\u00f5es de acolhimento de todo o Brasil. A ideia central do programa \u00e9 colocar sempre a crian\u00e7a como sujeito principal do processo, para que se permita a busca de uma fam\u00edlia para ela, e n\u00e3o o contr\u00e1rio.<\/p>\n<p style=\"text-align: justify;\">Entre os avan\u00e7os do novo Cadastro Nacional de Ado\u00e7\u00e3o, est\u00e3o: busca inteligente (varredura autom\u00e1tica di\u00e1ria entre perfil de crian\u00e7as e pretendentes, informando ao juiz); emiss\u00e3o de alertas para a Corregedoria em caso de demora nos prazos dos processos com crian\u00e7as acolhidas; cadastro din\u00e2mico, com atualiza\u00e7\u00e3o facilitada e acesso dos pretendentes por login e senha; busca de dados aproximados do perfil escolhido para ampliar as possibilidades de ado\u00e7\u00e3o; e integra\u00e7\u00e3o do CNA com o Cadastro Nacional de Crian\u00e7as Acolhidas (CNCA), entre outros.<\/p>\n<p>Vit\u00f3ria, 17 de setembro de 2018.<\/p>\n<p><strong>Informa\u00e7\u00f5es \u00e0 imprensa<\/strong><\/p>\n<p>Assessoria de Imprensa e Comunica\u00e7\u00e3o Social do TJES<br \/>\nTexto: Elza Silva | <a href=\"mailto:elcrsilva@tjes.jus.br\">elcrsilva@tjes.jus.br<\/a><\/p>\n<p>Andr\u00e9a Resende<br \/>\nAssessora de Comunica\u00e7\u00e3o do TJES<\/p>\n<p><a href=\"mailto:imprensa@tjes.jus.br\">imprensa@tjes.jus.br<\/a><br \/>\nwww.tjes.jus.br<\/p>\n<\/div>\n","protected":false},"excerpt":{"rendered":"<p>Servidores do Poder Judici\u00e1rio Estadual participam nesta segunda-feira (17) de um curso sobre o novo Cadastro Nacional de Ado\u00e7\u00e3o e Acolhimento de Crian\u00e7as e Adolescentes, do Conselho Nacional de Justi\u00e7a (CNJ). Cerca de 20 participantes, que atuam na \u00e1rea da inf\u00e2ncia e da Juventude, vieram dos Ju\u00edzos de Vit\u00f3ria, Serra, Cariacica, Vila Velha, Fund\u00e3o, Viana, [&hellip;]<\/p>\n","protected":false},"author":8,"featured_media":25065,"comment_status":"open","ping_status":"open","sticky":false,"template":"","format":"standard","meta":{"footnotes":""},"categories":[1],"tags":[],"_links":{"self":[{"href":"https:\/\/www.tjes.jus.br\/corregedoria\/wp-json\/wp\/v2\/posts\/25064"}],"collection":[{"href":"https:\/\/www.tjes.jus.br\/corregedoria\/wp-json\/wp\/v2\/posts"}],"about":[{"href":"https:\/\/www.tjes.jus.br\/corregedoria\/wp-json\/wp\/v2\/types\/post"}],"author":[{"embeddable":true,"href":"https:\/\/www.tjes.jus.br\/corregedoria\/wp-json\/wp\/v2\/users\/8"}],"replies":[{"embeddable":true,"href":"https:\/\/www.tjes.jus.br\/corregedoria\/wp-json\/wp\/v2\/comments?post=25064"}],"version-history":[{"count":4,"href":"https:\/\/www.tjes.jus.br\/corregedoria\/wp-json\/wp\/v2\/posts\/25064\/revisions"}],"predecessor-version":[{"id":25069,"href":"https:\/\/www.tjes.jus.br\/corregedoria\/wp-json\/wp\/v2\/posts\/25064\/revisions\/25069"}],"wp:featuredmedia":[{"embeddable":true,"href":"https:\/\/www.tjes.jus.br\/corregedoria\/wp-json\/wp\/v2\/media\/25065"}],"wp:attachment":[{"href":"https:\/\/www.tjes.jus.br\/corregedoria\/wp-json\/wp\/v2\/media?parent=25064"}],"wp:term":[{"taxonomy":"category","embeddable":true,"href":"https:\/\/www.tjes.jus.br\/corregedoria\/wp-json\/wp\/v2\/categories?post=25064"},{"taxonomy":"post_tag","embeddable":true,"href":"https:\/\/www.tjes.jus.br\/corregedoria\/wp-json\/wp\/v2\/tags?post=25064"}],"curies":[{"name":"wp","href":"https:\/\/api.w.org\/{rel}","templated":true}]}}