{"id":25070,"date":"2018-09-19T13:16:16","date_gmt":"2018-09-19T16:16:16","guid":{"rendered":"https:\/\/www.tjes.jus.br\/corregedoria\/?p=25070"},"modified":"2018-09-19T13:26:09","modified_gmt":"2018-09-19T16:26:09","slug":"juristas-se-manifestam-em-audiencia-publica-sobre-transfusao-de-sangue-em-pacientes-que-discordam-por-motivos-religiosos","status":"publish","type":"post","link":"https:\/\/www.tjes.jus.br\/corregedoria\/2018\/09\/19\/juristas-se-manifestam-em-audiencia-publica-sobre-transfusao-de-sangue-em-pacientes-que-discordam-por-motivos-religiosos\/","title":{"rendered":"Juristas se manifestam em Audi\u00eancia P\u00fablica sobre transfus\u00e3o de sangue em pacientes que discordam por motivos religiosos"},"content":{"rendered":"<p style=\"text-align: justify;\">Mais de 300 pessoas compareceram ao Sal\u00e3o Pleno do Tribunal de Justi\u00e7a do Esp\u00edrito Santo (TJES), nesta ter\u00e7a-feira (18), para participarem de Audi\u00eancia P\u00fablica sobre a possibilidade de transfus\u00e3o de sangue em pacientes capazes, que manifestarem discord\u00e2ncia por motivo de cren\u00e7a religiosa. Pela manh\u00e3, foi realizada uma audi\u00eancia p\u00fablica social, com a participa\u00e7\u00e3o de 16 pessoas, que fizeram relatos de suas experi\u00eancias ou de familiares que optaram por tratamentos alternativos \u00e0 transfus\u00e3o de sangue.<\/p>\n<p><img loading=\"lazy\" decoding=\"async\" class=\"aligncenter  wp-image-92460\" src=\"https:\/\/www.tjes.jus.br\/wp-content\/uploads\/INT_1_180918_audiencia_pub_transfus_sangue_787.jpg\" sizes=\"(max-width: 787px) 100vw, 787px\" srcset=\"https:\/\/www.tjes.jus.br\/wp-content\/uploads\/INT_1_180918_audiencia_pub_transfus_sangue_787.jpg 787w, https:\/\/www.tjes.jus.br\/wp-content\/uploads\/INT_1_180918_audiencia_pub_transfus_sangue_787-300x200.jpg 300w\" alt=\"\" width=\"889\" height=\"564\" \/><\/p>\n<p style=\"text-align: justify;\">Ao final da sess\u00e3o, o desembargador Samuel Meira Brasil J\u00fanior, que \u00e9 o relator do Incidente de Assun\u00e7\u00e3o de Compet\u00eancia n\u00ba 0020701-43.2017.8.0048, em que est\u00e1 sendo conduzida a Audi\u00eancia P\u00fablica, registrou a admira\u00e7\u00e3o e a coragem de todos que participaram da Audi\u00eancia P\u00fablica relatando suas experi\u00eancias, e contribuindo para ampliar o conhecimento sobre o assunto.<\/p>\n<p style=\"text-align: justify;\">J\u00e1 no per\u00edodo da tarde, foram ouvidos 18 especialistas da \u00e1rea jur\u00eddica, em uma audi\u00eancia p\u00fablica t\u00e9cnica, com a presen\u00e7a do desembargador relator e da representante do Minist\u00e9rio P\u00fablico Estadual, In\u00eas Thom\u00e9 Taddei. Os profissionais do Direito elogiaram o Tribunal Pleno por trazer esse tema para o debate nessa Audi\u00eancia P\u00fablica hist\u00f3rica e sem preced\u00eancia no Brasil.<\/p>\n<p style=\"text-align: justify;\">Entre os especialistas, estiveram presentes o advogado do Conselho Federal de Medicina, Allan Cotrim do Nascimento e o advogado da Associa\u00e7\u00e3o Crist\u00e3 das Testemunhas de Jeov\u00e1, Kleber William Barreto.<\/p>\n<p style=\"text-align: justify;\"><img loading=\"lazy\" decoding=\"async\" class=\" wp-image-92461\" src=\"https:\/\/www.tjes.jus.br\/wp-content\/uploads\/INT_180918_audiencia_pub_transfus_sangue_787.jpg\" sizes=\"(max-width: 787px) 100vw, 787px\" srcset=\"https:\/\/www.tjes.jus.br\/wp-content\/uploads\/INT_180918_audiencia_pub_transfus_sangue_787.jpg 787w, https:\/\/www.tjes.jus.br\/wp-content\/uploads\/INT_180918_audiencia_pub_transfus_sangue_787-300x200.jpg 300w\" alt=\"\" width=\"911\" height=\"521\" \/><\/p>\n<p style=\"text-align: justify;\">A audi\u00eancia p\u00fablica teve in\u00edcio na tarde da \u00faltima segunda-feira (17), quando foram ouvidos 21 interessados, sendo a maioria pacientes que deram seus depoimentos. Os trabalhos continuam nessa quarta-feira (19), \u00e0s 14 horas, quando acontece uma Audi\u00eancia P\u00fablica T\u00e9cnica aberta para manifesta\u00e7\u00e3o de especialistas da \u00e1rea m\u00e9dica.<\/p>\n<p style=\"text-align: justify;\">O Incidente de Assun\u00e7\u00e3o de Compet\u00eancia n\u00ba 0020701-43.2017.8.0048 foi acolhido pelo Tribunal Pleno para deslocar a compet\u00eancia do julgamento do recurso da C\u00e2mara para o Tribunal Pleno. Dessa forma, o julgamento final realizado pelo Tribunal Pleno vai produzir um norte a ser seguido por todos os ju\u00edzes do estado e sua decis\u00e3o final, inclusive, ter\u00e1 efic\u00e1cia vinculante perante toda a magistratura do Esp\u00edrito Santo.<\/p>\n<p style=\"text-align: justify;\">Devido ao grande n\u00famero de inscritos para participar das Audi\u00eancias P\u00fablicas sobre a possibilidade de transfus\u00e3o de sangue em pacientes capazes que manifestarem discord\u00e2ncia por motivo de cren\u00e7a religiosa, foram designados tr\u00eas dias para as audi\u00eancias:<\/p>\n<ul style=\"text-align: justify;\">\n<li>17 de setembro (segunda-feira), \u00e0s 14 horas, aberta ao p\u00fablico interessado (pacientes);<\/li>\n<li>18 de setembro (ter\u00e7a-feira), \u00e0s 9 horas, para os demais interessados;<\/li>\n<li>18 de setembro (ter\u00e7a-feira), \u00e0s 14 horas, para especialistas do meio jur\u00eddico;<\/li>\n<li>19 de setembro (quarta-feira), \u00e0s 14 horas, aberta a especialistas (m\u00e9dicos).<\/li>\n<\/ul>\n<p style=\"text-align: justify;\">A rela\u00e7\u00e3o de inscri\u00e7\u00f5es deferidas foi disponibilizada no Di\u00e1rio da Justi\u00e7a do dia 14\/09 e <strong><a href=\"https:\/\/sistemas.tjes.jus.br\/ediario\/index.php\/component\/ediario\/692336?view=content\">pode ser conferida aqui<\/a><\/strong>.<\/p>\n<p style=\"text-align: justify;\">As audi\u00eancias acontecem no Sal\u00e3o Pleno do Tribunal de Justi\u00e7a, localizado na Rua Desembargador Homero Mafra, n\u00ba 60, Enseada do Su\u00e1, em Vit\u00f3ria. As sess\u00f5es s\u00e3o abertas ao p\u00fablico e tamb\u00e9m s\u00e3o transmitidas pelo endere\u00e7o: <strong><a href=\"https:\/\/pt-br.facebook.com\/TJESoficial\/\">https:\/\/pt-br.facebook.com\/TJESoficial\/<\/a>\u00a0<\/strong><\/p>\n<p>&nbsp;<\/p>\n<p>Vit\u00f3ria, 18 de setembro de 2018.<\/p>\n<p><strong>Informa\u00e7\u00f5es \u00e0 imprensa<\/strong><\/p>\n<p>Assessoria de Imprensa e Comunica\u00e7\u00e3o Social do TJES<br \/>\nTexto: Elza Silva | <a href=\"mailto:elcrsilva@tjes.jus.br\">elcrsilva@tjes.jus.br<\/a><\/p>\n<p>Andr\u00e9a Resende<br \/>\nAssessora de Comunica\u00e7\u00e3o do TJES<\/p>\n<p><a href=\"mailto:imprensa@tjes.jus.br\">imprensa@tjes.jus.br<\/a><br \/>\nwww.tjes.jus.br<\/p>\n","protected":false},"excerpt":{"rendered":"<p>Mais de 300 pessoas compareceram ao Sal\u00e3o Pleno do Tribunal de Justi\u00e7a do Esp\u00edrito Santo (TJES), nesta ter\u00e7a-feira (18), para participarem de Audi\u00eancia P\u00fablica sobre a possibilidade de transfus\u00e3o de sangue em pacientes capazes, que manifestarem discord\u00e2ncia por motivo de cren\u00e7a religiosa. Pela manh\u00e3, foi realizada uma audi\u00eancia p\u00fablica social, com a participa\u00e7\u00e3o de 16 [&hellip;]<\/p>\n","protected":false},"author":8,"featured_media":25071,"comment_status":"open","ping_status":"open","sticky":false,"template":"","format":"standard","meta":{"footnotes":""},"categories":[1],"tags":[],"_links":{"self":[{"href":"https:\/\/www.tjes.jus.br\/corregedoria\/wp-json\/wp\/v2\/posts\/25070"}],"collection":[{"href":"https:\/\/www.tjes.jus.br\/corregedoria\/wp-json\/wp\/v2\/posts"}],"about":[{"href":"https:\/\/www.tjes.jus.br\/corregedoria\/wp-json\/wp\/v2\/types\/post"}],"author":[{"embeddable":true,"href":"https:\/\/www.tjes.jus.br\/corregedoria\/wp-json\/wp\/v2\/users\/8"}],"replies":[{"embeddable":true,"href":"https:\/\/www.tjes.jus.br\/corregedoria\/wp-json\/wp\/v2\/comments?post=25070"}],"version-history":[{"count":4,"href":"https:\/\/www.tjes.jus.br\/corregedoria\/wp-json\/wp\/v2\/posts\/25070\/revisions"}],"predecessor-version":[{"id":25075,"href":"https:\/\/www.tjes.jus.br\/corregedoria\/wp-json\/wp\/v2\/posts\/25070\/revisions\/25075"}],"wp:featuredmedia":[{"embeddable":true,"href":"https:\/\/www.tjes.jus.br\/corregedoria\/wp-json\/wp\/v2\/media\/25071"}],"wp:attachment":[{"href":"https:\/\/www.tjes.jus.br\/corregedoria\/wp-json\/wp\/v2\/media?parent=25070"}],"wp:term":[{"taxonomy":"category","embeddable":true,"href":"https:\/\/www.tjes.jus.br\/corregedoria\/wp-json\/wp\/v2\/categories?post=25070"},{"taxonomy":"post_tag","embeddable":true,"href":"https:\/\/www.tjes.jus.br\/corregedoria\/wp-json\/wp\/v2\/tags?post=25070"}],"curies":[{"name":"wp","href":"https:\/\/api.w.org\/{rel}","templated":true}]}}