{"id":25077,"date":"2018-09-19T14:00:20","date_gmt":"2018-09-19T17:00:20","guid":{"rendered":"https:\/\/www.tjes.jus.br\/corregedoria\/?p=25077"},"modified":"2022-10-26T16:04:03","modified_gmt":"2022-10-26T19:04:03","slug":"ato-normativo-no-159-2018-disp-19-09-2018","status":"publish","type":"post","link":"https:\/\/www.tjes.jus.br\/corregedoria\/2018\/09\/19\/ato-normativo-no-159-2018-disp-19-09-2018\/","title":{"rendered":"ATO NORMATIVO N\u00ba 159\/2018 \u2013 DISP. 19\/09\/2018"},"content":{"rendered":"<p align=\"center\"><span lang=\"pt-BR\"><strong>ESTADO DO ESP\u00cdRITO SANTO<\/strong><\/span><br \/>\n<span lang=\"pt-BR\"><strong>PODER JUDICI\u00c1RIO<\/strong><\/span><br \/>\n<span lang=\"pt-BR\"><strong>TRIBUNAL DE JUSTI\u00c7A<\/strong><\/span><\/p>\n<p align=\"center\"><span lang=\"pt-BR\"><strong>ATO NORMATIVO N\u00ba 159\/ 2018<\/strong><\/span><\/p>\n<p align=\"justify\"><span lang=\"pt-BR\">Altera a composi\u00e7\u00e3o do grupo de Trabalho do 4\u00ba Centro Judici\u00e1rio de Solu\u00e7\u00e3o de Conflitos e Cidadania, institu\u00eddo pelo <a href=\"https:\/\/www.tjes.jus.br\/corregedoria\/2018\/07\/12\/ato-normativo-no-124-2018-disp-11-07-2018\/\" target=\"_blank\" rel=\"noopener\">a<\/a><a href=\"https:\/\/www.tjes.jus.br\/corregedoria\/2018\/07\/12\/ato-normativo-no-124-2018-disp-11-07-2018\/\" target=\"_blank\" rel=\"noopener\">to normativo 124\/2018<\/a>, com atua\u00e7\u00e3o em 2\u00ba Grau.<\/span><\/p>\n<p align=\"justify\"><span lang=\"pt-BR\">O <\/span><span lang=\"pt-BR\"><strong>Excelent\u00edssimo Desembargador S\u00c9RGIO LUIZ TEIXEIRA GAMA,<\/strong><\/span><span lang=\"pt-BR\"> Presidente do Egr\u00e9gio Tribunal de Justi\u00e7a do Estado do Esp\u00edrito Santo, no uso de suas atribui\u00e7\u00f5es legais<\/span><\/p>\n<p align=\"justify\"><span lang=\"pt-BR\"><strong>RESOLVE:<\/strong><\/span><\/p>\n<p align=\"justify\"><del><span lang=\"pt-BR\"><strong>Art. 1\u00ba<\/strong><\/span><span lang=\"pt-BR\"> Alterar o art.3\u00ba do <a href=\"https:\/\/www.tjes.jus.br\/corregedoria\/2018\/07\/12\/ato-normativo-no-124-2018-disp-11-07-2018\/\" target=\"_blank\" rel=\"noopener\">ato normativo 124\/2018<\/a>, para que esse passe a vigorar com o seguinte texto:<\/span><\/del><\/p>\n<p align=\"justify\"><del><span lang=\"pt-BR\">O Grupo de Trabalho ser\u00e1 composto pelos magistrados abaixo designados, sem preju\u00edzo do exerc\u00edcio das fun\u00e7\u00f5es em suas respectivas unidades judici\u00e1rias:<\/span><\/del><\/p>\n<p align=\"justify\"><del><span lang=\"pt-BR\">I- Exm\u00ba Sr. Juiz de Direito AKEL DE ANDRADE LIMA<\/span><\/del><\/p>\n<p align=\"justify\"><del><span lang=\"pt-BR\">II- Exm\u00ba Sr. Juiz de Direito BRUNO FRITOLI ALMEIDA<\/span><\/del><\/p>\n<p align=\"justify\"><del><span lang=\"pt-BR\">III- Exm\u00aa Sra. Ju\u00edza de Direito CINTHYA COELHO LARANJA<\/span><\/del><\/p>\n<p align=\"justify\"><del><span lang=\"pt-BR\">IV- Exm\u00aa Sra. Ju\u00edza de Direito DANIELA DE VASCONCELOS AGAPITO<\/span><\/del><\/p>\n<p align=\"justify\"><del><span lang=\"pt-BR\">V- Exm\u00ba Sr. Juiz de Direito EDUARDO GERALDO DE MATOS<\/span><\/del><\/p>\n<p align=\"justify\"><del><span lang=\"pt-BR\">VI- Exm\u00ba Sr. Juiz de Direito F\u00c1BIO LUIZ MASSARIOL<\/span><\/del><\/p>\n<p align=\"justify\"><del><span lang=\"pt-BR\">VII- Exm\u00aa Sra. Ju\u00edza de Direito FAB\u00cdOLA CASAGRANDE SIM\u00d5ES<\/span><\/del><\/p>\n<p align=\"justify\"><del><span lang=\"pt-BR\">VIII-Exm\u00aa Sra. Ju\u00edza de Direito GRACIELA DE REZENDE HENRIQUEZ<\/span><\/del><\/p>\n<p align=\"justify\"><del><span lang=\"pt-BR\">IX- Exm\u00ba Sr. Juiz de Direito GUSTAVO MATTEDI REGGIANI<\/span><\/del><\/p>\n<p align=\"justify\"><del><span lang=\"pt-BR\">X- Exm\u00ba Sr. Juiz de Direito GUSTAVO ZAGO RABELO<\/span><\/del><\/p>\n<p align=\"justify\"><del><span lang=\"pt-BR\">XI- Exm\u00ba Sr. Juiz de Direito JO\u00c3O CARLOS LOPES MONTEIRO LOBATO FRAGA<\/span><\/del><\/p>\n<p align=\"justify\"><span lang=\"pt-BR\"><del>XII- Exm\u00ba Sr. Juiz de Direito VICTOR QUEIROZ SCHNEIDER<\/del>\u00a0 \u00a0 \u00a0\u00a0<span style=\"color: #ff0000;\">ALTERADO PELO <a href=\"https:\/\/www.tjes.jus.br\/corregedoria\/2022\/10\/26\/ato-normativo-no-190-2022-disp-26-10-2022\/\">ATO NORMATIVO N\u00ba 190\/2022<\/a> DISP. 26\/10\/2022<\/span><\/span><\/p>\n<p align=\"justify\"><span lang=\"pt-BR\"><strong>Art. 1\u00ba &#8211;\u00a0<\/strong><\/span>O Grupo de Trabalho ser\u00e1 composto pelos magistrados abaixo designados, sem preju\u00edzo do exerc\u00edcio das fun\u00e7\u00f5es em suas respectivas unidades judici\u00e1rias:<\/p>\n<p>I- Exm\u00aa. Sr\u00aa. Desembargadora JANETE VARGAS SIM\u00d5ES<\/p>\n<p>II &#8211; Exm\u00ba Sr. Juiz de Direito GUSTAVO ZAGO RABELO<\/p>\n<p>III &#8211; Exm\u00ba Sr. Juiz de Direito THIAGO ALBANI OLIVEIRA GALVEAS<\/p>\n<p>IV &#8211; Exm\u00aa Sra. Ju\u00edza de Direito CINTHYA COELHO LARANJA<\/p>\n<p>V &#8211; Exm\u00aa Sra. Ju\u00edza de Direito DANIELA DE VASCONCELOS AGAPITO<\/p>\n<p>VI &#8211; Exm\u00aa Sra. Ju\u00edza de Direito MARCIA PEREIRA RANGEL<\/p>\n<p align=\"justify\"><span lang=\"pt-BR\"><strong>Art. 2\u00ba <\/strong><\/span><span lang=\"pt-BR\">Este Ato Normativo entra em vigor na data de sua publica\u00e7\u00e3o.<\/span><\/p>\n<p><span lang=\"pt-BR\">Publique-se.<\/span><\/p>\n<p>&nbsp;<\/p>\n<p align=\"justify\"><span lang=\"pt-BR\">Vit\u00f3ria\/ES, 17 de Setembro de 2018.<\/span><\/p>\n<p align=\"center\"><span lang=\"pt-BR\"><strong>Des. S\u00e9rgio Luiz Teixeira Gama<\/strong><\/span><\/p>\n<p align=\"center\"><span lang=\"pt-BR\"><strong>PRESIDENTE<\/strong><\/span><\/p>\n","protected":false},"excerpt":{"rendered":"<p>ESTADO DO ESP\u00cdRITO SANTO PODER JUDICI\u00c1RIO TRIBUNAL DE JUSTI\u00c7A ATO NORMATIVO N\u00ba 159\/ 2018 Altera a composi\u00e7\u00e3o do grupo de Trabalho do 4\u00ba Centro Judici\u00e1rio de Solu\u00e7\u00e3o de Conflitos e Cidadania, institu\u00eddo pelo ato normativo 124\/2018, com atua\u00e7\u00e3o em 2\u00ba Grau. O Excelent\u00edssimo Desembargador S\u00c9RGIO LUIZ TEIXEIRA GAMA, Presidente do Egr\u00e9gio Tribunal de Justi\u00e7a do [&hellip;]<\/p>\n","protected":false},"author":8,"featured_media":0,"comment_status":"open","ping_status":"open","sticky":false,"template":"","format":"standard","meta":{"footnotes":""},"categories":[4],"tags":[],"_links":{"self":[{"href":"https:\/\/www.tjes.jus.br\/corregedoria\/wp-json\/wp\/v2\/posts\/25077"}],"collection":[{"href":"https:\/\/www.tjes.jus.br\/corregedoria\/wp-json\/wp\/v2\/posts"}],"about":[{"href":"https:\/\/www.tjes.jus.br\/corregedoria\/wp-json\/wp\/v2\/types\/post"}],"author":[{"embeddable":true,"href":"https:\/\/www.tjes.jus.br\/corregedoria\/wp-json\/wp\/v2\/users\/8"}],"replies":[{"embeddable":true,"href":"https:\/\/www.tjes.jus.br\/corregedoria\/wp-json\/wp\/v2\/comments?post=25077"}],"version-history":[{"count":4,"href":"https:\/\/www.tjes.jus.br\/corregedoria\/wp-json\/wp\/v2\/posts\/25077\/revisions"}],"predecessor-version":[{"id":35078,"href":"https:\/\/www.tjes.jus.br\/corregedoria\/wp-json\/wp\/v2\/posts\/25077\/revisions\/35078"}],"wp:attachment":[{"href":"https:\/\/www.tjes.jus.br\/corregedoria\/wp-json\/wp\/v2\/media?parent=25077"}],"wp:term":[{"taxonomy":"category","embeddable":true,"href":"https:\/\/www.tjes.jus.br\/corregedoria\/wp-json\/wp\/v2\/categories?post=25077"},{"taxonomy":"post_tag","embeddable":true,"href":"https:\/\/www.tjes.jus.br\/corregedoria\/wp-json\/wp\/v2\/tags?post=25077"}],"curies":[{"name":"wp","href":"https:\/\/api.w.org\/{rel}","templated":true}]}}