{"id":25089,"date":"2018-09-25T14:23:05","date_gmt":"2018-09-25T17:23:05","guid":{"rendered":"https:\/\/www.tjes.jus.br\/corregedoria\/?p=25089"},"modified":"2018-09-25T14:23:05","modified_gmt":"2018-09-25T17:23:05","slug":"ato-normativo-no-160-2018-disp-25-09-2018","status":"publish","type":"post","link":"https:\/\/www.tjes.jus.br\/corregedoria\/2018\/09\/25\/ato-normativo-no-160-2018-disp-25-09-2018\/","title":{"rendered":"ATO NORMATIVO N\u00ba 160\/2018 &#8211; DISP. 25\/09\/2018"},"content":{"rendered":"<p align=\"center\">ESTADO DO ESP\u00cdRITO SANTO<\/p>\n<p align=\"center\">PODER JUDICI\u00c1RIO<\/p>\n<p align=\"center\">TRIBUNAL DE JUSTI\u00c7A<\/p>\n<p align=\"center\">GABINETE DA PRESID\u00caNCIA<\/p>\n<p align=\"center\">ATO NORMATIVO n\u00ba 160\/2018<\/p>\n<p style=\"text-align: justify;\" align=\"justify\">O Excelent\u00edssimo Senhor Desembargador S\u00e9rgio Luiz Teixeira Gama, Presidente deste Egr\u00e9gio Tribunal de Justi\u00e7a do Estado do Esp\u00edrito Santo, no uso de suas atribui\u00e7\u00f5es legais e,<\/p>\n<p style=\"text-align: justify;\" align=\"justify\">CONSIDERANDOo disposto no art. 58, da Resolu\u00e7\u00e3o n\u00ba 15\/95 \u2013 Regimento Interno do Tribunal de Justi\u00e7a do Estado do Esp\u00edrito Santo \u2013 que atribui ao Presidente do Egr\u00e9gio Tribunal de Justi\u00e7a compet\u00eancia geral para exercer a superintend\u00eancia de todo servi\u00e7o judici\u00e1rio, na qualidade de Chefe do Poder Judici\u00e1rio Estadual;<\/p>\n<p style=\"text-align: justify;\" align=\"justify\">CONSIDERANDO a indisponibilidade dos sistemas e do <i>site<\/i> deste Egr\u00e9gio Tribunal de Justi\u00e7a no dia 24 de Setembro de 2018, inviabilizando, assim, o regular desempenho das atividades forenses;<\/p>\n<p style=\"text-align: justify;\" align=\"justify\">RESOLVE:<\/p>\n<p style=\"text-align: justify;\" align=\"justify\">SUSPENDER os atos e prazos processuais em todo o Poder Judici\u00e1rio do Estado do Esp\u00edrito Santo no dia 24 de Setembro de 2018, ressalvando-se, contudo, eventuais atos praticados.<\/p>\n<p style=\"text-align: justify;\" align=\"justify\">Publique-se.<\/p>\n<p style=\"text-align: justify;\" align=\"justify\">Vit\u00f3ria, 24 de Setembro de 2018.<\/p>\n<p style=\"text-align: center;\" align=\"justify\"><strong>S\u00e9rgio Luiz Teixeira Gama<\/strong><\/p>\n<p style=\"text-align: center;\" align=\"justify\">Presidente<\/p>\n","protected":false},"excerpt":{"rendered":"<p>ESTADO DO ESP\u00cdRITO SANTO PODER JUDICI\u00c1RIO TRIBUNAL DE JUSTI\u00c7A GABINETE DA PRESID\u00caNCIA ATO NORMATIVO n\u00ba 160\/2018 O Excelent\u00edssimo Senhor Desembargador S\u00e9rgio Luiz Teixeira Gama, Presidente deste Egr\u00e9gio Tribunal de Justi\u00e7a do Estado do Esp\u00edrito Santo, no uso de suas atribui\u00e7\u00f5es legais e, CONSIDERANDOo disposto no art. 58, da Resolu\u00e7\u00e3o n\u00ba 15\/95 \u2013 Regimento Interno do [&hellip;]<\/p>\n","protected":false},"author":9,"featured_media":0,"comment_status":"open","ping_status":"open","sticky":false,"template":"","format":"standard","meta":{"footnotes":""},"categories":[4],"tags":[],"_links":{"self":[{"href":"https:\/\/www.tjes.jus.br\/corregedoria\/wp-json\/wp\/v2\/posts\/25089"}],"collection":[{"href":"https:\/\/www.tjes.jus.br\/corregedoria\/wp-json\/wp\/v2\/posts"}],"about":[{"href":"https:\/\/www.tjes.jus.br\/corregedoria\/wp-json\/wp\/v2\/types\/post"}],"author":[{"embeddable":true,"href":"https:\/\/www.tjes.jus.br\/corregedoria\/wp-json\/wp\/v2\/users\/9"}],"replies":[{"embeddable":true,"href":"https:\/\/www.tjes.jus.br\/corregedoria\/wp-json\/wp\/v2\/comments?post=25089"}],"version-history":[{"count":1,"href":"https:\/\/www.tjes.jus.br\/corregedoria\/wp-json\/wp\/v2\/posts\/25089\/revisions"}],"predecessor-version":[{"id":25090,"href":"https:\/\/www.tjes.jus.br\/corregedoria\/wp-json\/wp\/v2\/posts\/25089\/revisions\/25090"}],"wp:attachment":[{"href":"https:\/\/www.tjes.jus.br\/corregedoria\/wp-json\/wp\/v2\/media?parent=25089"}],"wp:term":[{"taxonomy":"category","embeddable":true,"href":"https:\/\/www.tjes.jus.br\/corregedoria\/wp-json\/wp\/v2\/categories?post=25089"},{"taxonomy":"post_tag","embeddable":true,"href":"https:\/\/www.tjes.jus.br\/corregedoria\/wp-json\/wp\/v2\/tags?post=25089"}],"curies":[{"name":"wp","href":"https:\/\/api.w.org\/{rel}","templated":true}]}}