{"id":25096,"date":"2018-09-25T15:47:27","date_gmt":"2018-09-25T18:47:27","guid":{"rendered":"https:\/\/www.tjes.jus.br\/corregedoria\/?p=25096"},"modified":"2018-09-25T15:48:25","modified_gmt":"2018-09-25T18:48:25","slug":"corregedoria-geral-da-justica-inicia-sessao-publica-para-escolha-de-serventias-de-notas-e-de-registro-do-estado","status":"publish","type":"post","link":"https:\/\/www.tjes.jus.br\/corregedoria\/2018\/09\/25\/corregedoria-geral-da-justica-inicia-sessao-publica-para-escolha-de-serventias-de-notas-e-de-registro-do-estado\/","title":{"rendered":"CORREGEDORIA-GERAL DA JUSTI\u00c7A INICIA SESS\u00c3O P\u00daBLICA PARA ESCOLHA DE SERVENTIAS DE NOTAS E DE REGISTRO DO ESTADO"},"content":{"rendered":"<p>O Presidente do Tribunal de Justi\u00e7a do Esp\u00edrito Santo, Desembargador S\u00e9rgio Luiz Teixeira Gama e o Corregedor-Geral da Justi\u00e7a, Desembargador Samuel Meira Brasil J\u00fanior, realizaram, nesta segunda-feira (24\/9), a abertura da sess\u00e3o p\u00fablica de escolha de delega\u00e7\u00f5es de serventias extrajudiciais, relativas aos concursos p\u00fablicos de outorga de delega\u00e7\u00f5es de serventias extrajudiciais.<\/p>\n<p><img loading=\"lazy\" decoding=\"async\" class=\"aligncenter size-full wp-image-25099\" src=\"https:\/\/www.tjes.jus.br\/corregedoria\/wp-content\/uploads\/2018\/09\/INT_240918_audienc_escolh_serventi_cartor_787.jpg\" alt=\"\" width=\"787\" height=\"525\" srcset=\"https:\/\/www.tjes.jus.br\/corregedoria\/wp-content\/uploads\/2018\/09\/INT_240918_audienc_escolh_serventi_cartor_787.jpg 787w, https:\/\/www.tjes.jus.br\/corregedoria\/wp-content\/uploads\/2018\/09\/INT_240918_audienc_escolh_serventi_cartor_787-300x200.jpg 300w\" sizes=\"(max-width: 787px) 100vw, 787px\" \/><\/p>\n<p>O Desembargador Samuel Meira Brasil interrompeu a sess\u00e3o no per\u00edodo da tarde, para que algumas quest\u00f5es fossem solucionadas, e os trabalhos dessa audi\u00eancia ser\u00e3o retomados na manh\u00e3 desta ter\u00e7a-feira (25\/09). De acordo com o Corregedor-Geral, os candidatos que n\u00e3o estavam presentes nesta segunda n\u00e3o poder\u00e3o participar das escolhas que eventualmente sejam realizadas na ter\u00e7a-feira. Todos os presentes assinaram uma lista de presen\u00e7as.<\/p>\n<p>Estavam presentes \u00e0 audi\u00eancia, al\u00e9m do Presidente e do Corregedor, o Procurador de Justi\u00e7a do Minist\u00e9rio P\u00fablico Estadual, Dr. S\u00f3crates de Souza, e alguns magistrados, que integraram a banca do concurso p\u00fablico.<\/p>\n<p><img loading=\"lazy\" decoding=\"async\" class=\"aligncenter size-full wp-image-25100\" src=\"https:\/\/www.tjes.jus.br\/corregedoria\/wp-content\/uploads\/2018\/09\/INT_2_240918_audienc_escolh_serventi_cartor_787.jpg\" alt=\"\" width=\"787\" height=\"525\" srcset=\"https:\/\/www.tjes.jus.br\/corregedoria\/wp-content\/uploads\/2018\/09\/INT_2_240918_audienc_escolh_serventi_cartor_787.jpg 787w, https:\/\/www.tjes.jus.br\/corregedoria\/wp-content\/uploads\/2018\/09\/INT_2_240918_audienc_escolh_serventi_cartor_787-300x200.jpg 300w\" sizes=\"(max-width: 787px) 100vw, 787px\" \/><\/p>\n<p>Na manh\u00e3 desta segunda-feira, ao declarar aberta a audi\u00eancia p\u00fablica, o Desembargador S\u00e9rgio Gama deu as boas vindas a todos e esclareceu que a finalidade de sua realiza\u00e7\u00e3o \u00e9 cumprir as decis\u00f5es do Conselho Nacional de Justi\u00e7a, do Superior Tribunal de Justi\u00e7a e do Supremo Tribunal Federal com rela\u00e7\u00e3o aos concursos de 2006 e 2013.<\/p>\n<p>O Desembargador Samuel Meira Brasil destacou, em seu pronunciamento inicial, que o objetivo do Poder Judici\u00e1rio Estadual \u00e9 encerrar definitivamente os concursos de 2006 e 2013, com as delega\u00e7\u00f5es das serventias.<\/p>\n<p>\u201cN\u00f3s vamos cumprir, rigorosamente, a lei e as decis\u00f5es do Supremo Tribunal Federal, do Superior Tribunal de Justi\u00e7a e do Conselho Nacional de Justi\u00e7a. O objetivo do Tribunal \u00e9 colocar um fim nesses concursos p\u00fablicos. Faremos isso com a maior transpar\u00eancia, legalidade e zelo com os candidatos\u201d, afirmou o Desembargador.<\/p>\n<p>As sess\u00f5es p\u00fablicas est\u00e3o previstas para acontecer nos dias 24, 25 e 26 de setembro, Os editais de chamamento foram publicados no Di\u00e1rio da Justi\u00e7a (e-di\u00e1rio) nos dias 17, 18 e 19 de setembro.<\/p>\n<p>Vit\u00f3ria, 24 de setembro de 2018.<\/p>\n","protected":false},"excerpt":{"rendered":"<p>O Presidente do Tribunal de Justi\u00e7a do Esp\u00edrito Santo, Desembargador S\u00e9rgio Luiz Teixeira Gama e o Corregedor-Geral da Justi\u00e7a, Desembargador Samuel Meira Brasil J\u00fanior, realizaram, nesta segunda-feira (24\/9), a abertura da sess\u00e3o p\u00fablica de escolha de delega\u00e7\u00f5es de serventias extrajudiciais, relativas aos concursos p\u00fablicos de outorga de delega\u00e7\u00f5es de serventias extrajudiciais. O Desembargador Samuel Meira [&hellip;]<\/p>\n","protected":false},"author":10,"featured_media":25097,"comment_status":"closed","ping_status":"closed","sticky":false,"template":"","format":"standard","meta":{"footnotes":""},"categories":[1],"tags":[],"_links":{"self":[{"href":"https:\/\/www.tjes.jus.br\/corregedoria\/wp-json\/wp\/v2\/posts\/25096"}],"collection":[{"href":"https:\/\/www.tjes.jus.br\/corregedoria\/wp-json\/wp\/v2\/posts"}],"about":[{"href":"https:\/\/www.tjes.jus.br\/corregedoria\/wp-json\/wp\/v2\/types\/post"}],"author":[{"embeddable":true,"href":"https:\/\/www.tjes.jus.br\/corregedoria\/wp-json\/wp\/v2\/users\/10"}],"replies":[{"embeddable":true,"href":"https:\/\/www.tjes.jus.br\/corregedoria\/wp-json\/wp\/v2\/comments?post=25096"}],"version-history":[{"count":2,"href":"https:\/\/www.tjes.jus.br\/corregedoria\/wp-json\/wp\/v2\/posts\/25096\/revisions"}],"predecessor-version":[{"id":25101,"href":"https:\/\/www.tjes.jus.br\/corregedoria\/wp-json\/wp\/v2\/posts\/25096\/revisions\/25101"}],"wp:featuredmedia":[{"embeddable":true,"href":"https:\/\/www.tjes.jus.br\/corregedoria\/wp-json\/wp\/v2\/media\/25097"}],"wp:attachment":[{"href":"https:\/\/www.tjes.jus.br\/corregedoria\/wp-json\/wp\/v2\/media?parent=25096"}],"wp:term":[{"taxonomy":"category","embeddable":true,"href":"https:\/\/www.tjes.jus.br\/corregedoria\/wp-json\/wp\/v2\/categories?post=25096"},{"taxonomy":"post_tag","embeddable":true,"href":"https:\/\/www.tjes.jus.br\/corregedoria\/wp-json\/wp\/v2\/tags?post=25096"}],"curies":[{"name":"wp","href":"https:\/\/api.w.org\/{rel}","templated":true}]}}