{"id":25105,"date":"2018-09-27T13:11:04","date_gmt":"2018-09-27T16:11:04","guid":{"rendered":"https:\/\/www.tjes.jus.br\/corregedoria\/?p=25105"},"modified":"2018-09-27T13:11:04","modified_gmt":"2018-09-27T16:11:04","slug":"oficio-circular-cgjes-no-145-2018-disp-27-09-2018","status":"publish","type":"post","link":"https:\/\/www.tjes.jus.br\/corregedoria\/2018\/09\/27\/oficio-circular-cgjes-no-145-2018-disp-27-09-2018\/","title":{"rendered":"OF\u00cdCIO CIRCULAR CGJES N\u00ba 145 \/2018 &#8211; DISP. 27\/09\/2018"},"content":{"rendered":"<p align=\"center\">ESTADO DO ESP\u00cdRITO SANTO<\/p>\n<p align=\"center\">PODER JUDICI\u00c1RIO<\/p>\n<p align=\"center\"><strong>CORREGEDORIA GERAL DA JUSTI\u00c7A<\/strong><\/p>\n<p align=\"center\"><strong>OF\u00cdCIO CIRCULAR CGJES N\u00ba 145 \/2018<\/strong><\/p>\n<p>O Exmo. Sr. Desembargador Corregedor-Geral da Justi\u00e7a do Estado do Esp\u00edrito Santo, Desembargador SAMUEL MEIRA BRASIL JR. no uso de suas atribui\u00e7\u00f5es legais e:<\/p>\n<p align=\"justify\"><strong>CONSIDERANDO<\/strong> que a Corregedoria Geral da Justi\u00e7a \u00e9 \u00f3rg\u00e3o de fiscaliza\u00e7\u00e3o, disciplina e orienta\u00e7\u00e3o administrativa do foro extrajudicial, com jurisdi\u00e7\u00e3o em todo o Estado, conforme art. 35 da Lei Complementar Estadual n.\u00ba 234\/2002 (COJES) c\/c art. 37 da Lei Federal n.\u00ba 8.935\/94;<\/p>\n<p align=\"justify\"><strong>CONSIDERANDO<\/strong> a publica\u00e7\u00e3o do Provimento n.\u00ba 74\/2018 da Corregedoria Nacional de Justi\u00e7a, que disp\u00f5e sobre padr\u00f5es m\u00ednimos de tecnologia da informa\u00e7\u00e3o para a seguran\u00e7a, integridade e disponibilidade de dados para a continuidade da atividade pelos servi\u00e7os notariais e de registro do Brasil e d\u00e1 outras provid\u00eancias;<\/p>\n<p align=\"justify\"><strong>RESOLVE:<\/strong><\/p>\n<p align=\"justify\"><strong>DAR CI\u00caNCIA<\/strong> a todos os Registradores e Not\u00e1rios do Estado do Esp\u00edrito Santo do Provimento n\u00ba 74\/2018 da Corregedoria Nacional de Justi\u00e7a, em anexo, que estabelece sobre padr\u00f5es m\u00ednimos de tecnologia da informa\u00e7\u00e3o para a seguran\u00e7a, integridade e disponibilidade de dados para a continuidade da atividade pelos servi\u00e7os notariais e de registro do Brasil e d\u00e1 outras provid\u00eancias, bem como <strong>DETERMINAR SUA INTEGRAL OBSERV\u00c2NCIA<\/strong> pelos delegat\u00e1rios dos servi\u00e7os extrajudiciais.<\/p>\n<p align=\"justify\"><strong>Publique-se.<\/strong><\/p>\n<p align=\"justify\">Vit\u00f3ria (ES), 10 de setembro de 2018.<\/p>\n<p align=\"center\">Desembargador SAMUEL MEIRA BRASIL JR.<\/p>\n<p align=\"center\">Corregedor Geral da Justi\u00e7a<\/p>\n<p align=\"center\"><strong><a href=\"https:\/\/sistemas.tjes.jus.br\/ediario\/images\/provimento-n74-31-07-2018-corregedoria.pdf\" target=\"_blank\" rel=\"noopener\">PARA VISUALIZAR O PROVIMENTO, CLIQUE AQUI<\/a><\/strong><\/p>\n","protected":false},"excerpt":{"rendered":"<p>ESTADO DO ESP\u00cdRITO SANTO PODER JUDICI\u00c1RIO CORREGEDORIA GERAL DA JUSTI\u00c7A OF\u00cdCIO CIRCULAR CGJES N\u00ba 145 \/2018 O Exmo. Sr. Desembargador Corregedor-Geral da Justi\u00e7a do Estado do Esp\u00edrito Santo, Desembargador SAMUEL MEIRA BRASIL JR. no uso de suas atribui\u00e7\u00f5es legais e: CONSIDERANDO que a Corregedoria Geral da Justi\u00e7a \u00e9 \u00f3rg\u00e3o de fiscaliza\u00e7\u00e3o, disciplina e orienta\u00e7\u00e3o administrativa [&hellip;]<\/p>\n","protected":false},"author":9,"featured_media":0,"comment_status":"closed","ping_status":"closed","sticky":false,"template":"","format":"standard","meta":{"footnotes":""},"categories":[5],"tags":[],"_links":{"self":[{"href":"https:\/\/www.tjes.jus.br\/corregedoria\/wp-json\/wp\/v2\/posts\/25105"}],"collection":[{"href":"https:\/\/www.tjes.jus.br\/corregedoria\/wp-json\/wp\/v2\/posts"}],"about":[{"href":"https:\/\/www.tjes.jus.br\/corregedoria\/wp-json\/wp\/v2\/types\/post"}],"author":[{"embeddable":true,"href":"https:\/\/www.tjes.jus.br\/corregedoria\/wp-json\/wp\/v2\/users\/9"}],"replies":[{"embeddable":true,"href":"https:\/\/www.tjes.jus.br\/corregedoria\/wp-json\/wp\/v2\/comments?post=25105"}],"version-history":[{"count":1,"href":"https:\/\/www.tjes.jus.br\/corregedoria\/wp-json\/wp\/v2\/posts\/25105\/revisions"}],"predecessor-version":[{"id":25106,"href":"https:\/\/www.tjes.jus.br\/corregedoria\/wp-json\/wp\/v2\/posts\/25105\/revisions\/25106"}],"wp:attachment":[{"href":"https:\/\/www.tjes.jus.br\/corregedoria\/wp-json\/wp\/v2\/media?parent=25105"}],"wp:term":[{"taxonomy":"category","embeddable":true,"href":"https:\/\/www.tjes.jus.br\/corregedoria\/wp-json\/wp\/v2\/categories?post=25105"},{"taxonomy":"post_tag","embeddable":true,"href":"https:\/\/www.tjes.jus.br\/corregedoria\/wp-json\/wp\/v2\/tags?post=25105"}],"curies":[{"name":"wp","href":"https:\/\/api.w.org\/{rel}","templated":true}]}}