{"id":25108,"date":"2018-09-27T13:15:52","date_gmt":"2018-09-27T16:15:52","guid":{"rendered":"https:\/\/www.tjes.jus.br\/corregedoria\/?p=25108"},"modified":"2018-09-27T13:15:52","modified_gmt":"2018-09-27T16:15:52","slug":"ato-normativo-no-161-2018-disp-27-09-2018","status":"publish","type":"post","link":"https:\/\/www.tjes.jus.br\/corregedoria\/2018\/09\/27\/ato-normativo-no-161-2018-disp-27-09-2018\/","title":{"rendered":"ATO NORMATIVO N\u00ba 161 \/2018 &#8211; DISP. 27\/09\/2018"},"content":{"rendered":"<p align=\"center\"><span lang=\"pt-BR\">ESTADO DO ESP\u00cdRITO SANTO<\/span><\/p>\n<p align=\"center\"><span lang=\"pt-BR\">PODER JUDICI\u00c1RIO<\/span><\/p>\n<p align=\"center\"><span lang=\"pt-BR\">TRIBUNAL DE JUSTI\u00c7A<\/span><\/p>\n<p align=\"center\"><span lang=\"pt-BR\">GABINETE DA PRESID\u00caNCIA<\/span><\/p>\n<p align=\"center\"><span lang=\"pt-BR\">ATO NORMATIVO n\u00ba 161 \/2018<\/span><\/p>\n<p align=\"justify\"><span lang=\"pt-BR\">O Excelent\u00edssimo Senhor Desembargador S\u00e9rgio Luiz Teixeira Gama, Presidente do Egr\u00e9gio Tribunal de Justi\u00e7a do Estado do Esp\u00edrito Santo, no uso de suas atribui\u00e7\u00f5es legais e,<\/span><\/p>\n<p align=\"justify\"><span lang=\"pt-BR\">CONSIDERANDO o teor do expediente protocolado neste Egr\u00e9gio Tribunal de Justi\u00e7a sob o n\u00famero 2018.01.444.714, subscrito pelo Exm. Sr. Dr. Akel de Andrade Lima, MM. Juiz Diretor do Foro da Comarca de Ibatiba, que comunica inunda\u00e7\u00e3o no pr\u00e9dio do F\u00f3rum, afetando parte el\u00e9trica, bem como equipamentos eletr\u00f4nicos no dia 26\/09\/2018, inviabilizando, assim, o regular desempenho das atividades forenses;<\/span><\/p>\n<p align=\"justify\"><span lang=\"pt-BR\">RESOLVE:<\/span><\/p>\n<p align=\"justify\"><span lang=\"pt-BR\">DETERMINAR a suspens\u00e3o dos atos, prazos processuais e expediente na Comarca de Ibatiba nos dias 26 e 27 de setembro de 2018, ressalvando-se, contudo, a aprecia\u00e7\u00e3o das medidas urgentes.<\/span><\/p>\n<p align=\"justify\"><span lang=\"pt-BR\">Publique-se.<\/span><\/p>\n<p align=\"justify\"><span lang=\"pt-BR\">Vit\u00f3ria, 26 de setembro de 2018.<\/span><\/p>\n<p style=\"text-align: center;\" align=\"justify\"><span lang=\"pt-BR\">Des. S\u00e9rgio Luiz Teixeira Gama<\/span><\/p>\n<p style=\"text-align: center;\" align=\"justify\"><span lang=\"pt-BR\">Presidente<\/span><\/p>\n","protected":false},"excerpt":{"rendered":"<p>ESTADO DO ESP\u00cdRITO SANTO PODER JUDICI\u00c1RIO TRIBUNAL DE JUSTI\u00c7A GABINETE DA PRESID\u00caNCIA ATO NORMATIVO n\u00ba 161 \/2018 O Excelent\u00edssimo Senhor Desembargador S\u00e9rgio Luiz Teixeira Gama, Presidente do Egr\u00e9gio Tribunal de Justi\u00e7a do Estado do Esp\u00edrito Santo, no uso de suas atribui\u00e7\u00f5es legais e, CONSIDERANDO o teor do expediente protocolado neste Egr\u00e9gio Tribunal de Justi\u00e7a sob [&hellip;]<\/p>\n","protected":false},"author":9,"featured_media":0,"comment_status":"closed","ping_status":"closed","sticky":false,"template":"","format":"standard","meta":{"footnotes":""},"categories":[4],"tags":[],"_links":{"self":[{"href":"https:\/\/www.tjes.jus.br\/corregedoria\/wp-json\/wp\/v2\/posts\/25108"}],"collection":[{"href":"https:\/\/www.tjes.jus.br\/corregedoria\/wp-json\/wp\/v2\/posts"}],"about":[{"href":"https:\/\/www.tjes.jus.br\/corregedoria\/wp-json\/wp\/v2\/types\/post"}],"author":[{"embeddable":true,"href":"https:\/\/www.tjes.jus.br\/corregedoria\/wp-json\/wp\/v2\/users\/9"}],"replies":[{"embeddable":true,"href":"https:\/\/www.tjes.jus.br\/corregedoria\/wp-json\/wp\/v2\/comments?post=25108"}],"version-history":[{"count":1,"href":"https:\/\/www.tjes.jus.br\/corregedoria\/wp-json\/wp\/v2\/posts\/25108\/revisions"}],"predecessor-version":[{"id":25109,"href":"https:\/\/www.tjes.jus.br\/corregedoria\/wp-json\/wp\/v2\/posts\/25108\/revisions\/25109"}],"wp:attachment":[{"href":"https:\/\/www.tjes.jus.br\/corregedoria\/wp-json\/wp\/v2\/media?parent=25108"}],"wp:term":[{"taxonomy":"category","embeddable":true,"href":"https:\/\/www.tjes.jus.br\/corregedoria\/wp-json\/wp\/v2\/categories?post=25108"},{"taxonomy":"post_tag","embeddable":true,"href":"https:\/\/www.tjes.jus.br\/corregedoria\/wp-json\/wp\/v2\/tags?post=25108"}],"curies":[{"name":"wp","href":"https:\/\/api.w.org\/{rel}","templated":true}]}}