{"id":25111,"date":"2018-09-27T14:59:59","date_gmt":"2018-09-27T17:59:59","guid":{"rendered":"https:\/\/www.tjes.jus.br\/corregedoria\/?p=25111"},"modified":"2018-09-27T18:18:30","modified_gmt":"2018-09-27T21:18:30","slug":"corregedoria-geral-da-justica-concluiu-escolha-de-serventias-de-notas-e-de-registro-do-estado","status":"publish","type":"post","link":"https:\/\/www.tjes.jus.br\/corregedoria\/2018\/09\/27\/corregedoria-geral-da-justica-concluiu-escolha-de-serventias-de-notas-e-de-registro-do-estado\/","title":{"rendered":"CORREGEDORIA-GERAL DA JUSTI\u00c7A CONCLUIU ESCOLHA DE SERVENTIAS DE NOTAS E DE REGISTRO DO ESTADO"},"content":{"rendered":"<p style=\"text-align: justify;\">O Corregedor-geral da Justi\u00e7a, Desembargador Samuel Meira Brasil J\u00fanior, concluiu, no in\u00edcio da tarde desta quarta-feira (26\/09) a escolha de delega\u00e7\u00f5es de serventias extrajudiciais, relativas aos concursos p\u00fablicos de outorga de delega\u00e7\u00f5es de serventias extrajudiciais.<\/p>\n<p style=\"text-align: justify;\">Os concursos aconteceram em 2006 e 2013, portanto, muitos candidatos esperaram 12 anos por essa conclus\u00e3o, muito comemorada por todos. Alguns, inclusive, agradeceram, aliviados, durante a audi\u00eancia, o empenho do Corregedor-Geral da Justi\u00e7a. O Procurador de Justi\u00e7a do Minist\u00e9rio P\u00fablico Estadual, S\u00f3crates de Souza, destacou que o momento \u00e9 hist\u00f3rico para o Estado.<\/p>\n<p><a href=\"https:\/\/www.tjes.jus.br\/corregedoria\/2018\/09\/27\/corregedoria-geral-da-justica-concluiu-escolha-de-serventias-de-notas-e-de-registro-do-estado\/int_260918_audienc_escolh_servent_cartor_787\/\" rel=\"attachment wp-att-25115\"><img loading=\"lazy\" decoding=\"async\" class=\"size-full wp-image-25115 aligncenter\" src=\"https:\/\/www.tjes.jus.br\/corregedoria\/wp-content\/uploads\/2018\/09\/INT_260918_audienc_escolh_servent_cartor_787.jpg\" alt=\"\" width=\"787\" height=\"525\" srcset=\"https:\/\/www.tjes.jus.br\/corregedoria\/wp-content\/uploads\/2018\/09\/INT_260918_audienc_escolh_servent_cartor_787.jpg 787w, https:\/\/www.tjes.jus.br\/corregedoria\/wp-content\/uploads\/2018\/09\/INT_260918_audienc_escolh_servent_cartor_787-300x200.jpg 300w\" sizes=\"(max-width: 787px) 100vw, 787px\" \/><\/a><\/p>\n<p style=\"text-align: justify;\">As audi\u00eancias para a escolha das serventias tiveram in\u00edcio na \u00faltima segunda-feira e foram realizadas pelo Presidente do Tribunal de Justi\u00e7a do Esp\u00edrito Santo, Desembargador S\u00e9rgio Luiz Teixeira Gama e pelo Corregedor-Geral da Justi\u00e7a, Desembargador Samuel Meira Brasil J\u00fanior. Tamb\u00e9m estiveram presentes o Procurador de Justi\u00e7a do MPES, Dr. S\u00f3crates de Souza, e os ju\u00edzes de direito Gustavo Henrique Proc\u00f3pio Silva, Gustavo Mar\u00e7al da Silva e Salom\u00e3o Akhnatom Zoroastro Spencer Elesbon, que integraram a banca do concurso p\u00fablico.<\/p>\n<p style=\"text-align: justify;\">Ao abrir os trabalhos, o Corregedor-geral da Justi\u00e7a agradeceu a presen\u00e7a do Presidente do Tribunal de Justi\u00e7a, do Procurador de Justi\u00e7a S\u00f3crates de Souza, e de representantes do Sindicato dos Not\u00e1rios e Registradores do Estado do Esp\u00edrito Santo (SINOREG), da Associa\u00e7\u00e3o dos Not\u00e1rios e Registradores (ANOREG) e da Ordem dos Advogados do Brasil (OAB), que acompanharam a regularidade do concurso.<\/p>\n<p style=\"text-align: justify;\">Al\u00e9m disso, o Desembargador Samuel Meira Brasil J\u00fanior destacou a import\u00e2ncia de todos os candidatos assinarem a lista de presen\u00e7a, que seria, em conjunto com as grava\u00e7\u00f5es em \u00e1udio e v\u00eddeo, uma confirma\u00e7\u00e3o do comparecimento dos candidatos \u00e0 audi\u00eancia.<\/p>\n<p style=\"text-align: justify;\">Em seguida, pediu a colabora\u00e7\u00e3o de todos para que os trabalhos pudessem ser conclu\u00eddos nesta data.<\/p>\n<p><a href=\"https:\/\/www.tjes.jus.br\/corregedoria\/2018\/09\/27\/corregedoria-geral-da-justica-concluiu-escolha-de-serventias-de-notas-e-de-registro-do-estado\/int_2_260918_audienc_escolh_servent_cartor_787\/\" rel=\"attachment wp-att-25113\"><img loading=\"lazy\" decoding=\"async\" class=\"size-full wp-image-25113 aligncenter\" src=\"https:\/\/www.tjes.jus.br\/corregedoria\/wp-content\/uploads\/2018\/09\/INT_2_260918_audienc_escolh_servent_cartor_787.jpg\" alt=\"\" width=\"787\" height=\"525\" srcset=\"https:\/\/www.tjes.jus.br\/corregedoria\/wp-content\/uploads\/2018\/09\/INT_2_260918_audienc_escolh_servent_cartor_787.jpg 787w, https:\/\/www.tjes.jus.br\/corregedoria\/wp-content\/uploads\/2018\/09\/INT_2_260918_audienc_escolh_servent_cartor_787-300x200.jpg 300w\" sizes=\"(max-width: 787px) 100vw, 787px\" \/><\/a><\/p>\n<p style=\"text-align: justify;\">\u201cEu preciso e quero a colabora\u00e7\u00e3o de todos, para que possamos realizar uma audi\u00eancia com toda transpar\u00eancia, legalidade, para que todos possam se manifestar e n\u00f3s encerrarmos esse concurso de 2013. Para isso, vou cumprir rigorosamente as decis\u00f5es do Supremo Tribunal Federal, do Conselho Nacional de Justi\u00e7a, do Superior Tribunal de Justi\u00e7a, enfim, todas as decis\u00f5es que foram encaminhadas pra mim.\u201d<\/p>\n<p style=\"text-align: justify;\">Em seguida, o Desembargador explicou toda a metodologia que seria utilizada durante a audi\u00eancia, que teve in\u00edcio com a escolha de 76 serventias referentes ao concurso de 2006, em cumprimento a uma decis\u00e3o do Superior Tribunal de Justi\u00e7a. Em seguida, ocorreu a escolha para 108 serventias, em cumprimento a uma decis\u00e3o do Conselho Nacional de Justi\u00e7a.<\/p>\n<p style=\"text-align: justify;\">O Corregedor, ent\u00e3o, oportunizou a palavra a todos que quisessem se manifestar, passando, em seguida \u00e0 escolha das serventias pelos candidatos ou seus procuradores, anunciada individualmente.<\/p>\n<p style=\"text-align: justify;\">A primeira etapa da sess\u00e3o p\u00fablica de escolha de delega\u00e7\u00f5es de serventias extrajudiciais, relativas aos concursos p\u00fablicos de outorga de delega\u00e7\u00f5es de serventias extrajudiciais, foi encerrada na \u00faltima ter\u00e7a-feira (25\/9), quando todas as serventias inicialmente oferecidas foram preenchidas.<\/p>\n<p style=\"text-align: justify;\"><a href=\"https:\/\/www.tjes.jus.br\/corregedoria\/2018\/09\/27\/corregedoria-geral-da-justica-concluiu-escolha-de-serventias-de-notas-e-de-registro-do-estado\/int_3_260918_audienc_escolh_servent_cartor_787\/\" rel=\"attachment wp-att-25114\"><img loading=\"lazy\" decoding=\"async\" class=\"size-full wp-image-25114 aligncenter\" src=\"https:\/\/www.tjes.jus.br\/corregedoria\/wp-content\/uploads\/2018\/09\/INT_3_260918_audienc_escolh_servent_cartor_787.jpg\" alt=\"\" width=\"787\" height=\"525\" srcset=\"https:\/\/www.tjes.jus.br\/corregedoria\/wp-content\/uploads\/2018\/09\/INT_3_260918_audienc_escolh_servent_cartor_787.jpg 787w, https:\/\/www.tjes.jus.br\/corregedoria\/wp-content\/uploads\/2018\/09\/INT_3_260918_audienc_escolh_servent_cartor_787-300x200.jpg 300w\" sizes=\"(max-width: 787px) 100vw, 787px\" \/><\/a><\/p>\n<p>&nbsp;<\/p>\n<p style=\"text-align: justify;\">Ao finalizar a audi\u00eancia desta quarta-feira, o Desembargador Samuel Meira Brasil J\u00fanior agradeceu o empenho de todos os envolvidos nas audi\u00eancias que aconteceram nestes tr\u00eas dias, sendo bastante aplaudido por todos os presentes.<\/p>\n<p style=\"text-align: justify;\">\u201cQuero parabenizar a todos, parabenizar a minha equipe da Corregedoria e aos integrantes da Comiss\u00e3o de Concurso, agradecer ao Minist\u00e9rio P\u00fablico Estadual e a todos voc\u00eas pela colabora\u00e7\u00e3o. Conseguimos fazer uma sess\u00e3o ordeira, transparente, dentro da legalidade, cumprindo todas as decis\u00f5es do Supremo Tribunal Federal, do Conselho Nacional de Justi\u00e7a e do Superior Tribunal de Justi\u00e7a. Parab\u00e9ns a todos! Est\u00e1 encerrada a sess\u00e3o\u201d, concluiu o Corregedor.<\/p>\n<p style=\"text-align: justify;\">O Procurador de Justi\u00e7a S\u00f3crates de Souza pediu a palavra, se associou \u00e0s palavras do Corregedor e parabenizou o Desembargador Samuel Meira Brasil J\u00fanior, destacando que este \u00e9 um momento hist\u00f3rico para o Poder Judici\u00e1rio do Estado do Esp\u00edrito Santo.<\/p>\n<p style=\"text-align: justify;\">Vit\u00f3ria, 26 de setembro de 2018.<\/p>\n","protected":false},"excerpt":{"rendered":"<p>O Corregedor-geral da Justi\u00e7a, Desembargador Samuel Meira Brasil J\u00fanior, concluiu, no in\u00edcio da tarde desta quarta-feira (26\/09) a escolha de delega\u00e7\u00f5es de serventias extrajudiciais, relativas aos concursos p\u00fablicos de outorga de delega\u00e7\u00f5es de serventias extrajudiciais. Os concursos aconteceram em 2006 e 2013, portanto, muitos candidatos esperaram 12 anos por essa conclus\u00e3o, muito comemorada por todos. [&hellip;]<\/p>\n","protected":false},"author":9,"featured_media":25112,"comment_status":"closed","ping_status":"closed","sticky":false,"template":"","format":"standard","meta":{"footnotes":""},"categories":[1],"tags":[],"_links":{"self":[{"href":"https:\/\/www.tjes.jus.br\/corregedoria\/wp-json\/wp\/v2\/posts\/25111"}],"collection":[{"href":"https:\/\/www.tjes.jus.br\/corregedoria\/wp-json\/wp\/v2\/posts"}],"about":[{"href":"https:\/\/www.tjes.jus.br\/corregedoria\/wp-json\/wp\/v2\/types\/post"}],"author":[{"embeddable":true,"href":"https:\/\/www.tjes.jus.br\/corregedoria\/wp-json\/wp\/v2\/users\/9"}],"replies":[{"embeddable":true,"href":"https:\/\/www.tjes.jus.br\/corregedoria\/wp-json\/wp\/v2\/comments?post=25111"}],"version-history":[{"count":3,"href":"https:\/\/www.tjes.jus.br\/corregedoria\/wp-json\/wp\/v2\/posts\/25111\/revisions"}],"predecessor-version":[{"id":25128,"href":"https:\/\/www.tjes.jus.br\/corregedoria\/wp-json\/wp\/v2\/posts\/25111\/revisions\/25128"}],"wp:featuredmedia":[{"embeddable":true,"href":"https:\/\/www.tjes.jus.br\/corregedoria\/wp-json\/wp\/v2\/media\/25112"}],"wp:attachment":[{"href":"https:\/\/www.tjes.jus.br\/corregedoria\/wp-json\/wp\/v2\/media?parent=25111"}],"wp:term":[{"taxonomy":"category","embeddable":true,"href":"https:\/\/www.tjes.jus.br\/corregedoria\/wp-json\/wp\/v2\/categories?post=25111"},{"taxonomy":"post_tag","embeddable":true,"href":"https:\/\/www.tjes.jus.br\/corregedoria\/wp-json\/wp\/v2\/tags?post=25111"}],"curies":[{"name":"wp","href":"https:\/\/api.w.org\/{rel}","templated":true}]}}