{"id":25116,"date":"2018-09-27T14:59:37","date_gmt":"2018-09-27T17:59:37","guid":{"rendered":"https:\/\/www.tjes.jus.br\/corregedoria\/?p=25116"},"modified":"2020-02-28T16:00:27","modified_gmt":"2020-02-28T19:00:27","slug":"corregedoria-encerra-a-primeira-etapa-da-escolha-de-serventias-de-notas-e-de-registro-do-estado","status":"publish","type":"post","link":"https:\/\/www.tjes.jus.br\/corregedoria\/2018\/09\/27\/corregedoria-encerra-a-primeira-etapa-da-escolha-de-serventias-de-notas-e-de-registro-do-estado\/","title":{"rendered":"Corregedoria encerra a primeira etapa da escolha de serventias de notas e de registro do Estado"},"content":{"rendered":"<p style=\"text-align: justify;\">O Presidente do Tribunal de Justi\u00e7a do Esp\u00edrito Santo, Desembargador S\u00e9rgio Luiz Teixeira Gama e o Corregedor-Geral da Justi\u00e7a, Desembargador Samuel Meira Brasil J\u00fanior, finalizaram, nesta ter\u00e7a-feira (24\/9), a primeira etapa da sess\u00e3o p\u00fablica de escolha de delega\u00e7\u00f5es de serventias extrajudiciais, relativas aos concursos p\u00fablicos de outorga de delega\u00e7\u00f5es de serventias extrajudiciais. Os trabalhos ser\u00e3o retomados nesta quarta-feira (26\/9), \u00e0s 9h.<\/p>\n<p><a href=\"https:\/\/www.tjes.jus.br\/corregedoria\/2018\/09\/27\/corregedoria-encerra-a-primeira-etapa-da-escolha-de-serventias-de-notas-e-de-registro-do-estado\/int_2_250918_audien_escolh_serventi_cartor_cont_787\/\" rel=\"attachment wp-att-25118\"><img loading=\"lazy\" decoding=\"async\" class=\"size-full wp-image-25118 aligncenter\" src=\"https:\/\/www.tjes.jus.br\/corregedoria\/wp-content\/uploads\/2018\/09\/INT_2_250918_audien_escolh_serventi_cartor_cont_787.jpg\" alt=\"\" width=\"787\" height=\"525\" srcset=\"https:\/\/www.tjes.jus.br\/corregedoria\/wp-content\/uploads\/2018\/09\/INT_2_250918_audien_escolh_serventi_cartor_cont_787.jpg 787w, https:\/\/www.tjes.jus.br\/corregedoria\/wp-content\/uploads\/2018\/09\/INT_2_250918_audien_escolh_serventi_cartor_cont_787-300x200.jpg 300w\" sizes=\"(max-width: 787px) 100vw, 787px\" \/><\/a><\/p>\n<p style=\"text-align: justify;\">Estavam presentes \u00e0 audi\u00eancia, al\u00e9m do Presidente e do Corregedor, o Procurador de Justi\u00e7a do Minist\u00e9rio P\u00fablico Estadual, Dr. S\u00f3crates de Souza, e os ju\u00edzes de Direito Gustavo Henrique Procopio Silva, Gustavo Mar\u00e7al da Silva e Salom\u00e3o Akhnatom Zoroastro Spencer Elesbon, que integraram a banca do concurso p\u00fablico.<\/p>\n<p style=\"text-align: justify;\">Na manh\u00e3 desta ter\u00e7a-feira, ao reabrir a audi\u00eancia p\u00fablica, o Presidente do TJES, Desembargador S\u00e9rgio Gama cumprimentou a todos e parabenizou a forma polida e educada com a qual os candidatos se dirigiram \u00e0 mesa para colocarem seus questionamentos e, da mesma forma, elogiou o Corregedor, Desembargador Samuel Meira Brasil J\u00fanior, pela forma como vem conduzindo os trabalhos.<\/p>\n<p><a href=\"https:\/\/www.tjes.jus.br\/corregedoria\/2018\/09\/27\/corregedoria-encerra-a-primeira-etapa-da-escolha-de-serventias-de-notas-e-de-registro-do-estado\/int_3_250918_audien_escolh_serventi_cartor_cont_787\/\" rel=\"attachment wp-att-25119\"><img loading=\"lazy\" decoding=\"async\" class=\"size-full wp-image-25119 aligncenter\" src=\"https:\/\/www.tjes.jus.br\/corregedoria\/wp-content\/uploads\/2018\/09\/INT_3_250918_audien_escolh_serventi_cartor_cont_787.jpg\" alt=\"\" width=\"787\" height=\"525\" srcset=\"https:\/\/www.tjes.jus.br\/corregedoria\/wp-content\/uploads\/2018\/09\/INT_3_250918_audien_escolh_serventi_cartor_cont_787.jpg 787w, https:\/\/www.tjes.jus.br\/corregedoria\/wp-content\/uploads\/2018\/09\/INT_3_250918_audien_escolh_serventi_cartor_cont_787-300x200.jpg 300w\" sizes=\"(max-width: 787px) 100vw, 787px\" \/><\/a><\/p>\n<p style=\"text-align: justify;\">\u201cQuero cumprimentar o Desembargador Samuel pela forma com que ele vem conduzindo esta audi\u00eancia, procurando dirimir as d\u00favidas porventura surgidas e existentes. O nosso objetivo \u00e9 realmente concluir na \u00edntegra o concurso de 2006. \u00c9 nosso interesse, \u00e9 interesse da justi\u00e7a, dos senhores candidatos, \u00e9 interesse p\u00fablico, enfim, interesse de todos\u201d, destacou o Presidente do TJES.<\/p>\n<p style=\"text-align: justify;\">A audi\u00eancia terminou por volta das 17h desta ter\u00e7a-feira, quando a Ata foi assinada.<\/p>\n<p><a href=\"https:\/\/www.tjes.jus.br\/corregedoria\/2018\/09\/27\/corregedoria-encerra-a-primeira-etapa-da-escolha-de-serventias-de-notas-e-de-registro-do-estado\/int_250918_audien_escolh_serventi_cartor_cont_787\/\" rel=\"attachment wp-att-25120\"><img loading=\"lazy\" decoding=\"async\" class=\"size-full wp-image-25120 aligncenter\" src=\"https:\/\/www.tjes.jus.br\/corregedoria\/wp-content\/uploads\/2018\/09\/INT_250918_audien_escolh_serventi_cartor_cont_787.jpg\" alt=\"\" width=\"787\" height=\"525\" srcset=\"https:\/\/www.tjes.jus.br\/corregedoria\/wp-content\/uploads\/2018\/09\/INT_250918_audien_escolh_serventi_cartor_cont_787.jpg 787w, https:\/\/www.tjes.jus.br\/corregedoria\/wp-content\/uploads\/2018\/09\/INT_250918_audien_escolh_serventi_cartor_cont_787-300x200.jpg 300w\" sizes=\"(max-width: 787px) 100vw, 787px\" \/><\/a><\/p>\n<p style=\"text-align: justify;\">A segunda etapa da sess\u00e3o p\u00fablica est\u00e1 prevista para acontecer nesta quarta-feira, 26\/9, a partir das 9h. Os editais de chamamento foram publicados no Di\u00e1rio da Justi\u00e7a (e-di\u00e1rio) nos dias 17, 18 e 19 de setembro e os interessados podem conferir no site do TJES.<\/p>\n<p style=\"text-align: justify;\">Vit\u00f3ria, 25 de setembro de 2018.<\/p>\n<p>&nbsp;<\/p>\n<p style=\"text-align: justify;\">\n","protected":false},"excerpt":{"rendered":"<p>O Presidente do Tribunal de Justi\u00e7a do Esp\u00edrito Santo, Desembargador S\u00e9rgio Luiz Teixeira Gama e o Corregedor-Geral da Justi\u00e7a, Desembargador Samuel Meira Brasil J\u00fanior, finalizaram, nesta ter\u00e7a-feira (24\/9), a primeira etapa da sess\u00e3o p\u00fablica de escolha de delega\u00e7\u00f5es de serventias extrajudiciais, relativas aos concursos p\u00fablicos de outorga de delega\u00e7\u00f5es de serventias extrajudiciais. Os trabalhos ser\u00e3o [&hellip;]<\/p>\n","protected":false},"author":9,"featured_media":25117,"comment_status":"closed","ping_status":"closed","sticky":false,"template":"","format":"standard","meta":{"footnotes":""},"categories":[1],"tags":[],"_links":{"self":[{"href":"https:\/\/www.tjes.jus.br\/corregedoria\/wp-json\/wp\/v2\/posts\/25116"}],"collection":[{"href":"https:\/\/www.tjes.jus.br\/corregedoria\/wp-json\/wp\/v2\/posts"}],"about":[{"href":"https:\/\/www.tjes.jus.br\/corregedoria\/wp-json\/wp\/v2\/types\/post"}],"author":[{"embeddable":true,"href":"https:\/\/www.tjes.jus.br\/corregedoria\/wp-json\/wp\/v2\/users\/9"}],"replies":[{"embeddable":true,"href":"https:\/\/www.tjes.jus.br\/corregedoria\/wp-json\/wp\/v2\/comments?post=25116"}],"version-history":[{"count":6,"href":"https:\/\/www.tjes.jus.br\/corregedoria\/wp-json\/wp\/v2\/posts\/25116\/revisions"}],"predecessor-version":[{"id":29431,"href":"https:\/\/www.tjes.jus.br\/corregedoria\/wp-json\/wp\/v2\/posts\/25116\/revisions\/29431"}],"wp:featuredmedia":[{"embeddable":true,"href":"https:\/\/www.tjes.jus.br\/corregedoria\/wp-json\/wp\/v2\/media\/25117"}],"wp:attachment":[{"href":"https:\/\/www.tjes.jus.br\/corregedoria\/wp-json\/wp\/v2\/media?parent=25116"}],"wp:term":[{"taxonomy":"category","embeddable":true,"href":"https:\/\/www.tjes.jus.br\/corregedoria\/wp-json\/wp\/v2\/categories?post=25116"},{"taxonomy":"post_tag","embeddable":true,"href":"https:\/\/www.tjes.jus.br\/corregedoria\/wp-json\/wp\/v2\/tags?post=25116"}],"curies":[{"name":"wp","href":"https:\/\/api.w.org\/{rel}","templated":true}]}}