{"id":25144,"date":"2018-10-03T12:34:39","date_gmt":"2018-10-03T15:34:39","guid":{"rendered":"https:\/\/www.tjes.jus.br\/corregedoria\/?p=25144"},"modified":"2018-10-03T12:34:39","modified_gmt":"2018-10-03T15:34:39","slug":"oficio-circular-no-7-2018-secao-de-monitoramento-de-foro-extrajudicial-disp-03-10-2018","status":"publish","type":"post","link":"https:\/\/www.tjes.jus.br\/corregedoria\/2018\/10\/03\/oficio-circular-no-7-2018-secao-de-monitoramento-de-foro-extrajudicial-disp-03-10-2018\/","title":{"rendered":"OF\u00cdCIO-CIRCULAR N\u00ba 7\/2018 &#8211; SECAO DE MONITORAMENTO DE FORO EXTRAJUDICIAL &#8211; DISP. 03\/10\/2018"},"content":{"rendered":"<p style=\"text-align: center;\"><span lang=\"pt-BR\"><strong>PODER JUDICI\u00c1RIO DO ESTADO DO ESP\u00cdRITO SANTO &#8211; PJES<\/strong><\/span><\/p>\n<p style=\"text-align: center;\"><span lang=\"pt-BR\"><strong>RUA DESEMBARGADOR HOMERO MAFRA,60 &#8211; Bairro ENSEADA DO SU\u00c1 &#8211; CEP 29050906 &#8211; Vit\u00f3ria &#8211; ES &#8211; <\/strong><\/span><span lang=\"pt-BR\"><strong>www.tjes.jus.br<\/strong><\/span><\/p>\n<p style=\"text-align: center;\"><span lang=\"pt-BR\">Of\u00edcio-Circular N\u00ba 7\/2018 &#8211; SECAO DE MONITORAMENTO DE FORO EXTRAJUDICIAL<\/span><\/p>\n<p><span lang=\"pt-BR\">Vit\u00f3ria, 22 de agosto de 2018.<\/span><\/p>\n<p align=\"justify\"><span lang=\"pt-BR\">O Excelent\u00edssimo Senhor Desembargador \u00a0<\/span><span lang=\"pt-BR\"><strong>SAMUEL MEIRA BRASIL JR.<\/strong><\/span><span lang=\"pt-BR\">, Corregedor Geral da Justi\u00e7a do Estado do Esp\u00edrito Santo, no uso de suas atribui\u00e7\u00f5es legais e,<\/span><\/p>\n<p align=\"justify\"><span lang=\"pt-BR\"><strong>CONSIDERANDO<\/strong><\/span><span lang=\"pt-BR\"> que a Corregedoria Geral da Justi\u00e7a \u00e9 \u00f3rg\u00e3o de fiscaliza\u00e7\u00e3o, disciplina e orienta\u00e7\u00e3o administrativa, com circunscri\u00e7\u00e3o em todo o Estado, conforme art. 35 da Lei\u00a0Complementar Estadual n.\u00ba 234\/2002 (COJES)\u037e<\/span><\/p>\n<p align=\"justify\"><span lang=\"pt-BR\"><strong>CONSIDERANDO<\/strong><\/span><span lang=\"pt-BR\"> o recebimento do comunicado enviado para esta Corregedoria sob n.\u00ba 2018.01.161.349, do Cart\u00f3rio de Registro Civil das Pessoas F\u00edsicas, Jur\u00eddicas e Tabelionato da 1\u00aa Zona Judici\u00e1ria de\u00a0Vit\u00f3ria \u2013 ES.<\/span><\/p>\n<p align=\"justify\"><span lang=\"pt-BR\"><strong>CONSIDERANDO<\/strong><\/span><span lang=\"pt-BR\"> que o referido comunicado informa sobre a inutiliza\u00e7\u00e3o de pap\u00e9is de seguran\u00e7a para o ato de aposi\u00e7\u00e3o de apostila, conforme consta em anexo.<\/span><\/p>\n<p align=\"justify\"><span lang=\"pt-BR\"><strong>RECOMENDA<\/strong><\/span><span lang=\"pt-BR\"> aos Ju\u00edzes de Direito Diretores dos Foros, Membros do Minist\u00e9rio P\u00fablico,\u00a0Advogados, Not\u00e1rios e Registradores, Serventu\u00e1rios e a quem mais possa interessar, que observem os comunicados em anexo, e adotem as provid\u00eancias que entenderem pertinentes.<\/span><\/p>\n<p align=\"justify\"><span lang=\"pt-BR\"><strong>Publique-se. Cumpra-se.<\/strong><\/span><\/p>\n<p align=\"justify\"><span lang=\"pt-BR\">Vit\u00f3ria\/ES, 22\u00a0de agosto de 2018.<\/span><\/p>\n<p align=\"center\"><span lang=\"pt-BR\"><strong>Desembargador SAMUEL MEIRA BRASIL JR.<\/strong><\/span><\/p>\n<p align=\"center\"><span lang=\"pt-BR\"><strong>Corregedor Geral da Justi\u00e7a<\/strong><\/span><\/p>\n<p align=\"center\"><span lang=\"pt-BR\"><strong><a href=\"https:\/\/sistemas.tjes.jus.br\/ediario\/images\/Protocolo_0040336_201801161349_2.pdf\" target=\"_blank\" rel=\"noopener\">ANEXO &#8211; CLIQUE AQUI<\/a><\/strong><\/span><\/p>\n","protected":false},"excerpt":{"rendered":"<p>PODER JUDICI\u00c1RIO DO ESTADO DO ESP\u00cdRITO SANTO &#8211; PJES RUA DESEMBARGADOR HOMERO MAFRA,60 &#8211; Bairro ENSEADA DO SU\u00c1 &#8211; CEP 29050906 &#8211; Vit\u00f3ria &#8211; ES &#8211; www.tjes.jus.br Of\u00edcio-Circular N\u00ba 7\/2018 &#8211; SECAO DE MONITORAMENTO DE FORO EXTRAJUDICIAL Vit\u00f3ria, 22 de agosto de 2018. O Excelent\u00edssimo Senhor Desembargador \u00a0SAMUEL MEIRA BRASIL JR., Corregedor Geral da Justi\u00e7a [&hellip;]<\/p>\n","protected":false},"author":9,"featured_media":0,"comment_status":"closed","ping_status":"closed","sticky":false,"template":"","format":"standard","meta":{"footnotes":""},"categories":[5],"tags":[],"_links":{"self":[{"href":"https:\/\/www.tjes.jus.br\/corregedoria\/wp-json\/wp\/v2\/posts\/25144"}],"collection":[{"href":"https:\/\/www.tjes.jus.br\/corregedoria\/wp-json\/wp\/v2\/posts"}],"about":[{"href":"https:\/\/www.tjes.jus.br\/corregedoria\/wp-json\/wp\/v2\/types\/post"}],"author":[{"embeddable":true,"href":"https:\/\/www.tjes.jus.br\/corregedoria\/wp-json\/wp\/v2\/users\/9"}],"replies":[{"embeddable":true,"href":"https:\/\/www.tjes.jus.br\/corregedoria\/wp-json\/wp\/v2\/comments?post=25144"}],"version-history":[{"count":1,"href":"https:\/\/www.tjes.jus.br\/corregedoria\/wp-json\/wp\/v2\/posts\/25144\/revisions"}],"predecessor-version":[{"id":25145,"href":"https:\/\/www.tjes.jus.br\/corregedoria\/wp-json\/wp\/v2\/posts\/25144\/revisions\/25145"}],"wp:attachment":[{"href":"https:\/\/www.tjes.jus.br\/corregedoria\/wp-json\/wp\/v2\/media?parent=25144"}],"wp:term":[{"taxonomy":"category","embeddable":true,"href":"https:\/\/www.tjes.jus.br\/corregedoria\/wp-json\/wp\/v2\/categories?post=25144"},{"taxonomy":"post_tag","embeddable":true,"href":"https:\/\/www.tjes.jus.br\/corregedoria\/wp-json\/wp\/v2\/tags?post=25144"}],"curies":[{"name":"wp","href":"https:\/\/api.w.org\/{rel}","templated":true}]}}