{"id":25238,"date":"2018-10-16T12:37:11","date_gmt":"2018-10-16T15:37:11","guid":{"rendered":"https:\/\/www.tjes.jus.br\/corregedoria\/?p=25238"},"modified":"2018-10-16T12:37:11","modified_gmt":"2018-10-16T15:37:11","slug":"oficio-circular-cgjes-no-164-2018-disp-16-10-2018","status":"publish","type":"post","link":"https:\/\/www.tjes.jus.br\/corregedoria\/2018\/10\/16\/oficio-circular-cgjes-no-164-2018-disp-16-10-2018\/","title":{"rendered":"OF\u00cdCIO CIRCULAR CGJES N\u00ba 164\/2018 &#8211; DISP. 16\/10\/2018"},"content":{"rendered":"<p align=\"center\">ESTADO DO ESP\u00cdRITO SANTO<\/p>\n<p align=\"center\">PODER JUDICI\u00c1RIO<\/p>\n<p align=\"center\"><span lang=\"pt-BR\"><strong>CORREGEDORIA GERAL DA JUSTI\u00c7A<\/strong><\/span><\/p>\n<p align=\"center\"><strong>OF\u00cdCIO CIRCULAR CGJES N\u00ba 164\/2018<\/strong><\/p>\n<p align=\"justify\">O Exmo. Sr. Desembargador Corregedor-Geral da Justi\u00e7a do Estado do Esp\u00edrito Santo, Desembargador SAMUEL MEIRA BRASIL JR. no uso de suas atribui\u00e7\u00f5es legais e:<\/p>\n<p align=\"justify\"><span lang=\"pt-BR\"><strong>CONSIDERANDO<\/strong><\/span><span lang=\"pt-BR\"> que a Corregedoria Geral da Justi\u00e7a \u00e9 \u00f3rg\u00e3o de fiscaliza\u00e7\u00e3o, disciplina e orienta\u00e7\u00e3o administrativa do foro extrajudicial, com jurisdi\u00e7\u00e3o em todo o Estado, conforme art. 35 da Lei Complementar Estadual n.\u00ba 234\/2002 (COJES) c\/c art. 37 da Lei Federal n.\u00ba 8.935\/94;<\/span><\/p>\n<p align=\"justify\"><strong>CONSIDERANDO<\/strong> a publica\u00e7\u00e3o do Provimento n.\u00ba 73\/2018 da Corregedoria Nacional de Justi\u00e7a, que disp\u00f5e sobre a averba\u00e7\u00e3o da altera\u00e7\u00e3o do prenome e do g\u00eanero nos assentos de nascimento e casamento de pessoa transg\u00eanero no Registro Civil das Pessoas Naturais (RCPN);<\/p>\n<p align=\"justify\"><strong>RESOLVE:<\/strong><\/p>\n<p align=\"justify\"><strong>DAR CI\u00caNCIA\u00a0<\/strong>aos Oficiais de Registro Civil de Pessoas Naturais do Estado do Esp\u00edrito Santo da publica\u00e7\u00e3o do Provimento n.\u00ba 73\/2018 da Corregedoria Nacional de Justi\u00e7a, que estabelece sobre a averba\u00e7\u00e3o da altera\u00e7\u00e3o do prenome e do g\u00eanero nos assentos de nascimento e casamento de pessoa transg\u00eanero no Registro Civil das Pessoas Naturais (RCPN).<\/p>\n<p align=\"justify\"><strong>Publique-se.<\/strong><\/p>\n<p align=\"justify\">Vit\u00f3ria-ES, 5 de outubro de 2018.<\/p>\n<p align=\"center\"><strong>Desembargador SAMUEL MEIRA BRASIL JR.<\/strong><\/p>\n<p align=\"center\"><strong>Corregedor Geral da Justi\u00e7a<\/strong><\/p>\n","protected":false},"excerpt":{"rendered":"<p>ESTADO DO ESP\u00cdRITO SANTO PODER JUDICI\u00c1RIO CORREGEDORIA GERAL DA JUSTI\u00c7A OF\u00cdCIO CIRCULAR CGJES N\u00ba 164\/2018 O Exmo. Sr. Desembargador Corregedor-Geral da Justi\u00e7a do Estado do Esp\u00edrito Santo, Desembargador SAMUEL MEIRA BRASIL JR. no uso de suas atribui\u00e7\u00f5es legais e: CONSIDERANDO que a Corregedoria Geral da Justi\u00e7a \u00e9 \u00f3rg\u00e3o de fiscaliza\u00e7\u00e3o, disciplina e orienta\u00e7\u00e3o administrativa do [&hellip;]<\/p>\n","protected":false},"author":9,"featured_media":0,"comment_status":"closed","ping_status":"closed","sticky":false,"template":"","format":"standard","meta":{"footnotes":""},"categories":[5],"tags":[],"_links":{"self":[{"href":"https:\/\/www.tjes.jus.br\/corregedoria\/wp-json\/wp\/v2\/posts\/25238"}],"collection":[{"href":"https:\/\/www.tjes.jus.br\/corregedoria\/wp-json\/wp\/v2\/posts"}],"about":[{"href":"https:\/\/www.tjes.jus.br\/corregedoria\/wp-json\/wp\/v2\/types\/post"}],"author":[{"embeddable":true,"href":"https:\/\/www.tjes.jus.br\/corregedoria\/wp-json\/wp\/v2\/users\/9"}],"replies":[{"embeddable":true,"href":"https:\/\/www.tjes.jus.br\/corregedoria\/wp-json\/wp\/v2\/comments?post=25238"}],"version-history":[{"count":1,"href":"https:\/\/www.tjes.jus.br\/corregedoria\/wp-json\/wp\/v2\/posts\/25238\/revisions"}],"predecessor-version":[{"id":25239,"href":"https:\/\/www.tjes.jus.br\/corregedoria\/wp-json\/wp\/v2\/posts\/25238\/revisions\/25239"}],"wp:attachment":[{"href":"https:\/\/www.tjes.jus.br\/corregedoria\/wp-json\/wp\/v2\/media?parent=25238"}],"wp:term":[{"taxonomy":"category","embeddable":true,"href":"https:\/\/www.tjes.jus.br\/corregedoria\/wp-json\/wp\/v2\/categories?post=25238"},{"taxonomy":"post_tag","embeddable":true,"href":"https:\/\/www.tjes.jus.br\/corregedoria\/wp-json\/wp\/v2\/tags?post=25238"}],"curies":[{"name":"wp","href":"https:\/\/api.w.org\/{rel}","templated":true}]}}