{"id":25299,"date":"2018-10-23T13:06:37","date_gmt":"2018-10-23T16:06:37","guid":{"rendered":"https:\/\/www.tjes.jus.br\/corregedoria\/?p=25299"},"modified":"2018-10-23T13:06:37","modified_gmt":"2018-10-23T16:06:37","slug":"oficio-circular-no-10-2018-processo-sei-7001844-37-2018-8-08-000-disp-23-10-2018","status":"publish","type":"post","link":"https:\/\/www.tjes.jus.br\/corregedoria\/2018\/10\/23\/oficio-circular-no-10-2018-processo-sei-7001844-37-2018-8-08-000-disp-23-10-2018\/","title":{"rendered":"OF\u00cdCIO-CIRCULAR N\u00ba 10\/2018. (Processo SEI: 7001844-37.2018.8.08.000) &#8211; DISP. 23\/10\/2018"},"content":{"rendered":"<p align=\"center\"><strong>ESTADO DO ESP\u00cdRITO SANTO<\/strong><\/p>\n<p style=\"text-align: center;\" align=\"center\"><strong>PODER JUDICI\u00c1RIO<\/strong><\/p>\n<p style=\"text-align: center;\" align=\"center\"><strong>CORREGEDORIA GERAL DA JUSTI\u00c7A<\/strong><\/p>\n<p style=\"text-align: center;\" align=\"left\"><strong>OF\u00cdCIO-CIRCULAR N\u00ba 10\/2018.<\/strong><\/p>\n<p style=\"text-align: center;\" align=\"justify\"><strong>Processo SEI: 7001844-37.2018.8.08.000<\/strong><\/p>\n<p align=\"justify\">O Desembargador Corregedor-Geral da Justi\u00e7a do Estado do Esp\u00edrito Santo, no uso de suas atribui\u00e7\u00f5es legais:<\/p>\n<p align=\"justify\"><strong>CONSIDERANDO<\/strong> que a Corregedoria Geral da Justi\u00e7a \u00e9 \u00f3rg\u00e3o de fiscaliza\u00e7\u00e3o, disciplina e orienta\u00e7\u00e3o administrativa, com circunscri\u00e7\u00e3o em todo o Estado, conforme art. 35 da Lei Complementar Estadual n.\u00ba 234\/2002 (COJES);<\/p>\n<p align=\"justify\"><strong>CONSIDERANDO<\/strong> o recebimento do comunicado enviado para esta Corregedoria pelo Malote digital C\u00f3digo de rastreabilidade sob n.\u00ba <strong>8082018735586<\/strong>, do Cart\u00f3rio do 2\u00ba Of\u00edcio de Notas do Ju\u00edzo de Vit\u00f3ria\/ES;<\/p>\n<p align=\"justify\"><strong>CONSIDERANDO<\/strong> que o referido comunicado informa sobre a inutiliza\u00e7\u00e3o de pap\u00e9is de seguran\u00e7a para o ato de aposi\u00e7\u00e3o de apostila, conforme consta em anexo.<\/p>\n<p align=\"justify\"><strong>RECOMENDA<\/strong> aos Ju\u00edzes de Direito Diretores dos Foros, Membros do Minist\u00e9rio P\u00fablico, Advogados, Not\u00e1rios e Registradores, Serventu\u00e1rios e a quem mais possa interessar, que observem os comunicados em anexo, e adotem as provid\u00eancias que entenderem pertinentes.<\/p>\n<p align=\"justify\"><strong>Publique-se. Cumpra-se.<\/strong><\/p>\n<p align=\"justify\">Vit\u00f3ria\/ES, 04 de outubro de 2018.<\/p>\n<p style=\"text-align: center;\" align=\"center\"><strong>Desembargador SAMUEL MEIRA BRASIL JR.<\/strong><\/p>\n<p style=\"text-align: center;\" align=\"center\"><strong>Corregedor Geral da Justi\u00e7a<\/strong><\/p>\n<p style=\"text-align: center;\" align=\"right\">Corregedoria Geral da Justi\u00e7a &#8211; Av. Jo\u00e3o Baptista Parra, n\u00ba 320 Enseada do Su\u00e1<\/p>\n<p style=\"text-align: center;\" align=\"right\">Vit\u00f3ria &#8211; ES &#8211; CEP: 29050-375 &#8211; <a href=\"http:\/\/www.cgj.jus.br\/\">http:\/\/www.cgj.jus.br<\/a><\/p>\n<p style=\"text-align: center;\" align=\"right\"><a href=\"https:\/\/sistemas.tjes.jus.br\/ediario\/images\/MD_-_8082018735586_-_CERTID%C3%83O.pdf\" target=\"_blank\" rel=\"noopener\">ANEXO &#8211; CLIQUE AQUI<\/a><\/p>\n","protected":false},"excerpt":{"rendered":"<p>ESTADO DO ESP\u00cdRITO SANTO PODER JUDICI\u00c1RIO CORREGEDORIA GERAL DA JUSTI\u00c7A OF\u00cdCIO-CIRCULAR N\u00ba 10\/2018. Processo SEI: 7001844-37.2018.8.08.000 O Desembargador Corregedor-Geral da Justi\u00e7a do Estado do Esp\u00edrito Santo, no uso de suas atribui\u00e7\u00f5es legais: CONSIDERANDO que a Corregedoria Geral da Justi\u00e7a \u00e9 \u00f3rg\u00e3o de fiscaliza\u00e7\u00e3o, disciplina e orienta\u00e7\u00e3o administrativa, com circunscri\u00e7\u00e3o em todo o Estado, conforme art. [&hellip;]<\/p>\n","protected":false},"author":9,"featured_media":0,"comment_status":"closed","ping_status":"closed","sticky":false,"template":"","format":"standard","meta":{"footnotes":""},"categories":[5],"tags":[],"_links":{"self":[{"href":"https:\/\/www.tjes.jus.br\/corregedoria\/wp-json\/wp\/v2\/posts\/25299"}],"collection":[{"href":"https:\/\/www.tjes.jus.br\/corregedoria\/wp-json\/wp\/v2\/posts"}],"about":[{"href":"https:\/\/www.tjes.jus.br\/corregedoria\/wp-json\/wp\/v2\/types\/post"}],"author":[{"embeddable":true,"href":"https:\/\/www.tjes.jus.br\/corregedoria\/wp-json\/wp\/v2\/users\/9"}],"replies":[{"embeddable":true,"href":"https:\/\/www.tjes.jus.br\/corregedoria\/wp-json\/wp\/v2\/comments?post=25299"}],"version-history":[{"count":1,"href":"https:\/\/www.tjes.jus.br\/corregedoria\/wp-json\/wp\/v2\/posts\/25299\/revisions"}],"predecessor-version":[{"id":25301,"href":"https:\/\/www.tjes.jus.br\/corregedoria\/wp-json\/wp\/v2\/posts\/25299\/revisions\/25301"}],"wp:attachment":[{"href":"https:\/\/www.tjes.jus.br\/corregedoria\/wp-json\/wp\/v2\/media?parent=25299"}],"wp:term":[{"taxonomy":"category","embeddable":true,"href":"https:\/\/www.tjes.jus.br\/corregedoria\/wp-json\/wp\/v2\/categories?post=25299"},{"taxonomy":"post_tag","embeddable":true,"href":"https:\/\/www.tjes.jus.br\/corregedoria\/wp-json\/wp\/v2\/tags?post=25299"}],"curies":[{"name":"wp","href":"https:\/\/api.w.org\/{rel}","templated":true}]}}