{"id":25349,"date":"2018-11-05T12:51:00","date_gmt":"2018-11-05T14:51:00","guid":{"rendered":"https:\/\/www.tjes.jus.br\/corregedoria\/?p=25349"},"modified":"2018-11-05T12:51:00","modified_gmt":"2018-11-05T14:51:00","slug":"oficio-circular-processo-sei-7004203-57-2018-8-08-000-no-15-2018","status":"publish","type":"post","link":"https:\/\/www.tjes.jus.br\/corregedoria\/2018\/11\/05\/oficio-circular-processo-sei-7004203-57-2018-8-08-000-no-15-2018\/","title":{"rendered":"OFICIO-CIRCULAR &#8211; PROCESSO SEI: 7004203-57.2018.8.08.000 &#8211;  N\u00ba 15\/2018"},"content":{"rendered":"<p align=\"center\"><span lang=\"pt-BR\"><strong>ESTADO DO ESP\u00cdRITO SANTO<\/strong><\/span><\/p>\n<p style=\"text-align: center;\" align=\"center\"><span lang=\"pt-BR\"><strong>PODER JUDICI\u00c1RIO<\/strong><\/span><\/p>\n<p style=\"text-align: center;\" align=\"center\"><span lang=\"pt-BR\"><strong>CORREGEDORIA GERAL DA JUSTI\u00c7A<\/strong><\/span><\/p>\n<p style=\"text-align: center;\"><span lang=\"pt-BR\"><strong>Of\u00edcio-Circular N\u00ba 15\/2018<\/strong><\/span><\/p>\n<p style=\"text-align: center;\" align=\"justify\"><span lang=\"pt-BR\"><strong>Processo SEI: 7004203-57.2018.8.08.000<\/strong><\/span><\/p>\n<p align=\"justify\"><span lang=\"pt-BR\">O Desembargador Corregedor-Geral da Justi\u00e7a do Estado do Esp\u00edrito Santo, no uso de suas atribui\u00e7\u00f5es legais:<\/span><\/p>\n<p align=\"justify\"><span lang=\"pt-BR\"><strong>CONSIDERANDO<\/strong><\/span><span lang=\"pt-BR\"> que a Corregedoria Geral da Justi\u00e7a \u00e9 \u00f3rg\u00e3o de fiscaliza\u00e7\u00e3o, disciplina e orienta\u00e7\u00e3o administrativa, com circunscri\u00e7\u00e3o em todo o Estado, conforme art. 35 da Lei Complementar Estadual n.\u00ba 234\/2002 (COJES);<\/span><\/p>\n<p align=\"justify\"><span lang=\"pt-BR\"><strong>CONSIDERANDO<\/strong><\/span><span lang=\"pt-BR\"> o recebimento do comunicado enviado para esta Corregedoria pelo Malote digital C\u00f3digo de rastreabilidade sob n.\u00ba <\/span><span lang=\"pt-BR\"><strong>8082018888307,<\/strong><\/span><span lang=\"pt-BR\"> do Cart\u00f3rio de Registro Civil das Pessoas Naturais e Tabelionato de Notas da Sede da Comarca de Itapemirim\/ES;<\/span><span lang=\"pt-BR\"><strong>CONSIDERANDO<\/strong><\/span><span lang=\"pt-BR\"> que o referido comunicado informa sobre a inutiliza\u00e7\u00e3o de pap\u00e9is de seguran\u00e7a para o ato de aposi\u00e7\u00e3o de apostila, conforme consta em anexo.<\/span><\/p>\n<p align=\"justify\"><span lang=\"pt-BR\"><strong>RECOMENDA<\/strong><\/span><span lang=\"pt-BR\"> aos Ju\u00edzes de Direito Diretores dos Foros, Membros do Minist\u00e9rio P\u00fablico, Advogados, Not\u00e1rios e Registradores, Serventu\u00e1rios e a quem mais possa interessar, que observem os comunicados em anexo, e adotem as provid\u00eancias que entenderem pertinentes.<\/span><\/p>\n<p align=\"justify\"><span lang=\"pt-BR\"><strong>Publique-se. Cumpra-se.<\/strong><\/span><\/p>\n<p align=\"justify\"><span lang=\"pt-BR\">Vit\u00f3ria\/ES, 25 de outubro de 2018.<\/span><\/p>\n<p align=\"center\"><span lang=\"pt-BR\"><strong>Desembargador SAMUEL MEIRA BRASIL JR.<\/strong><\/span><\/p>\n<p align=\"center\"><span lang=\"pt-BR\"><strong>Corregedor Geral da Justi\u00e7a<\/strong><\/span><\/p>\n<p align=\"center\"><strong><span lang=\"pt-BR\"><a href=\"https:\/\/sistemas.tjes.jus.br\/ediario\/images\/OF%C3%8DCIO_CIRCULAR_N%C2%BA_15-2018_-_MD_8082018888307_Inutiliza%C3%A7%C3%A3o_de_papel_de_seguran%C3%A7a.pdf\" target=\"_blank\" rel=\"noopener\">PARA VISUALIZAR O ANEXO, CLIQUE AQUI<\/a><\/span><\/strong><\/p>\n","protected":false},"excerpt":{"rendered":"<p>ESTADO DO ESP\u00cdRITO SANTO PODER JUDICI\u00c1RIO CORREGEDORIA GERAL DA JUSTI\u00c7A Of\u00edcio-Circular N\u00ba 15\/2018 Processo SEI: 7004203-57.2018.8.08.000 O Desembargador Corregedor-Geral da Justi\u00e7a do Estado do Esp\u00edrito Santo, no uso de suas atribui\u00e7\u00f5es legais: CONSIDERANDO que a Corregedoria Geral da Justi\u00e7a \u00e9 \u00f3rg\u00e3o de fiscaliza\u00e7\u00e3o, disciplina e orienta\u00e7\u00e3o administrativa, com circunscri\u00e7\u00e3o em todo o Estado, conforme art. [&hellip;]<\/p>\n","protected":false},"author":9,"featured_media":0,"comment_status":"closed","ping_status":"closed","sticky":false,"template":"","format":"standard","meta":{"footnotes":""},"categories":[5],"tags":[],"_links":{"self":[{"href":"https:\/\/www.tjes.jus.br\/corregedoria\/wp-json\/wp\/v2\/posts\/25349"}],"collection":[{"href":"https:\/\/www.tjes.jus.br\/corregedoria\/wp-json\/wp\/v2\/posts"}],"about":[{"href":"https:\/\/www.tjes.jus.br\/corregedoria\/wp-json\/wp\/v2\/types\/post"}],"author":[{"embeddable":true,"href":"https:\/\/www.tjes.jus.br\/corregedoria\/wp-json\/wp\/v2\/users\/9"}],"replies":[{"embeddable":true,"href":"https:\/\/www.tjes.jus.br\/corregedoria\/wp-json\/wp\/v2\/comments?post=25349"}],"version-history":[{"count":1,"href":"https:\/\/www.tjes.jus.br\/corregedoria\/wp-json\/wp\/v2\/posts\/25349\/revisions"}],"predecessor-version":[{"id":25351,"href":"https:\/\/www.tjes.jus.br\/corregedoria\/wp-json\/wp\/v2\/posts\/25349\/revisions\/25351"}],"wp:attachment":[{"href":"https:\/\/www.tjes.jus.br\/corregedoria\/wp-json\/wp\/v2\/media?parent=25349"}],"wp:term":[{"taxonomy":"category","embeddable":true,"href":"https:\/\/www.tjes.jus.br\/corregedoria\/wp-json\/wp\/v2\/categories?post=25349"},{"taxonomy":"post_tag","embeddable":true,"href":"https:\/\/www.tjes.jus.br\/corregedoria\/wp-json\/wp\/v2\/tags?post=25349"}],"curies":[{"name":"wp","href":"https:\/\/api.w.org\/{rel}","templated":true}]}}