{"id":25358,"date":"2018-11-05T13:02:15","date_gmt":"2018-11-05T15:02:15","guid":{"rendered":"https:\/\/www.tjes.jus.br\/corregedoria\/?p=25358"},"modified":"2018-11-05T13:02:16","modified_gmt":"2018-11-05T15:02:16","slug":"ato-normativo-no-177-2018-disp-31-10-2018","status":"publish","type":"post","link":"https:\/\/www.tjes.jus.br\/corregedoria\/2018\/11\/05\/ato-normativo-no-177-2018-disp-31-10-2018\/","title":{"rendered":"ATO NORMATIVO N\u00ba 177\/2018 &#8211; DISP. 31\/10\/2018"},"content":{"rendered":"<p align=\"center\">ESTADO DO ESP\u00cdRITO SANTO \u2013 PODER JUDICI\u00c1RIO<\/p>\n<p align=\"center\">TRIBUNAL DE JUSTI\u00c7A<\/p>\n<p align=\"center\">PRESID\u00caNCIA<\/p>\n<p align=\"center\"><span lang=\"pt-BR\">Ato Normativo<\/span><span lang=\"pt-BR\"> N\u00ba 177\/2018<\/span><\/p>\n<p align=\"justify\"><span lang=\"pt-BR\">O Excelent\u00edssimo Senhor Desembargador S\u00c9RGIO LUIZ TEIXEIRA GAMA, Presidente do Egr\u00e9gio Tribunal de Justi\u00e7a do Estado do Esp\u00edrito Santo, no uso de suas atribui\u00e7\u00f5es legais e,<\/span><\/p>\n<p align=\"justify\"><span lang=\"pt-BR\">CONSIDERANDO a Resolu\u00e7\u00e3o n\u00ba 003\/2011, que instituiu o N\u00facleo Permanente de M\u00e9todos Consensuais de Solu\u00e7\u00e3o de Conflitos do Poder Judici\u00e1rio do Estado do Esp\u00edrito Santo, posteriormente alterada pela Resolu\u00e7\u00e3o n\u00ba 19\/2012;<\/span><\/p>\n<p align=\"justify\"><span lang=\"pt-BR\">CONSIDERANDO a Resolu\u00e7\u00e3o n\u00ba 017\/2013, que disp\u00f5e sobre a cria\u00e7\u00e3o dos Centros Judici\u00e1rios de Solu\u00e7\u00e3o de Conflitos e Cidadania no \u00e2mbito do Poder Judici\u00e1rio do Estado do Esp\u00edrito Santo, nos termos da Resolu\u00e7\u00e3o n\u00ba 125, do Conselho Nacional de Justi\u00e7a;<\/span><\/p>\n<p align=\"justify\"><span lang=\"pt-BR\">CONSIDERANDO que aos \u00f3rg\u00e3os judici\u00e1rios incumbe, al\u00e9m da solu\u00e7\u00e3o adjudicada mediante senten\u00e7a, oferecer outros mecanismos de solu\u00e7\u00f5es de controv\u00e9rsias, em especial os chamados meios consensuais, como a media\u00e7\u00e3o e a concilia\u00e7\u00e3o, bem como prestar atendimento e orienta\u00e7\u00e3o ao cidad\u00e3o;<\/span><\/p>\n<p align=\"justify\"><span lang=\"pt-BR\">RESOLVE:<\/span><\/p>\n<p align=\"justify\"><span lang=\"pt-BR\">Art. 1\u00ba \u2013 INSTITUIR Pauta Concentrada de Audi\u00eancias de Concilia\u00e7\u00e3o dos processos envolvendo Institui\u00e7\u00e3o Financeira dos Juizados Especiais C\u00edveis de Cariacica, Serra, Vila Velha e Vit\u00f3ria, a ser realizada no dia 27 de novembro de 2018, no hor\u00e1rio das 08:00 \u00e0s 17:00 horas pelo 3\u00ba Centro Judici\u00e1rio de Solu\u00e7\u00e3o de Conflitos e Cidadania \u2013 3\u00ba CEJUSC, situado a rua das Palmeiras, n\u00ba 685, Ed. Contempor\u00e2neo, 12\u00ba andar \u2013 Santa L\u00facia, Vit\u00f3ria\/ES, em conjunto com a Coordenadoria dos Juizados Especiais.<\/span><\/p>\n<p align=\"justify\"><span lang=\"pt-BR\">\u00a7 1\u00ba \u2013 Os Ju\u00edzes dos Juizados Especiais C\u00edveis de Cariacica, Serra, Vila Velha e Vit\u00f3ria ser\u00e3o cientificados dos processos que participar\u00e3o da Pauta Concentrada, bem como do dia e hor\u00e1rio das audi\u00eancias, por meio de e-mail encaminhado pelo 3\u00ba CEJUSC.<\/span><\/p>\n<p align=\"justify\"><span lang=\"pt-BR\">\u00a7 2\u00ba \u2013 Os ju\u00edzes determinar\u00e3o a intima\u00e7\u00e3o das partes envolvidas, bem como de seus respectivos patronos, para o comparecimento em dia e hor\u00e1rios predeterminados, segundo pauta a ser disponibilizada pelo 3\u00ba CEJUSC para cada um dos ju\u00edzos, munida de todos os documentos que entenderem pertinentes.<\/span><\/p>\n<p align=\"justify\"><span lang=\"pt-BR\">\u00a7 3\u00ba \u2013 A Institui\u00e7\u00e3o Financeira participante da Pauta Concentrada ser\u00e1 considerada intimada, na pessoa de seus patronos, a partir da publica\u00e7\u00e3o deste ato.<\/span><\/p>\n<p align=\"justify\"><span lang=\"pt-BR\">Art. 2\u00ba \u2013 Na hip\u00f3tese de composi\u00e7\u00e3o entre as partes, as atas ser\u00e3o imediatamente submetidas a um dos MM. Ju\u00edzes Coordenadores dos Juizados Especiais, Dra. Ana Cl\u00e1udia Rodrigues Faria e Dr. Leonardo Alvarenga da Fonseca, para homologa\u00e7\u00e3o.<\/span><\/p>\n<p align=\"justify\"><span lang=\"pt-BR\">Art. 3\u00ba \u2013 <\/span><span lang=\"pt-BR\">O 3\u00ba CEJUSC encaminhar\u00e1 as atas das sess\u00f5es realizadas para as Varas de origem, tendo ou n\u00e3o obtido acordo, at\u00e9 5 (cinco) dias \u00fateis ap\u00f3s o t\u00e9rmino do evento.<\/span><\/p>\n<p align=\"justify\"><span lang=\"pt-BR\">\u00a7 1\u00ba \u2013<\/span><span lang=\"pt-BR\">No caso de processos eletr\u00f4nicos, o 3\u00ba CEJUSC remeter\u00e1 as atas das sess\u00f5es realizadas para as Varas de origem via e-mail e os originais seguir\u00e3o ap\u00f3s o t\u00e9rmino do evento, via Correio, a fim de serem juntadas aos autos.<\/span><\/p>\n<p align=\"justify\"><span lang=\"pt-BR\">\u00a7 2\u00ba \u2013 A aus\u00eancia das partes ser\u00e1 devidamente certificada nos autos, ou<\/span><span lang=\"pt-BR\"> enviada a certid\u00e3o por e-mail, no caso de processos eletr\u00f4nicos.<\/span><\/p>\n<p align=\"justify\"><span lang=\"pt-BR\">Art. 4\u00ba \u2013 Este Ato Normativo entra em vigor na data de sua publica\u00e7\u00e3o.<\/span><\/p>\n<p align=\"justify\"><span lang=\"pt-BR\">Publique-se.<\/span><\/p>\n<p><span lang=\"pt-BR\">Vit\u00f3ria, 30 de outubro de 2018.<\/span><\/p>\n<p align=\"center\">Des. S\u00c9RGIO LUIZ TEIXEIRA GAMA<\/p>\n<p align=\"center\"><span lang=\"pt-BR\">Presidente<\/span><\/p>\n","protected":false},"excerpt":{"rendered":"<p>ESTADO DO ESP\u00cdRITO SANTO \u2013 PODER JUDICI\u00c1RIO TRIBUNAL DE JUSTI\u00c7A PRESID\u00caNCIA Ato Normativo N\u00ba 177\/2018 O Excelent\u00edssimo Senhor Desembargador S\u00c9RGIO LUIZ TEIXEIRA GAMA, Presidente do Egr\u00e9gio Tribunal de Justi\u00e7a do Estado do Esp\u00edrito Santo, no uso de suas atribui\u00e7\u00f5es legais e, CONSIDERANDO a Resolu\u00e7\u00e3o n\u00ba 003\/2011, que instituiu o N\u00facleo Permanente de M\u00e9todos Consensuais de [&hellip;]<\/p>\n","protected":false},"author":9,"featured_media":0,"comment_status":"closed","ping_status":"closed","sticky":false,"template":"","format":"standard","meta":{"footnotes":""},"categories":[4],"tags":[],"_links":{"self":[{"href":"https:\/\/www.tjes.jus.br\/corregedoria\/wp-json\/wp\/v2\/posts\/25358"}],"collection":[{"href":"https:\/\/www.tjes.jus.br\/corregedoria\/wp-json\/wp\/v2\/posts"}],"about":[{"href":"https:\/\/www.tjes.jus.br\/corregedoria\/wp-json\/wp\/v2\/types\/post"}],"author":[{"embeddable":true,"href":"https:\/\/www.tjes.jus.br\/corregedoria\/wp-json\/wp\/v2\/users\/9"}],"replies":[{"embeddable":true,"href":"https:\/\/www.tjes.jus.br\/corregedoria\/wp-json\/wp\/v2\/comments?post=25358"}],"version-history":[{"count":1,"href":"https:\/\/www.tjes.jus.br\/corregedoria\/wp-json\/wp\/v2\/posts\/25358\/revisions"}],"predecessor-version":[{"id":25363,"href":"https:\/\/www.tjes.jus.br\/corregedoria\/wp-json\/wp\/v2\/posts\/25358\/revisions\/25363"}],"wp:attachment":[{"href":"https:\/\/www.tjes.jus.br\/corregedoria\/wp-json\/wp\/v2\/media?parent=25358"}],"wp:term":[{"taxonomy":"category","embeddable":true,"href":"https:\/\/www.tjes.jus.br\/corregedoria\/wp-json\/wp\/v2\/categories?post=25358"},{"taxonomy":"post_tag","embeddable":true,"href":"https:\/\/www.tjes.jus.br\/corregedoria\/wp-json\/wp\/v2\/tags?post=25358"}],"curies":[{"name":"wp","href":"https:\/\/api.w.org\/{rel}","templated":true}]}}