{"id":2537,"date":"2016-06-20T19:06:48","date_gmt":"2016-06-20T22:06:48","guid":{"rendered":"https:\/\/www.tjes.jus.br\/corregedoria\/?p=2537"},"modified":"2017-07-04T13:51:13","modified_gmt":"2017-07-04T16:51:13","slug":"ato-normativo-no-0152014-disp-17012014","status":"publish","type":"post","link":"https:\/\/www.tjes.jus.br\/corregedoria\/2016\/06\/20\/ato-normativo-no-0152014-disp-17012014\/","title":{"rendered":"ATO NORMATIVO N\u00ba 015\/2014 &#8211; DISP. 17\/01\/2014"},"content":{"rendered":"<p style=\"text-align: center;\" align=\"center\"><strong>ESTADO DO ESP\u00cdRITO SANTO<\/strong><\/p>\n<p style=\"text-align: center;\" align=\"center\"><strong>PODER JUDICI\u00c1RIO<\/strong><\/p>\n<p style=\"text-align: center;\" align=\"center\"><strong>TRIBUNAL DE JUSTI\u00c7A<\/strong><\/p>\n<p style=\"text-align: center;\" align=\"center\"><strong>GABINETE DA PRESID\u00caNCIA<\/strong><\/p>\n<p style=\"text-align: center;\" align=\"center\"><strong>ATO NORMATIVO N\u00ba 015\/2014<\/strong><\/p>\n<p style=\"text-align: justify;\">O Excelent\u00edssimo Senhor Desembargador S\u00e9rgio Bizzotto Pessoa de Mendon\u00e7a, Presidente do Egr\u00e9gio Tribunal de Justi\u00e7a do Estado do Esp\u00edrito Santo, no uso de suas atribui\u00e7\u00f5es legais, e<\/p>\n<p style=\"text-align: justify;\"><strong>CONSIDERANDO<\/strong> o teor do <a href=\"https:\/\/www.tjes.jus.br\/corregedoria\/index.php\/2016\/08\/29\/ato-normativo-no-0652012-disp-29052012\/\" target=\"_blank\" rel=\"noopener noreferrer\">Ato Normativo n\u00ba 65\/2012<\/a>, que disp\u00f5e sobre a realiza\u00e7\u00e3o de audi\u00eancias de apresenta\u00e7\u00e3o de adolescentes apreendidos na Unidade de Atendimento Inicial &#8211; UNAI;<\/p>\n<p style=\"text-align: justify;\"><strong>CONSIDERANDO<\/strong> o elevado n\u00famero de adolescentes e infratores e a estrutura da Vara \u00danica da Comarca de Fund\u00e3o;<\/p>\n<p style=\"text-align: justify;\"><strong>CONSIDERANDO<\/strong> que a Comarca de Guarapari e Fund\u00e3o integram a Regi\u00e3o Metropolitana de Vit\u00f3ria;<\/p>\n<p style=\"text-align: justify;\"><strong>RESOLVE: <\/strong><\/p>\n<p style=\"text-align: justify;\"><strong>INCLUIR<\/strong> as Comarcas de Guarapari e Fund\u00e3o no art. 1\u00ba do <a href=\"https:\/\/www.tjes.jus.br\/corregedoria\/index.php\/2016\/08\/29\/ato-normativo-no-0652012-disp-29052012\/\" target=\"_blank\" rel=\"noopener noreferrer\">Ato Normativo n\u00ba 65\/2012<\/a>.<\/p>\n<p style=\"text-align: justify;\"><strong>Publique-se. <\/strong><\/p>\n<p style=\"text-align: justify;\" align=\"center\"><strong>Vit\u00f3ria, 16 de janeiro de 2014. <\/strong><\/p>\n<p style=\"text-align: center;\" align=\"center\"><strong>Desembargador S\u00c9RGIO BIZZOTTO PESSOA DE MENDON\u00c7A<br \/>\nPresidente<\/strong><\/p>\n","protected":false},"excerpt":{"rendered":"<p>ESTADO DO ESP\u00cdRITO SANTO PODER JUDICI\u00c1RIO TRIBUNAL DE JUSTI\u00c7A GABINETE DA PRESID\u00caNCIA ATO NORMATIVO N\u00ba 015\/2014 O Excelent\u00edssimo Senhor Desembargador S\u00e9rgio Bizzotto Pessoa de Mendon\u00e7a, Presidente do Egr\u00e9gio Tribunal de Justi\u00e7a do Estado do Esp\u00edrito Santo, no uso de suas atribui\u00e7\u00f5es legais, e CONSIDERANDO o teor do Ato Normativo n\u00ba 65\/2012, que disp\u00f5e sobre a [&hellip;]<\/p>\n","protected":false},"author":1,"featured_media":0,"comment_status":"open","ping_status":"open","sticky":false,"template":"","format":"standard","meta":{"footnotes":""},"categories":[4,14],"tags":[],"_links":{"self":[{"href":"https:\/\/www.tjes.jus.br\/corregedoria\/wp-json\/wp\/v2\/posts\/2537"}],"collection":[{"href":"https:\/\/www.tjes.jus.br\/corregedoria\/wp-json\/wp\/v2\/posts"}],"about":[{"href":"https:\/\/www.tjes.jus.br\/corregedoria\/wp-json\/wp\/v2\/types\/post"}],"author":[{"embeddable":true,"href":"https:\/\/www.tjes.jus.br\/corregedoria\/wp-json\/wp\/v2\/users\/1"}],"replies":[{"embeddable":true,"href":"https:\/\/www.tjes.jus.br\/corregedoria\/wp-json\/wp\/v2\/comments?post=2537"}],"version-history":[{"count":3,"href":"https:\/\/www.tjes.jus.br\/corregedoria\/wp-json\/wp\/v2\/posts\/2537\/revisions"}],"predecessor-version":[{"id":16328,"href":"https:\/\/www.tjes.jus.br\/corregedoria\/wp-json\/wp\/v2\/posts\/2537\/revisions\/16328"}],"wp:attachment":[{"href":"https:\/\/www.tjes.jus.br\/corregedoria\/wp-json\/wp\/v2\/media?parent=2537"}],"wp:term":[{"taxonomy":"category","embeddable":true,"href":"https:\/\/www.tjes.jus.br\/corregedoria\/wp-json\/wp\/v2\/categories?post=2537"},{"taxonomy":"post_tag","embeddable":true,"href":"https:\/\/www.tjes.jus.br\/corregedoria\/wp-json\/wp\/v2\/tags?post=2537"}],"curies":[{"name":"wp","href":"https:\/\/api.w.org\/{rel}","templated":true}]}}