{"id":25437,"date":"2018-11-07T12:43:40","date_gmt":"2018-11-07T14:43:40","guid":{"rendered":"https:\/\/www.tjes.jus.br\/corregedoria\/?p=25437"},"modified":"2018-11-07T12:44:33","modified_gmt":"2018-11-07T14:44:33","slug":"ato-normativo-no-203-2018-disp-07-11-2018-republicacao","status":"publish","type":"post","link":"https:\/\/www.tjes.jus.br\/corregedoria\/2018\/11\/07\/ato-normativo-no-203-2018-disp-07-11-2018-republicacao\/","title":{"rendered":"ATO NORMATIVO N\u00ba 203 \/2018 &#8211; DISP. 07\/11\/2018 &#8211; REPUBLICA\u00c7\u00c3O"},"content":{"rendered":"<p align=\"center\">ESTADO DO ESP\u00cdRITO SANTO<\/p>\n<p align=\"center\">PODER JUDICI\u00c1RIO<\/p>\n<p align=\"center\">TRIBUNAL DE JUSTI\u00c7A<\/p>\n<p align=\"center\"><i>GABINETE DA PRESID\u00caNCIA<\/i><\/p>\n<p align=\"center\"><strong>ATO NORMATIVO n\u00ba 203\/2018<\/strong><\/p>\n<p align=\"justify\">O Excelent\u00edssimo Senhor Desembargador Ney Batista Coutinho, Presidente em exerc\u00edcio do Egr\u00e9gio Tribunal de Justi\u00e7a do Estado do Esp\u00edrito Santo, no uso de suas atribui\u00e7\u00f5es legais,<\/p>\n<p align=\"justify\">CONSIDERANDO o teor dos expedientes protocolados neste Egr\u00e9gio Tribunal de Justi\u00e7a sob os n\u00fameros <span lang=\"pt-BR\">2018.01.661.338 e 2018.01.670.375<\/span>, <span lang=\"pt-BR\">encaminhados pelo Presidente da Ordem dos Advogados do Brasil \u2013 Se\u00e7\u00e3o do Esp\u00edrito Santo, por meio dos quais relata instabilidade no s\u00edtio eletr\u00f4nico do Tribunal de Justi\u00e7a do Estado do Esp\u00edrito Santo, o que vem impedindo os servi\u00e7os de peticionamento, consulta de pe\u00e7as e intima\u00e7\u00f5es, bem como emiss\u00e3o de guia de custas e demais atos necess\u00e1rios ao cumprimento de prazos;<\/span><\/p>\n<p align=\"justify\">RESOLVE:<\/p>\n<p lang=\"en-US\" align=\"justify\"><span lang=\"pt-BR\">SUSPENDER os prazos processuais em todo o Poder Judici\u00e1rio do Estado do Esp\u00edrito Santo no dia 05 de Novembro de 2018.<\/span><\/p>\n<p align=\"justify\">Publique-se.<\/p>\n<p align=\"center\">Vit\u00f3ria, 05 de Novembro de 2018.<\/p>\n<p align=\"center\">Des. NEY BATISTA COUTINHO<\/p>\n<p align=\"center\">Presidente em exerc\u00edcio<\/p>\n<p align=\"center\"><strong><span style=\"color: #ff0000;\">REPUBLICADO POR INCORRE\u00c7\u00c3O.<\/span><\/strong><\/p>\n","protected":false},"excerpt":{"rendered":"<p>ESTADO DO ESP\u00cdRITO SANTO PODER JUDICI\u00c1RIO TRIBUNAL DE JUSTI\u00c7A GABINETE DA PRESID\u00caNCIA ATO NORMATIVO n\u00ba 203\/2018 O Excelent\u00edssimo Senhor Desembargador Ney Batista Coutinho, Presidente em exerc\u00edcio do Egr\u00e9gio Tribunal de Justi\u00e7a do Estado do Esp\u00edrito Santo, no uso de suas atribui\u00e7\u00f5es legais, CONSIDERANDO o teor dos expedientes protocolados neste Egr\u00e9gio Tribunal de Justi\u00e7a sob os [&hellip;]<\/p>\n","protected":false},"author":9,"featured_media":0,"comment_status":"closed","ping_status":"closed","sticky":false,"template":"","format":"standard","meta":{"footnotes":""},"categories":[4],"tags":[],"_links":{"self":[{"href":"https:\/\/www.tjes.jus.br\/corregedoria\/wp-json\/wp\/v2\/posts\/25437"}],"collection":[{"href":"https:\/\/www.tjes.jus.br\/corregedoria\/wp-json\/wp\/v2\/posts"}],"about":[{"href":"https:\/\/www.tjes.jus.br\/corregedoria\/wp-json\/wp\/v2\/types\/post"}],"author":[{"embeddable":true,"href":"https:\/\/www.tjes.jus.br\/corregedoria\/wp-json\/wp\/v2\/users\/9"}],"replies":[{"embeddable":true,"href":"https:\/\/www.tjes.jus.br\/corregedoria\/wp-json\/wp\/v2\/comments?post=25437"}],"version-history":[{"count":2,"href":"https:\/\/www.tjes.jus.br\/corregedoria\/wp-json\/wp\/v2\/posts\/25437\/revisions"}],"predecessor-version":[{"id":25440,"href":"https:\/\/www.tjes.jus.br\/corregedoria\/wp-json\/wp\/v2\/posts\/25437\/revisions\/25440"}],"wp:attachment":[{"href":"https:\/\/www.tjes.jus.br\/corregedoria\/wp-json\/wp\/v2\/media?parent=25437"}],"wp:term":[{"taxonomy":"category","embeddable":true,"href":"https:\/\/www.tjes.jus.br\/corregedoria\/wp-json\/wp\/v2\/categories?post=25437"},{"taxonomy":"post_tag","embeddable":true,"href":"https:\/\/www.tjes.jus.br\/corregedoria\/wp-json\/wp\/v2\/tags?post=25437"}],"curies":[{"name":"wp","href":"https:\/\/api.w.org\/{rel}","templated":true}]}}