{"id":25441,"date":"2018-11-07T12:56:43","date_gmt":"2018-11-07T14:56:43","guid":{"rendered":"https:\/\/www.tjes.jus.br\/corregedoria\/?p=25441"},"modified":"2018-11-07T12:56:43","modified_gmt":"2018-11-07T14:56:43","slug":"ato-normativo-no-206-2018-disp-07-11-2018","status":"publish","type":"post","link":"https:\/\/www.tjes.jus.br\/corregedoria\/2018\/11\/07\/ato-normativo-no-206-2018-disp-07-11-2018\/","title":{"rendered":"ATO NORMATIVO N\u00ba 206\/2018 &#8211; DISP. 07\/11\/2018"},"content":{"rendered":"<p align=\"center\"><strong>ESTADO DO ESP\u00cdRITO SANTO<\/strong><\/p>\n<p align=\"center\"><strong>PODER JUDICI\u00c1RIO<\/strong><\/p>\n<p align=\"center\"><strong>TRIBUNAL DE JUSTI\u00c7A<\/strong><\/p>\n<p align=\"center\"><i><strong>GABINETE DA PRESID\u00caNCIA<\/strong><\/i><\/p>\n<p align=\"center\"><strong>ATO NORMATIVO N\u00ba 206\/2018<\/strong><\/p>\n<p align=\"justify\"><strong>O Exmo. Sr. Desembargador S\u00c9RGIO LUIZ TEIXEIRA GAMA, Presidente do Egr\u00e9gio Tribunal de Justi\u00e7a do Estado do Esp\u00edrito Santo<\/strong>, no uso de suas atribui\u00e7\u00f5es legais e regimentais:<\/p>\n<p align=\"justify\">CONSIDERANDO o Ato n\u00ba 2273\/2012 (DJ de 01\/08\/2012) que constituiu a Comiss\u00e3o Permanente de Invent\u00e1rio dos Bens M\u00f3veis e Im\u00f3veis do Poder Judici\u00e1rio do Estado do Esp\u00edrito Santo e o <a href=\"https:\/\/www.tjes.jus.br\/corregedoria\/2018\/01\/26\/ato-normativo-no-0222018-disp-26012018\/\" target=\"_blank\" rel=\"noopener\">Ato Normativo N\u00ba 22\/2018<\/a> (e-Di\u00e1rio de 26\/01\/2018) que alterou a \u00faltima composi\u00e7\u00e3o da referida Comiss\u00e3o,<\/p>\n<p align=\"justify\">CONSIDERANDO a necessidade anual de proceder o levantamento, acur\u00e1cia, avalia\u00e7\u00e3o, reavalia\u00e7\u00e3o, amortiza\u00e7\u00e3o e deprecia\u00e7\u00e3o cont\u00e1bil dos bens m\u00f3veis, im\u00f3veis e intang\u00edveis que comp\u00f5em o patrim\u00f4nio do Poder Judici\u00e1rio do Estado do Esp\u00edrito Santo, conforme procedimentos descritos nas normas e metodologias vigentes,<\/p>\n<p align=\"justify\"><strong>RESOLVE:<\/strong><\/p>\n<p align=\"justify\"><strong>Art. 1\u00b0\u00a0<\/strong>&#8211; ALTERAR a composi\u00e7\u00e3o da\u00a0<strong>COMISS\u00c3O PERMANENTE DE INVENT\u00c1RIO DOS BENS M\u00d3VEIS E IM\u00d3VEIS DO PODER JUDICI\u00c1RIO DO ESTADO DO ESP\u00cdRITO SANTO<\/strong>, que passar\u00e1 a ser composta pelos servidores:<\/p>\n<p align=\"justify\">&#8211; GUSTAVO GON\u00c7ALVES BIAZI: invent\u00e1rio de bens permanentes m\u00f3veis comuns e\u00a0<strong>Presidente da Comiss\u00e3o<\/strong>.<\/p>\n<p align=\"justify\">&#8211; RONNEY BRUNELLI DUTRA: invent\u00e1rio de bens permanentes m\u00f3veis comuns.<\/p>\n<p align=\"justify\">&#8211; ALEXANDRE LAINO MARTINS: invent\u00e1rio de bens permanentes m\u00f3veis comuns.<\/p>\n<p align=\"justify\">&#8211; PEDRO VELOSO: invent\u00e1rio de bens permanentes m\u00f3veis comuns.<\/p>\n<p align=\"justify\">&#8211; MARIA BERNADETTE DOS SANTOS QUINAMO: invent\u00e1rio de bens permanentes m\u00f3veis comuns.<\/p>\n<p align=\"justify\">&#8211; MARCO ANTONIO LUCINDO BOLELLI: invent\u00e1rio de bens permanentes m\u00f3veis comuns.<\/p>\n<p align=\"justify\">&#8211; FERNANDA BRAGA DE ARA\u00daJO: invent\u00e1rio e regulariza\u00e7\u00e3o de bens im\u00f3veis.<\/p>\n<p align=\"justify\">&#8211; MAGNO ANDR\u00c9 MIRANDA JANU\u00c1RIO: invent\u00e1rio do estoque de bens de consumo e\u00a0<strong>Substituto do Presidente<\/strong>.<\/p>\n<p align=\"justify\">&#8211; MAURO DE SOUZA TRIST\u00c3O: invent\u00e1rio do estoque de bens de consumo.<\/p>\n<p align=\"justify\">&#8211; PAULO VIN\u00cdCIUS DE OLIVEIRA SANTOS: invent\u00e1rio de bens intang\u00edveis e bens de inform\u00e1tica.<\/p>\n<p align=\"justify\">&#8211; M\u00c1RCIO CARVALHO CAMPOS: invent\u00e1rio de bens intang\u00edveis e bens de inform\u00e1tica.<\/p>\n<p align=\"justify\">&#8211; BRUNO SANTOS CAMPOS: invent\u00e1rio de bens da \u00e1rea de seguran\u00e7a.<\/p>\n<p align=\"justify\">&#8211; VITOR RABBI BALDI: invent\u00e1rio de bens da \u00e1rea de seguran\u00e7a.<\/p>\n<p align=\"justify\">&#8211; LUCIANA CRISTIAN TAVARES: avalia\u00e7\u00e3o e reavalia\u00e7\u00e3o de bens im\u00f3veis.<\/p>\n<p align=\"justify\">&#8211; ISM\u00caNIA SCHAEFFER FREITAS: avalia\u00e7\u00e3o e reavalia\u00e7\u00e3o de bens im\u00f3veis.<\/p>\n<p align=\"justify\">&#8211; CLAUDIO NEY LOUREIRO: procedimentos cont\u00e1beis, amortiza\u00e7\u00e3o e deprecia\u00e7\u00e3o de bens.<\/p>\n<p align=\"justify\">&#8211; FABIO MIGUEL: procedimentos cont\u00e1beis, amortiza\u00e7\u00e3o e deprecia\u00e7\u00e3o de bens.<\/p>\n<p align=\"justify\"><strong>Art. 2\u00ba\u00a0<\/strong>&#8211; As horas extraordin\u00e1rias realizadas pelos integrantes da Comiss\u00e3o ser\u00e3o computadas exclusivamente para fins de compensa\u00e7\u00e3o.<\/p>\n<p align=\"justify\">\u00a7 1\u00ba \u2013 O labor extraordin\u00e1rio dever\u00e1 ser imprescind\u00edvel e comprovado, por meio de requerimento com ci\u00eancia do(a) Secret\u00e1rio(a) de Infraestrutura, informando os dias e hor\u00e1rios trabalhados.<\/p>\n<p align=\"justify\">\u00a7 2\u00ba \u2013 As horas extraordin\u00e1rias ser\u00e3o devidamente anotadas em ficha funcional, para gozo oportuno mediante autoriza\u00e7\u00e3o da chefia imediata e sem preju\u00edzo do servi\u00e7o.<\/p>\n<p align=\"justify\"><strong>Art. 3\u00ba\u00a0<\/strong>&#8211; Este Ato Normativo entra em vigor na data de sua publica\u00e7\u00e3o.<\/p>\n<p align=\"justify\"><strong>PUBLIQUE-SE.<\/strong><\/p>\n<p>Vit\u00f3ria(ES), 06 de novembro de 2018.<\/p>\n<p align=\"center\"><strong>Desembargador S\u00c9RGIO LUIZ TEIXEIRA GAMA<\/strong><\/p>\n<p align=\"center\">Presidente do TJES<\/p>\n","protected":false},"excerpt":{"rendered":"<p>ESTADO DO ESP\u00cdRITO SANTO PODER JUDICI\u00c1RIO TRIBUNAL DE JUSTI\u00c7A GABINETE DA PRESID\u00caNCIA ATO NORMATIVO N\u00ba 206\/2018 O Exmo. Sr. Desembargador S\u00c9RGIO LUIZ TEIXEIRA GAMA, Presidente do Egr\u00e9gio Tribunal de Justi\u00e7a do Estado do Esp\u00edrito Santo, no uso de suas atribui\u00e7\u00f5es legais e regimentais: CONSIDERANDO o Ato n\u00ba 2273\/2012 (DJ de 01\/08\/2012) que constituiu a Comiss\u00e3o [&hellip;]<\/p>\n","protected":false},"author":9,"featured_media":0,"comment_status":"closed","ping_status":"closed","sticky":false,"template":"","format":"standard","meta":{"footnotes":""},"categories":[4],"tags":[],"_links":{"self":[{"href":"https:\/\/www.tjes.jus.br\/corregedoria\/wp-json\/wp\/v2\/posts\/25441"}],"collection":[{"href":"https:\/\/www.tjes.jus.br\/corregedoria\/wp-json\/wp\/v2\/posts"}],"about":[{"href":"https:\/\/www.tjes.jus.br\/corregedoria\/wp-json\/wp\/v2\/types\/post"}],"author":[{"embeddable":true,"href":"https:\/\/www.tjes.jus.br\/corregedoria\/wp-json\/wp\/v2\/users\/9"}],"replies":[{"embeddable":true,"href":"https:\/\/www.tjes.jus.br\/corregedoria\/wp-json\/wp\/v2\/comments?post=25441"}],"version-history":[{"count":1,"href":"https:\/\/www.tjes.jus.br\/corregedoria\/wp-json\/wp\/v2\/posts\/25441\/revisions"}],"predecessor-version":[{"id":25446,"href":"https:\/\/www.tjes.jus.br\/corregedoria\/wp-json\/wp\/v2\/posts\/25441\/revisions\/25446"}],"wp:attachment":[{"href":"https:\/\/www.tjes.jus.br\/corregedoria\/wp-json\/wp\/v2\/media?parent=25441"}],"wp:term":[{"taxonomy":"category","embeddable":true,"href":"https:\/\/www.tjes.jus.br\/corregedoria\/wp-json\/wp\/v2\/categories?post=25441"},{"taxonomy":"post_tag","embeddable":true,"href":"https:\/\/www.tjes.jus.br\/corregedoria\/wp-json\/wp\/v2\/tags?post=25441"}],"curies":[{"name":"wp","href":"https:\/\/api.w.org\/{rel}","templated":true}]}}