{"id":25450,"date":"2018-11-08T12:28:37","date_gmt":"2018-11-08T14:28:37","guid":{"rendered":"https:\/\/www.tjes.jus.br\/corregedoria\/?p=25450"},"modified":"2019-04-30T15:47:48","modified_gmt":"2019-04-30T18:47:48","slug":"ato-normativo-no-207-2018-disp-08-11-2018","status":"publish","type":"post","link":"https:\/\/www.tjes.jus.br\/corregedoria\/2018\/11\/08\/ato-normativo-no-207-2018-disp-08-11-2018\/","title":{"rendered":"ATO NORMATIVO N\u00ba 207 \/2018\u00a0 &#8211; DISP. 08\/11\/2018"},"content":{"rendered":"<p align=\"center\"><strong>PODER JUDICI\u00c1RIO<\/strong><\/p>\n<p align=\"center\"><strong>TRIBUNAL DE JUSTI\u00c7A<\/strong><\/p>\n<p align=\"center\"><strong>ATO NORMATIVO N\u00ba 207 \/2018<\/strong><strong>\u00a0<\/strong><\/p>\n<p align=\"justify\"><strong>O EXCELENT\u00cdSSIMO SENHOR DESEMBARGADOR PRESIDENTE DESTE EGR\u00c9GIO TRIBUNAL DE JUSTI\u00c7A DO ESTADO DO ESP\u00cdRITO SANTO, <\/strong>no uso de suas atribui\u00e7\u00f5es legais e regimentais,<\/p>\n<p align=\"justify\">Considerando os termos da Resolu\u00e7\u00e3o n\u00ba 240\/2016 do Conselho Nacional de Justi\u00e7a, que disp\u00f5e sobre a Pol\u00edtica Nacional de Gest\u00e3o de Pessoas no \u00e2mbito do Poder Judici\u00e1rio;<\/p>\n<p align=\"justify\">Considerando o Ato Normativo TJES n\u00ba 033\/2018, publicado no e-Di\u00e1rio de 06\/02\/2018, que institui no \u00e2mbito do Poder Judici\u00e1rio do Estado do Esp\u00edrito Santo, o Comit\u00ea Gestor Local de Gest\u00e3o de Pessoas;<\/p>\n<p align=\"justify\">Considerando o Edital n\u00ba 13\/2018, publicado no e-Di\u00e1rio de 13\/06\/2018, que trata da escolha e elei\u00e7\u00e3o dos membros que ir\u00e3o compor o Comit\u00ea Gestor Local de Gest\u00e3o de Pessoas;<\/p>\n<p align=\"justify\"><strong>RESOLVE:<\/strong><\/p>\n<p align=\"justify\">Art. 1\u00ba. Fica constitu\u00eddo o Comit\u00ea Gestor Local de Gest\u00e3o de Pessoas no \u00e2mbito do Poder Judici\u00e1rio do Estado do Esp\u00edrito Santo, com a seguinte composi\u00e7\u00e3o:<\/p>\n<p align=\"justify\">I \u2013 Exmo. Sr. Juiz de Direito <strong>Paulo C\u00e9sar Carvalho<\/strong> \u2013 Titular (Indicado pelo Tribunal de Justi\u00e7a);<\/p>\n<p align=\"justify\">II \u2013 Exmo. Sr. Juiz de Direito <strong>Douglas Demoner <\/strong>\u2013 Titular (Escolhido pelo Tribunal de Justi\u00e7a a partir da lista de inscritos);<\/p>\n<p align=\"justify\">III \u2013 Exmo. Sr. Juiz de Direito <strong>Felipe Leit\u00e3o Gomes<\/strong> \u2013 Titular (Eleito \u2013 Edital n\u00ba 13\/2018);<\/p>\n<p align=\"justify\">IV \u2013 Exmo. Sr. Juiz de Direito <strong>C\u00e1ssio Jorge Trist\u00e3o Guedes<\/strong> \u2013 Titular (Eleito \u2013 Edital n\u00ba 13\/2018);<\/p>\n<p align=\"justify\">V \u2013 Sra. <strong>Silvia Oppenheimer Pitanga Borges<\/strong> \u2013 Titular (Indicada pelo Tribunal de Justi\u00e7a);<\/p>\n<p align=\"justify\">VI \u2013 Sra. <strong>Larissa Vescovi de Brito<\/strong> \u2013 Titular (Escolhida pelo Tribunal de Justi\u00e7a a partir da lista de inscritos);<\/p>\n<p align=\"justify\">VII &#8211; Sra. <strong>Giovana Cosme Dantas da Silva<\/strong> \u2013 Titular (Eleita \u2013 Edital n\u00ba 13\/2018), tendo como suplente o Sr. Leandro Silva Oliveira;<\/p>\n<p align=\"justify\">VIII \u2013 Sr. <strong>Marcos Rosi Marinho<\/strong> \u2013 Titular (Eleito \u2013 Edital n\u00ba 13\/2018), tendo como suplente a Sra. Regina Coeli Chequer Bou-Habib;<\/p>\n<p align=\"justify\">IX \u2013 Sra. <strong>Cintia Sim\u00f5es Varej\u00e3o<\/strong> ( Secret\u00e1ria de Gest\u00e3o de Pessoas).<\/p>\n<p align=\"justify\">Art. 2\u00ba. Ficam designados para atuar junto ao Comit\u00ea:<\/p>\n<p align=\"justify\">I &#8211; Exmo. Sr. Juiz de Direito <strong>Alexandre Farina Lopes<\/strong>, indicado pela Associa\u00e7\u00e3o dos Magistrados do Estado do Esp\u00edrito Santo \u2013 AMAGES;<\/p>\n<p align=\"justify\">II \u2013 Sra. <strong>Adda Maria Bettero Monteiro Lobato Machado,<\/strong> Presidente do Sindicato dos Servidores do Poder Judici\u00e1rio no Estado do Esp\u00edrito Santo &#8211; Titular, indicada pela entidade sindical;<\/p>\n<p align=\"justify\">III \u2013 Sra. <strong>Thelma Dionores Zbyszynski<\/strong>, indicada pelo Sindicato dos Oficiais de Justi\u00e7a no Estado do Esp\u00edrito Santo;<\/p>\n<p align=\"justify\">IV \u2013 Exmo. Sr. Juiz Corregedor Rodrigo Ferreira Miranda, indicado pela Corregedoria Geral da Justi\u00e7a.\u00a0<strong>(Inclu\u00eddo pelo\u00a0<a href=\"https:\/\/www.tjes.jus.br\/corregedoria\/2019\/04\/30\/ato-normativo-no-058-2019-disp-26-04-2019\/\">Ato Normativo n\u00ba 058\/2019<\/a>, disponibilizado em 26\/04\/2019)<\/strong><\/p>\n<p align=\"justify\">Art. 4\u00ba. Este Ato Normativo entra em vigor na data de sua publica\u00e7\u00e3o.<\/p>\n<p align=\"justify\">Publique-se.<\/p>\n<p>Vit\u00f3ria, 07 de novembro de 2018.<\/p>\n<p align=\"center\"><strong>Desembargador S\u00e9rgio Luiz Teixeira Gama<\/strong><\/p>\n<p align=\"center\"><strong>Presidente\u00a0<\/strong><\/p>\n<h2 align=\"center\"><span style=\"color: #ff0000;\">ALTERADO PELO<\/span>\u00a0<a href=\"https:\/\/www.tjes.jus.br\/corregedoria\/2019\/04\/30\/ato-normativo-no-058-2019-disp-26-04-2019\/\">ATO NORMATIVO N\u00ba 058\/2019\u00a0<\/a><span style=\"color: #ff0000;\">\u2013 DISP. 26\/04\/2019<\/span><\/h2>\n","protected":false},"excerpt":{"rendered":"<p>PODER JUDICI\u00c1RIO TRIBUNAL DE JUSTI\u00c7A ATO NORMATIVO N\u00ba 207 \/2018\u00a0 O EXCELENT\u00cdSSIMO SENHOR DESEMBARGADOR PRESIDENTE DESTE EGR\u00c9GIO TRIBUNAL DE JUSTI\u00c7A DO ESTADO DO ESP\u00cdRITO SANTO, no uso de suas atribui\u00e7\u00f5es legais e regimentais, Considerando os termos da Resolu\u00e7\u00e3o n\u00ba 240\/2016 do Conselho Nacional de Justi\u00e7a, que disp\u00f5e sobre a Pol\u00edtica Nacional de Gest\u00e3o de Pessoas [&hellip;]<\/p>\n","protected":false},"author":9,"featured_media":0,"comment_status":"closed","ping_status":"closed","sticky":false,"template":"","format":"standard","meta":{"footnotes":""},"categories":[4],"tags":[],"_links":{"self":[{"href":"https:\/\/www.tjes.jus.br\/corregedoria\/wp-json\/wp\/v2\/posts\/25450"}],"collection":[{"href":"https:\/\/www.tjes.jus.br\/corregedoria\/wp-json\/wp\/v2\/posts"}],"about":[{"href":"https:\/\/www.tjes.jus.br\/corregedoria\/wp-json\/wp\/v2\/types\/post"}],"author":[{"embeddable":true,"href":"https:\/\/www.tjes.jus.br\/corregedoria\/wp-json\/wp\/v2\/users\/9"}],"replies":[{"embeddable":true,"href":"https:\/\/www.tjes.jus.br\/corregedoria\/wp-json\/wp\/v2\/comments?post=25450"}],"version-history":[{"count":3,"href":"https:\/\/www.tjes.jus.br\/corregedoria\/wp-json\/wp\/v2\/posts\/25450\/revisions"}],"predecessor-version":[{"id":26773,"href":"https:\/\/www.tjes.jus.br\/corregedoria\/wp-json\/wp\/v2\/posts\/25450\/revisions\/26773"}],"wp:attachment":[{"href":"https:\/\/www.tjes.jus.br\/corregedoria\/wp-json\/wp\/v2\/media?parent=25450"}],"wp:term":[{"taxonomy":"category","embeddable":true,"href":"https:\/\/www.tjes.jus.br\/corregedoria\/wp-json\/wp\/v2\/categories?post=25450"},{"taxonomy":"post_tag","embeddable":true,"href":"https:\/\/www.tjes.jus.br\/corregedoria\/wp-json\/wp\/v2\/tags?post=25450"}],"curies":[{"name":"wp","href":"https:\/\/api.w.org\/{rel}","templated":true}]}}