{"id":25483,"date":"2018-11-13T13:11:13","date_gmt":"2018-11-13T15:11:13","guid":{"rendered":"https:\/\/www.tjes.jus.br\/corregedoria\/?p=25483"},"modified":"2018-11-13T13:11:48","modified_gmt":"2018-11-13T15:11:48","slug":"ato-normativo-no-211-2018-disp-13-11-2018","status":"publish","type":"post","link":"https:\/\/www.tjes.jus.br\/corregedoria\/2018\/11\/13\/ato-normativo-no-211-2018-disp-13-11-2018\/","title":{"rendered":"ATO NORMATIVO N\u00ba 211 \/2018 &#8211; DISP. 13\/11\/2018"},"content":{"rendered":"<p style=\"text-align: center;\" align=\"center\">ESTADO DO ESP\u00cdRITO SANTO<\/p>\n<p style=\"text-align: center;\" align=\"center\">PODER JUDICI\u00c1RIO<\/p>\n<p style=\"text-align: center;\" align=\"center\"><strong>ATO NORMATIVO N\u00ba 211 \/2018<\/strong><\/p>\n<p align=\"justify\">Altera o artigo 20 do <a href=\"https:\/\/www.tjes.jus.br\/corregedoria\/2017\/10\/25\/ato-normativo-no-1532017-disp-25102017\/\" target=\"_blank\" rel=\"noopener\">Ato Normativo n\u00ba 153\/2017<\/a>, disponibilizado no dia 25\/10\/2017<\/p>\n<p align=\"justify\">CONSIDERANDO a previs\u00e3o do art. 20, do <a href=\"https:\/\/www.tjes.jus.br\/corregedoria\/2017\/10\/25\/ato-normativo-no-1532017-disp-25102017\/\" target=\"_blank\" rel=\"noopener\">Ato Normativo n\u00ba 153\/2017<\/a>, publicado no e-di\u00e1rio de 25\/10\/17.<\/p>\n<p align=\"justify\">CONSIDERANDO que existem meios mais eficientes e eficazes, no que tange ao encaminhamento de documentos para an\u00e1lise da \u00e1rea administrativa, com posterior confer\u00eancia pela Coordena\u00e7\u00e3o de Gest\u00e3o Documental, para habilita\u00e7\u00e3o do acesso ao usu\u00e1rio externo.<\/p>\n<p align=\"justify\">RESOLVE:<\/p>\n<p align=\"justify\">Art. 1\u00ba \u2013 Fica alterada a reda\u00e7\u00e3o do artigo 20, do <a href=\"https:\/\/www.tjes.jus.br\/corregedoria\/2017\/10\/25\/ato-normativo-no-1532017-disp-25102017\/\" target=\"_blank\" rel=\"noopener\">Ato Normativo n\u00ba 153\/2017<\/a>, disponibilizado no e-di\u00e1rio de 25\/10\/2017, que passar\u00e1 a vigorar nos seguintes termos:<\/p>\n<p align=\"justify\">\u201cArt. 20 \u2013 Uma vez efetuado o pr\u00e9-cadastro, o usu\u00e1rio externo dever\u00e1 encaminhar \u00e0 unidade administrativa competente, na forma dos artigos 3\u00ba, inciso V, e 5\u00ba, inciso IV, deste Ato Normativo, o \u201cTermo de Declara\u00e7\u00e3o de Concord\u00e2ncia e Veracidade\u201d, al\u00e9m de outros documentos previstos em Manual de Procedimentos do Sistema Eletr\u00f4nico de Informa\u00e7\u00f5es \u2013 SEI.<\/p>\n<p align=\"justify\">Par\u00e1grafo \u00fanico \u2013 A entrega dos documentos de que trata o caput poder\u00e1 ocorrer pessoalmente ou via correio, f\u00edsico ou eletr\u00f4nico, sendo que:<\/p>\n<p align=\"justify\">I \u2013 no caso de entrega pessoal ou via correio f\u00edsico, as c\u00f3pias dos documentos devem ser autenticadas.<\/p>\n<p align=\"justify\">II \u2013 no caso de entrega via correio eletr\u00f4nico, os documentos devem estar assinados digitalmente.\u201d<\/p>\n<p align=\"justify\">Art. 2\u00ba \u2013 Este Ato Normativo entra em vigor na data de sua publica\u00e7\u00e3o, revogando-se disposi\u00e7\u00f5es em contr\u00e1rio.<\/p>\n<p align=\"justify\">Publique-se.<\/p>\n<p align=\"center\">Vit\u00f3ria, 07 de novembro de 2018.<\/p>\n<p align=\"center\"><strong>Des. SERGIO LUIZ TEIXEIRA GAMA<\/strong><\/p>\n<p align=\"center\"><strong>Presidente<\/strong><\/p>\n","protected":false},"excerpt":{"rendered":"<p>ESTADO DO ESP\u00cdRITO SANTO PODER JUDICI\u00c1RIO ATO NORMATIVO N\u00ba 211 \/2018 Altera o artigo 20 do Ato Normativo n\u00ba 153\/2017, disponibilizado no dia 25\/10\/2017 CONSIDERANDO a previs\u00e3o do art. 20, do Ato Normativo n\u00ba 153\/2017, publicado no e-di\u00e1rio de 25\/10\/17. CONSIDERANDO que existem meios mais eficientes e eficazes, no que tange ao encaminhamento de documentos [&hellip;]<\/p>\n","protected":false},"author":9,"featured_media":0,"comment_status":"closed","ping_status":"closed","sticky":false,"template":"","format":"standard","meta":{"footnotes":""},"categories":[4],"tags":[],"_links":{"self":[{"href":"https:\/\/www.tjes.jus.br\/corregedoria\/wp-json\/wp\/v2\/posts\/25483"}],"collection":[{"href":"https:\/\/www.tjes.jus.br\/corregedoria\/wp-json\/wp\/v2\/posts"}],"about":[{"href":"https:\/\/www.tjes.jus.br\/corregedoria\/wp-json\/wp\/v2\/types\/post"}],"author":[{"embeddable":true,"href":"https:\/\/www.tjes.jus.br\/corregedoria\/wp-json\/wp\/v2\/users\/9"}],"replies":[{"embeddable":true,"href":"https:\/\/www.tjes.jus.br\/corregedoria\/wp-json\/wp\/v2\/comments?post=25483"}],"version-history":[{"count":1,"href":"https:\/\/www.tjes.jus.br\/corregedoria\/wp-json\/wp\/v2\/posts\/25483\/revisions"}],"predecessor-version":[{"id":25484,"href":"https:\/\/www.tjes.jus.br\/corregedoria\/wp-json\/wp\/v2\/posts\/25483\/revisions\/25484"}],"wp:attachment":[{"href":"https:\/\/www.tjes.jus.br\/corregedoria\/wp-json\/wp\/v2\/media?parent=25483"}],"wp:term":[{"taxonomy":"category","embeddable":true,"href":"https:\/\/www.tjes.jus.br\/corregedoria\/wp-json\/wp\/v2\/categories?post=25483"},{"taxonomy":"post_tag","embeddable":true,"href":"https:\/\/www.tjes.jus.br\/corregedoria\/wp-json\/wp\/v2\/tags?post=25483"}],"curies":[{"name":"wp","href":"https:\/\/api.w.org\/{rel}","templated":true}]}}