{"id":25489,"date":"2018-11-19T13:42:25","date_gmt":"2018-11-19T15:42:25","guid":{"rendered":"https:\/\/www.tjes.jus.br\/corregedoria\/?p=25489"},"modified":"2018-11-19T13:43:06","modified_gmt":"2018-11-19T15:43:06","slug":"ato-normativo-no-214-2018","status":"publish","type":"post","link":"https:\/\/www.tjes.jus.br\/corregedoria\/2018\/11\/19\/ato-normativo-no-214-2018\/","title":{"rendered":"ATO NORMATIVO N\u00ba 214\/2018 &#8211; DISP. 19\/11\/2018"},"content":{"rendered":"<p align=\"center\">ESTADO DO ESP\u00cdRITO SANTO<\/p>\n<p align=\"center\">PODER JUDICI\u00c1RIO<\/p>\n<p align=\"center\">TRIBUNAL DE JUSTI\u00c7A<\/p>\n<p align=\"center\"><i>GABINETE DA PRESID\u00caNCIA<\/i><\/p>\n<p align=\"center\"><strong>ATO NORMATIVO n\u00ba 214\/2018<\/strong><\/p>\n<p align=\"justify\">O Excelent\u00edssimo Senhor Desembargador S\u00e9rgio Luiz Teixeira Gama, Presidente do Egr\u00e9gio Tribunal de Justi\u00e7a do Estado do Esp\u00edrito Santo, no uso de suas atribui\u00e7\u00f5es legais,<\/p>\n<p align=\"justify\">CONSIDERANDO o teor do expediente protocolado neste Egr\u00e9gio Tribunal de Justi\u00e7a sob o n\u00famero <span lang=\"pt-BR\">2018.01.705.463<\/span>, <span lang=\"pt-BR\">encaminhado pela Ordem dos Advogados do Brasil \u2013 Se\u00e7\u00e3o do Esp\u00edrito Santo, por meio do qual relata a instabilidade do sistema Projudi, o que impediu os servi\u00e7os de peticionamento, consulta de pe\u00e7as e intima\u00e7\u00f5es processuais dos processos eletr\u00f4nicos;<\/span><\/p>\n<p align=\"justify\">CONSIDERANDO que, segundo comunicado da Secretaria de Tecnologia da Informa\u00e7\u00e3o, o referido sistema ficou indispon\u00edvel, de forma intermitente, entre 11:30h e 13:30h do dia 12 de Novembro de 2018;<\/p>\n<p align=\"justify\">CONSIDERANDO os termos da Lei n\u00ba 11.419\/2006, art. 10, \u00a72\u00ba;<\/p>\n<p align=\"justify\">CONSIDERANDO os termos da Resolu\u00e7\u00e3o n\u00ba 185 do CNJ, art. 11, inciso I;<\/p>\n<p align=\"justify\">CONSIDERANDO que, no caso do sistema Projudi, n\u00e3o h\u00e1 a emiss\u00e3o de certid\u00e3o pelo s\u00edtio eletr\u00f4nico do Tribunal de Justi\u00e7a do Estado do Esp\u00edrito Santo, o que impossibilita aos advogados a comprova\u00e7\u00e3o do problema t\u00e9cnico ocorrido;<\/p>\n<p align=\"justify\">RESOLVE:<\/p>\n<p align=\"justify\">CONSIDERAR PRORROGADOS os prazos processuais que venceram no dia 12 de Novembro de 2018, nos processos eletr\u00f4nicos que tramitam via sistema Projudi, para o dia \u00fatil seguinte.<\/p>\n<p align=\"justify\">Publique-se.<\/p>\n<p align=\"center\">Vit\u00f3ria, 14 de Novembro de 2018.<\/p>\n<p align=\"center\">Des. S\u00c9RGIO LUIZ TEIXEIRA GAMA<\/p>\n<p align=\"center\">Presidente<\/p>\n","protected":false},"excerpt":{"rendered":"<p>ESTADO DO ESP\u00cdRITO SANTO PODER JUDICI\u00c1RIO TRIBUNAL DE JUSTI\u00c7A GABINETE DA PRESID\u00caNCIA ATO NORMATIVO n\u00ba 214\/2018 O Excelent\u00edssimo Senhor Desembargador S\u00e9rgio Luiz Teixeira Gama, Presidente do Egr\u00e9gio Tribunal de Justi\u00e7a do Estado do Esp\u00edrito Santo, no uso de suas atribui\u00e7\u00f5es legais, CONSIDERANDO o teor do expediente protocolado neste Egr\u00e9gio Tribunal de Justi\u00e7a sob o n\u00famero [&hellip;]<\/p>\n","protected":false},"author":9,"featured_media":0,"comment_status":"closed","ping_status":"closed","sticky":false,"template":"","format":"standard","meta":{"footnotes":""},"categories":[4],"tags":[],"_links":{"self":[{"href":"https:\/\/www.tjes.jus.br\/corregedoria\/wp-json\/wp\/v2\/posts\/25489"}],"collection":[{"href":"https:\/\/www.tjes.jus.br\/corregedoria\/wp-json\/wp\/v2\/posts"}],"about":[{"href":"https:\/\/www.tjes.jus.br\/corregedoria\/wp-json\/wp\/v2\/types\/post"}],"author":[{"embeddable":true,"href":"https:\/\/www.tjes.jus.br\/corregedoria\/wp-json\/wp\/v2\/users\/9"}],"replies":[{"embeddable":true,"href":"https:\/\/www.tjes.jus.br\/corregedoria\/wp-json\/wp\/v2\/comments?post=25489"}],"version-history":[{"count":2,"href":"https:\/\/www.tjes.jus.br\/corregedoria\/wp-json\/wp\/v2\/posts\/25489\/revisions"}],"predecessor-version":[{"id":25494,"href":"https:\/\/www.tjes.jus.br\/corregedoria\/wp-json\/wp\/v2\/posts\/25489\/revisions\/25494"}],"wp:attachment":[{"href":"https:\/\/www.tjes.jus.br\/corregedoria\/wp-json\/wp\/v2\/media?parent=25489"}],"wp:term":[{"taxonomy":"category","embeddable":true,"href":"https:\/\/www.tjes.jus.br\/corregedoria\/wp-json\/wp\/v2\/categories?post=25489"},{"taxonomy":"post_tag","embeddable":true,"href":"https:\/\/www.tjes.jus.br\/corregedoria\/wp-json\/wp\/v2\/tags?post=25489"}],"curies":[{"name":"wp","href":"https:\/\/api.w.org\/{rel}","templated":true}]}}