{"id":25501,"date":"2018-11-21T12:07:40","date_gmt":"2018-11-21T14:07:40","guid":{"rendered":"https:\/\/www.tjes.jus.br\/corregedoria\/?p=25501"},"modified":"2018-11-21T12:07:40","modified_gmt":"2018-11-21T14:07:40","slug":"oficio-circular-no-189-2018-disp-21-11-2018","status":"publish","type":"post","link":"https:\/\/www.tjes.jus.br\/corregedoria\/2018\/11\/21\/oficio-circular-no-189-2018-disp-21-11-2018\/","title":{"rendered":"OF\u00cdCIO-CIRCULAR N\u00ba 189\/2018 &#8211; DISP. 21\/11\/2018"},"content":{"rendered":"<p align=\"center\"><strong>ESTADO DO ESP\u00cdRITO SANTO<\/strong><\/p>\n<p style=\"text-align: center;\" align=\"center\"><strong>PODER JUDICI\u00c1RIO<\/strong><\/p>\n<p style=\"text-align: center;\" align=\"center\"><strong>CORREGEDORIA GERAL DA JUSTI\u00c7A<\/strong><\/p>\n<p style=\"text-align: center;\" align=\"justify\"><span lang=\"pt-BR\"><strong>OF\u00cdCIO-CIRCULAR N\u00ba <\/strong><\/span><span lang=\"pt-BR\"><strong>1<\/strong><\/span><span lang=\"pt-BR\"><strong>8<\/strong><\/span><span lang=\"pt-BR\"><strong>9<\/strong><\/span><span lang=\"pt-BR\"><strong>\/<\/strong><\/span><span lang=\"pt-BR\"><strong>201<\/strong><\/span><span lang=\"pt-BR\"><strong>8.<\/strong><\/span><\/p>\n<p style=\"text-align: center;\" align=\"justify\"><strong>Protocolo 201801706189<\/strong><\/p>\n<p align=\"justify\">O Desembargador <strong>SAMUEL MEIRA BRASIL JUNIOR, <\/strong>Corregedor-Geral da Justi\u00e7a do Estado do Esp\u00edrito Santo, no uso de suas atribui\u00e7\u00f5es legais:<\/p>\n<p align=\"justify\"><strong>CONSIDERANDO<\/strong> que a Corregedoria Geral da Justi\u00e7a \u00e9 \u00f3rg\u00e3o de fiscaliza\u00e7\u00e3o, disciplina e orienta\u00e7\u00e3o administrativa, com circunscri\u00e7\u00e3o em todo o Estado, conforme art. 35 da Lei Complementar Estadual n\u00ba 234\/2002 (COJES);<\/p>\n<p align=\"justify\"><span lang=\"pt-BR\"><strong>CONSIDERANDO<\/strong><\/span><span lang=\"pt-BR\"> o recebimento do <\/span><span lang=\"pt-BR\">comunicado<\/span><span lang=\"pt-BR\"> protocolizado sob n\u00ba <\/span><span lang=\"pt-BR\">201<\/span><span lang=\"pt-BR\">8<\/span><span lang=\"pt-BR\">.0<\/span><span lang=\"pt-BR\">1<\/span><span lang=\"pt-BR\">.<\/span><span lang=\"pt-BR\">70<\/span><span lang=\"pt-BR\">6<\/span><span lang=\"pt-BR\">.<\/span><span lang=\"pt-BR\">189<\/span><span lang=\"pt-BR\">d<\/span><span lang=\"pt-BR\">a <\/span><span lang=\"pt-BR\">Corregedor<\/span><span lang=\"pt-BR\">ia <\/span><span lang=\"pt-BR\">Geral da Justi\u00e7a do Estado de <\/span><span lang=\"pt-BR\">Santa Catarina<\/span><span lang=\"pt-BR\">\/<\/span><span lang=\"pt-BR\">SC<\/span><span lang=\"pt-BR\">;<\/span><\/p>\n<p align=\"justify\"><span lang=\"pt-BR\"><strong>CONSIDERANDO<\/strong><\/span><span lang=\"pt-BR\"> que <\/span><span lang=\"pt-BR\">o <\/span><span lang=\"pt-BR\">referido <\/span><span lang=\"pt-BR\">com<\/span><span lang=\"pt-BR\">u<\/span><span lang=\"pt-BR\">nicado\u00a0<\/span><span lang=\"pt-BR\">informa sobre a inutiliza\u00e7\u00e3o do<\/span><span lang=\"pt-BR\">s<\/span><span lang=\"pt-BR\">pap<\/span><span lang=\"pt-BR\">\u00e9is<\/span><span lang=\"pt-BR\">de seguran\u00e7a <\/span><span lang=\"pt-BR\">para aposi\u00e7\u00e3o de Apostila de Haia, <\/span><span lang=\"pt-BR\">oriun<\/span><span lang=\"pt-BR\">dos<\/span><span lang=\"pt-BR\">d<\/span><span lang=\"pt-BR\">a Escrivania de Paz do Mun<\/span><span lang=\"pt-BR\">i<\/span><span lang=\"pt-BR\">c\u00edpio de Bom Jardim da Serra<\/span><span lang=\"pt-BR\"> da Comarca <\/span><span lang=\"pt-BR\">d<\/span><span lang=\"pt-BR\">e <\/span><span lang=\"pt-BR\">S\u00e3o <\/span><span lang=\"pt-BR\">J<\/span><span lang=\"pt-BR\">oaquim<\/span><span lang=\"pt-BR\">\/<\/span><span lang=\"pt-BR\">SC, <\/span><span lang=\"pt-BR\">conforme <\/span><span lang=\"pt-BR\">certid\u00e3o <\/span><span lang=\"pt-BR\">anex<\/span><span lang=\"pt-BR\">a<\/span><span lang=\"pt-BR\">.<\/span><\/p>\n<p align=\"justify\"><span lang=\"pt-BR\"><strong>RECOMENDO<\/strong><\/span><span lang=\"pt-BR\"> aos Ju\u00edzes de Direito Diretores dos F\u00f3runs, Membros do Minist\u00e9rio P\u00fablico, Advogados, Not\u00e1rios e Registradores, Serventu\u00e1rios e a quem mais possa interessar, que observem <\/span><span lang=\"pt-BR\">a certid\u00e3o em anex<\/span><span lang=\"pt-BR\">o<\/span><span lang=\"pt-BR\"> e adotem as provid\u00eancias que entenderem pertinentes.<\/span><\/p>\n<p align=\"justify\"><strong>Publique-se. Cumpra-se.<\/strong><\/p>\n<p align=\"justify\"><span lang=\"pt-BR\">Vit\u00f3ria\/ES,<\/span><span lang=\"pt-BR\">1<\/span><span lang=\"pt-BR\">9<\/span><span lang=\"pt-BR\"> de <\/span><span lang=\"pt-BR\">novembro<\/span><span lang=\"pt-BR\">de 201<\/span><span lang=\"pt-BR\">8<\/span><span lang=\"pt-BR\">.<\/span><\/p>\n<p align=\"center\"><strong>Desembargador SAMUEL MEIRA BRASIL JR<\/strong><\/p>\n<p align=\"center\"><strong>Corregedor-Geral da Justi\u00e7a<\/strong><\/p>\n<p align=\"center\"><strong><a href=\"https:\/\/sistemas.tjes.jus.br\/ediario\/images\/189.pdf\" target=\"_blank\" rel=\"noopener\">ANEXO &#8211; CLIQUE AQUI<\/a><\/strong><\/p>\n","protected":false},"excerpt":{"rendered":"<p>ESTADO DO ESP\u00cdRITO SANTO PODER JUDICI\u00c1RIO CORREGEDORIA GERAL DA JUSTI\u00c7A OF\u00cdCIO-CIRCULAR N\u00ba 189\/2018. Protocolo 201801706189 O Desembargador SAMUEL MEIRA BRASIL JUNIOR, Corregedor-Geral da Justi\u00e7a do Estado do Esp\u00edrito Santo, no uso de suas atribui\u00e7\u00f5es legais: CONSIDERANDO que a Corregedoria Geral da Justi\u00e7a \u00e9 \u00f3rg\u00e3o de fiscaliza\u00e7\u00e3o, disciplina e orienta\u00e7\u00e3o administrativa, com circunscri\u00e7\u00e3o em todo o [&hellip;]<\/p>\n","protected":false},"author":9,"featured_media":0,"comment_status":"closed","ping_status":"closed","sticky":false,"template":"","format":"standard","meta":{"footnotes":""},"categories":[5],"tags":[],"_links":{"self":[{"href":"https:\/\/www.tjes.jus.br\/corregedoria\/wp-json\/wp\/v2\/posts\/25501"}],"collection":[{"href":"https:\/\/www.tjes.jus.br\/corregedoria\/wp-json\/wp\/v2\/posts"}],"about":[{"href":"https:\/\/www.tjes.jus.br\/corregedoria\/wp-json\/wp\/v2\/types\/post"}],"author":[{"embeddable":true,"href":"https:\/\/www.tjes.jus.br\/corregedoria\/wp-json\/wp\/v2\/users\/9"}],"replies":[{"embeddable":true,"href":"https:\/\/www.tjes.jus.br\/corregedoria\/wp-json\/wp\/v2\/comments?post=25501"}],"version-history":[{"count":1,"href":"https:\/\/www.tjes.jus.br\/corregedoria\/wp-json\/wp\/v2\/posts\/25501\/revisions"}],"predecessor-version":[{"id":25506,"href":"https:\/\/www.tjes.jus.br\/corregedoria\/wp-json\/wp\/v2\/posts\/25501\/revisions\/25506"}],"wp:attachment":[{"href":"https:\/\/www.tjes.jus.br\/corregedoria\/wp-json\/wp\/v2\/media?parent=25501"}],"wp:term":[{"taxonomy":"category","embeddable":true,"href":"https:\/\/www.tjes.jus.br\/corregedoria\/wp-json\/wp\/v2\/categories?post=25501"},{"taxonomy":"post_tag","embeddable":true,"href":"https:\/\/www.tjes.jus.br\/corregedoria\/wp-json\/wp\/v2\/tags?post=25501"}],"curies":[{"name":"wp","href":"https:\/\/api.w.org\/{rel}","templated":true}]}}