{"id":25508,"date":"2018-11-23T13:12:04","date_gmt":"2018-11-23T15:12:04","guid":{"rendered":"https:\/\/www.tjes.jus.br\/corregedoria\/?p=25508"},"modified":"2018-11-23T13:12:04","modified_gmt":"2018-11-23T15:12:04","slug":"oficio-circular-cgjes-n-o-191-2017-disp-23-11-2018","status":"publish","type":"post","link":"https:\/\/www.tjes.jus.br\/corregedoria\/2018\/11\/23\/oficio-circular-cgjes-n-o-191-2017-disp-23-11-2018\/","title":{"rendered":"OF\u00cdCIO-CIRCULAR CGJES N.\u00ba 191\/2017 &#8211; DISP. 23\/11\/2018"},"content":{"rendered":"<p style=\"text-align: center;\" align=\"center\"><strong>ESTADO DO ESP\u00cdRITO SANTO<\/strong><\/p>\n<p style=\"text-align: center;\" align=\"center\"><strong>PODER JUDICI\u00c1RIO<\/strong><\/p>\n<p style=\"text-align: center;\" align=\"center\"><strong>CORREGEDORIA GERAL DA JUSTI\u00c7A<\/strong><\/p>\n<p style=\"text-align: center;\" align=\"justify\"><strong>OF\u00cdCIO-CIRCULAR CGJES N.\u00ba 191\/2017<\/strong><\/p>\n<p style=\"text-align: center;\" align=\"justify\">(<i>Proc. CGJES n.\u00ba <\/i><i>201700200805<\/i>)<\/p>\n<p align=\"justify\">O Desembargador <strong>SAMUEL MEIRA BRASIL JR.<\/strong>, Corregedor-Geral da Justi\u00e7a, no uso de suas atribui\u00e7\u00f5es e,<\/p>\n<p align=\"justify\"><strong>CONSIDERANDO<\/strong> que a Corregedoria Geral da Justi\u00e7a \u00e9 \u00f3rg\u00e3o de fiscaliza\u00e7\u00e3o, disciplina e orienta\u00e7\u00e3o administrativa, com jurisdi\u00e7\u00e3o em todo o Estado, conforme art. 35 da Lei Complementar Estadual n.\u00ba 234\/2002 (COJES);<\/p>\n<p align=\"justify\"><span lang=\"pt-BR\"><strong>CONSIDERANDO<\/strong><\/span><span lang=\"pt-BR\">o<\/span><span lang=\"pt-BR\">s termos do<\/span><span lang=\"pt-BR\">Of\u00edcio n.\u00ba <\/span><span lang=\"pt-BR\">0103603-83.2016.8.20.0103-084<\/span><span lang=\"pt-BR\">e da decis\u00e3o <\/span><span lang=\"pt-BR\">firmad<\/span><span lang=\"pt-BR\">a<\/span><span lang=\"pt-BR\"> pelo<\/span><span lang=\"pt-BR\"> MM. Juiz de Direito <\/span><span lang=\"pt-BR\">da Vara C\u00edvel da Comarca de Currais Novos &#8211; RN<\/span><span lang=\"pt-BR\">, <\/span><span lang=\"pt-BR\">nos autos da a\u00e7\u00e3o de recupera\u00e7\u00e3o judicial de n\u00ba <\/span><span lang=\"pt-BR\">0103603-83.2016.8.20.0103<\/span><span lang=\"pt-BR\">, <\/span><span lang=\"pt-BR\">solicitando que seja dada ci\u00eancia <\/span><span lang=\"pt-BR\">aos magistrados das determina\u00e7\u00f5es exaradas <\/span><span lang=\"pt-BR\">naquela oportunidade.<\/span><\/p>\n<p align=\"justify\"><strong>RESOLVE:<\/strong><\/p>\n<p align=\"justify\"><span lang=\"pt-BR\"><strong>DAR CI\u00caNCIA <\/strong><\/span><span lang=\"pt-BR\">aos MM. Ju\u00edzes de Direito <\/span><span lang=\"pt-BR\">do Estado do Esp\u00edrito Santo sobre o <\/span><span lang=\"pt-BR\">conte\u00fado d<\/span><span lang=\"pt-BR\">o of\u00edcio n\u00ba <\/span><span lang=\"pt-BR\">0103603-83.2016.8.20.0103-084<\/span><span lang=\"pt-BR\">e da decis\u00e3o <\/span><span lang=\"pt-BR\">proferid<\/span><span lang=\"pt-BR\">a<\/span><span lang=\"pt-BR\"> no bojo da a\u00e7\u00e3o de recupera\u00e7\u00e3o judicial de n\u00ba <\/span><span lang=\"pt-BR\">0103603-83.2016.8.20.0103<\/span><span lang=\"pt-BR\">, <\/span><span lang=\"pt-BR\">em tr\u00e2mite perante a <\/span><span lang=\"pt-BR\">Vara C\u00edvel da Comarca de Currais Novos\/RN<\/span><span lang=\"pt-BR\">, <\/span><span lang=\"pt-BR\">na qual figuram como autora a empresa \u201c<\/span><span lang=\"pt-BR\">A Mar\u00e9 Mansa <\/span><span lang=\"pt-BR\">Com\u00e9rcio de M\u00f3veis e<\/span><span lang=\"pt-BR\"> Eletrodom\u00e9stico LTDA\u201d<\/span><span lang=\"pt-BR\">, <\/span><span lang=\"pt-BR\">onde ficou assentado, entre outros termos, que: <\/span><span lang=\"pt-BR\"><i>\u201c<\/i><\/span><span lang=\"pt-BR\"><i>(&#8230;) A<\/i><\/span><span lang=\"pt-BR\"><i> habilita\u00e7\u00e3o dos cr\u00e9ditos sujeitos \u00e0 recupera\u00e7\u00e3o judicial ora deferida <\/i><\/span><span lang=\"pt-BR\"><i>que <\/i><\/span><span lang=\"pt-BR\"><i>dever\u00e1 ser formalizada nos termos dos arts. 9\u00ba e ss. da Lei 11.101\/2005, e n\u00e3o se processar\u00e1 de of\u00edcio, mas sim, mediante requerimento formal do pr\u00f3prio credor, instru\u00eddo da devida certid\u00e3o de cr\u00e9dito; <\/i><\/span><span lang=\"pt-BR\"><i>e (\u2026) <\/i><\/span><span lang=\"pt-BR\"><i>n<\/i><\/span><span lang=\"pt-BR\"><i>\u00e3o h\u00e1 forma\u00e7\u00e3o de Ju\u00edzo Indivis\u00edvel (art. 76 da Lei 11.101) mediante ser caso de recupera\u00e7\u00e3o judicial, mantido o processamento dos feitos perante o Ju\u00edzo Natural da causa, devendo apenas haver a necess\u00e1ria comunica\u00e7\u00e3o ao ju\u00edzo da recupera\u00e7\u00e3o nos casos de atos que visem \u00e0 expropria\u00e7\u00e3o ou restri\u00e7\u00e3o de bens das recuperandas, mesmo ap\u00f3s o decurso do per\u00edodo de suspens\u00e3o (art. 6\u00ba da LFRE)\u201d.<\/i><\/span><\/p>\n<p align=\"justify\"><strong>Publique-se.<\/strong><\/p>\n<p align=\"justify\">Vit\u00f3ria\/ES, 21 de novembro de 2018.<\/p>\n<p align=\"center\"><strong>Desembargador SAMUEL MEIRA BRASIL JR.<br \/>\nCorregedor-Geral da Justi\u00e7a<\/strong><\/p>\n<p align=\"center\"><strong><a href=\"https:\/\/sistemas.tjes.jus.br\/ediario\/images\/DECIS%C3%83O_-_PROCESSO_N%C2%BA_0103603-83.2016.8.20.0103_-_2%C2%AA_VARA_D.pdf\" target=\"_blank\" rel=\"noopener\">ANEXO &#8211; CLIQUE AQUI<\/a><\/strong><\/p>\n","protected":false},"excerpt":{"rendered":"<p>ESTADO DO ESP\u00cdRITO SANTO PODER JUDICI\u00c1RIO CORREGEDORIA GERAL DA JUSTI\u00c7A OF\u00cdCIO-CIRCULAR CGJES N.\u00ba 191\/2017 (Proc. CGJES n.\u00ba 201700200805) O Desembargador SAMUEL MEIRA BRASIL JR., Corregedor-Geral da Justi\u00e7a, no uso de suas atribui\u00e7\u00f5es e, CONSIDERANDO que a Corregedoria Geral da Justi\u00e7a \u00e9 \u00f3rg\u00e3o de fiscaliza\u00e7\u00e3o, disciplina e orienta\u00e7\u00e3o administrativa, com jurisdi\u00e7\u00e3o em todo o Estado, conforme [&hellip;]<\/p>\n","protected":false},"author":9,"featured_media":0,"comment_status":"closed","ping_status":"closed","sticky":false,"template":"","format":"standard","meta":{"footnotes":""},"categories":[5],"tags":[],"_links":{"self":[{"href":"https:\/\/www.tjes.jus.br\/corregedoria\/wp-json\/wp\/v2\/posts\/25508"}],"collection":[{"href":"https:\/\/www.tjes.jus.br\/corregedoria\/wp-json\/wp\/v2\/posts"}],"about":[{"href":"https:\/\/www.tjes.jus.br\/corregedoria\/wp-json\/wp\/v2\/types\/post"}],"author":[{"embeddable":true,"href":"https:\/\/www.tjes.jus.br\/corregedoria\/wp-json\/wp\/v2\/users\/9"}],"replies":[{"embeddable":true,"href":"https:\/\/www.tjes.jus.br\/corregedoria\/wp-json\/wp\/v2\/comments?post=25508"}],"version-history":[{"count":1,"href":"https:\/\/www.tjes.jus.br\/corregedoria\/wp-json\/wp\/v2\/posts\/25508\/revisions"}],"predecessor-version":[{"id":25509,"href":"https:\/\/www.tjes.jus.br\/corregedoria\/wp-json\/wp\/v2\/posts\/25508\/revisions\/25509"}],"wp:attachment":[{"href":"https:\/\/www.tjes.jus.br\/corregedoria\/wp-json\/wp\/v2\/media?parent=25508"}],"wp:term":[{"taxonomy":"category","embeddable":true,"href":"https:\/\/www.tjes.jus.br\/corregedoria\/wp-json\/wp\/v2\/categories?post=25508"},{"taxonomy":"post_tag","embeddable":true,"href":"https:\/\/www.tjes.jus.br\/corregedoria\/wp-json\/wp\/v2\/tags?post=25508"}],"curies":[{"name":"wp","href":"https:\/\/api.w.org\/{rel}","templated":true}]}}