{"id":25512,"date":"2018-11-23T13:21:04","date_gmt":"2018-11-23T15:21:04","guid":{"rendered":"https:\/\/www.tjes.jus.br\/corregedoria\/?p=25512"},"modified":"2018-11-23T13:21:04","modified_gmt":"2018-11-23T15:21:04","slug":"ato-normativo-no-217-2018-disp-23-11-2018","status":"publish","type":"post","link":"https:\/\/www.tjes.jus.br\/corregedoria\/2018\/11\/23\/ato-normativo-no-217-2018-disp-23-11-2018\/","title":{"rendered":"ATO NORMATIVO N\u00ba 217\/ 2018 &#8211; DISP. 23\/11\/2018"},"content":{"rendered":"<p align=\"center\">ESTADO DO ESP\u00cdRITO SANTO<\/p>\n<p align=\"center\">PODER JUDICI\u00c1RIO<\/p>\n<p align=\"center\">TRIBUNAL DE JUSTI\u00c7A<\/p>\n<p align=\"center\">GABINETE DA PRESID\u00caNCIA<\/p>\n<p align=\"center\"><strong>ATO NORMATIVO N\u00ba 217\/ 2018<\/strong><\/p>\n<p>Suspende o atendimento ao p\u00fablico e os prazos processuais na Vara de Execu\u00e7\u00f5es Penais do Ju\u00edzo de Vila Velha \u2013 Regime Semiaberto.<\/p>\n<p>O Excelent\u00edssimo Desembargador S\u00c9RGIO LUIZ TEIXEIRA GAMA, DD. Presidente do Egr\u00e9gio Tribunal de Justi\u00e7a do Estado do Esp\u00edrito Santo no uso de suas atribui\u00e7\u00f5es legais e,<\/p>\n<p>CONSIDERANDO os termos da Resolu\u00e7\u00e3o n\u00ba 223\/2016, de 27 de maio de 2016, do Colendo Conselho Nacional de Justi\u00e7a, que instituiu o Sistema Eletr\u00f4nico de Execu\u00e7\u00e3o Unificado (SEEU) como sistema de processamento de informa\u00e7\u00f5es e pr\u00e1tica de atos processuais relativos \u00e0 execu\u00e7\u00e3o penal;<\/p>\n<p>CONSIDERANDO a necessidade de aprimoramento da gest\u00e3o da informa\u00e7\u00e3o no \u00e2mbito da execu\u00e7\u00e3o penal, tornando seu tr\u00e2mite processual mais c\u00e9lere, eficiente e uniforme;<\/p>\n<p>CONSIDERANDO o teor do Oficio n\u00ba 015 \u2013 DMF\/2018, da lavra do Exmo. Juiz Auxiliar da Presid\u00eancia do CNJ e Coordenador do Departamento de Monitoramento e Fiscaliza\u00e7\u00e3o do Sistema Carcer\u00e1rio, informando que a implanta\u00e7\u00e3o do SEEU no \u00e2mbito do Poder Judici\u00e1rio do Esp\u00edrito Santo acontecer\u00e1 no per\u00edodo de 26\/11 a 18\/12 do ano corrente;<\/p>\n<p>CONSIDERANDO que o trabalho de digitaliza\u00e7\u00e3o das guias de execu\u00e7\u00e3o e consequente cadastramento no SEEU ser\u00e1 iniciado pela Vara de Execu\u00e7\u00f5es Penais de Vila Velha \u2013 Regime Semiaberto, com a remessa de todos os autos para o local da For\u00e7a Tarefa no pr\u00e9dio da Egr\u00e9gia Corregedoria Geral de Justi\u00e7a, onde tamb\u00e9m ser\u00e1 alocada a estrutura funcional da referida unidade judici\u00e1ria;<\/p>\n<p>RESOLVE:<\/p>\n<p>Art. 1\u00ba. Ficam suspensos o atendimento ao p\u00fablico, as audi\u00eancias, os prazos processuais e demais atos na Vara de Execu\u00e7\u00f5es Penais do Ju\u00edzo de Vila Velha \u2013 Regime Semiaberto, no per\u00edodo de 26 a 30 de novembro de 2018, com o objetivo de viabilizar a digitaliza\u00e7\u00e3o e o cadastramento das Guias de Execu\u00e7\u00e3o Penal em tr\u00e2mite naquela unidade judici\u00e1ria no SEEU, ressalvando-se, contudo, a aprecia\u00e7\u00e3o das medidas urgentes.<\/p>\n<p>Art. 2\u00ba. Este Ato Normativo entra em vigor na data de sua publica\u00e7\u00e3o.<\/p>\n<p>Publique-se.<\/p>\n<p>Vit\u00f3ria\/ES, 21 de novembro de 2018.<\/p>\n<p align=\"center\"><strong>Des. SERGIO LUIZ TEIXEIRA GAMA<\/strong><\/p>\n<p>Presidente<\/p>\n","protected":false},"excerpt":{"rendered":"<p>ESTADO DO ESP\u00cdRITO SANTO PODER JUDICI\u00c1RIO TRIBUNAL DE JUSTI\u00c7A GABINETE DA PRESID\u00caNCIA ATO NORMATIVO N\u00ba 217\/ 2018 Suspende o atendimento ao p\u00fablico e os prazos processuais na Vara de Execu\u00e7\u00f5es Penais do Ju\u00edzo de Vila Velha \u2013 Regime Semiaberto. O Excelent\u00edssimo Desembargador S\u00c9RGIO LUIZ TEIXEIRA GAMA, DD. Presidente do Egr\u00e9gio Tribunal de Justi\u00e7a do Estado [&hellip;]<\/p>\n","protected":false},"author":9,"featured_media":0,"comment_status":"closed","ping_status":"closed","sticky":false,"template":"","format":"standard","meta":{"footnotes":""},"categories":[4],"tags":[],"_links":{"self":[{"href":"https:\/\/www.tjes.jus.br\/corregedoria\/wp-json\/wp\/v2\/posts\/25512"}],"collection":[{"href":"https:\/\/www.tjes.jus.br\/corregedoria\/wp-json\/wp\/v2\/posts"}],"about":[{"href":"https:\/\/www.tjes.jus.br\/corregedoria\/wp-json\/wp\/v2\/types\/post"}],"author":[{"embeddable":true,"href":"https:\/\/www.tjes.jus.br\/corregedoria\/wp-json\/wp\/v2\/users\/9"}],"replies":[{"embeddable":true,"href":"https:\/\/www.tjes.jus.br\/corregedoria\/wp-json\/wp\/v2\/comments?post=25512"}],"version-history":[{"count":1,"href":"https:\/\/www.tjes.jus.br\/corregedoria\/wp-json\/wp\/v2\/posts\/25512\/revisions"}],"predecessor-version":[{"id":25514,"href":"https:\/\/www.tjes.jus.br\/corregedoria\/wp-json\/wp\/v2\/posts\/25512\/revisions\/25514"}],"wp:attachment":[{"href":"https:\/\/www.tjes.jus.br\/corregedoria\/wp-json\/wp\/v2\/media?parent=25512"}],"wp:term":[{"taxonomy":"category","embeddable":true,"href":"https:\/\/www.tjes.jus.br\/corregedoria\/wp-json\/wp\/v2\/categories?post=25512"},{"taxonomy":"post_tag","embeddable":true,"href":"https:\/\/www.tjes.jus.br\/corregedoria\/wp-json\/wp\/v2\/tags?post=25512"}],"curies":[{"name":"wp","href":"https:\/\/api.w.org\/{rel}","templated":true}]}}