{"id":25523,"date":"2018-11-27T13:34:31","date_gmt":"2018-11-27T15:34:31","guid":{"rendered":"https:\/\/www.tjes.jus.br\/corregedoria\/?p=25523"},"modified":"2018-11-27T13:34:58","modified_gmt":"2018-11-27T15:34:58","slug":"ato-normativo-no-219-2018-disp-27-11-2018","status":"publish","type":"post","link":"https:\/\/www.tjes.jus.br\/corregedoria\/2018\/11\/27\/ato-normativo-no-219-2018-disp-27-11-2018\/","title":{"rendered":"ATO NORMATIVO N\u00ba 219\/ 2018 &#8211; DISP. 27\/11\/2018"},"content":{"rendered":"<p align=\"center\">ESTADO DO ESP\u00cdRITO SANTO<\/p>\n<p align=\"center\">PODER JUDICI\u00c1RIO<\/p>\n<p align=\"center\">TRIBUNAL DE JUSTI\u00c7A<\/p>\n<p align=\"center\">GABINETE DA PRESID\u00caNCIA<\/p>\n<p align=\"center\">ATO NORMATIVO N\u00ba 219\/ 2018<\/p>\n<p align=\"justify\">Integra novos servidores \u00e0 equipe da \u201cFor\u00e7a Tarefa\u201d para implanta\u00e7\u00e3o das Guias de Execu\u00e7\u00e3o Penal em tr\u00e2mite nas Varas de Execu\u00e7\u00e3o Penal deste Estado no Sistema Eletr\u00f4nico de Execu\u00e7\u00e3o Unificado \u2013 SEEU.<\/p>\n<p>\u00a0O Excelent\u00edssimo Desembargador S\u00c9RGIO LUIZ TEIXEIRA GAMA, Presidente do Egr\u00e9gio Tribunal de Justi\u00e7a do Estado do Esp\u00edrito Santo no uso de suas atribui\u00e7\u00f5es legais e,<\/p>\n<p>CONSIDERANDO os termos da Resolu\u00e7\u00e3o n\u00ba 223\/2016, de 27 de maio de 2016, do Colendo Conselho Nacional de Justi\u00e7a, que instituiu o Sistema Eletr\u00f4nico de Execu\u00e7\u00e3o Unificado (SEEU) como sistema de processamento de informa\u00e7\u00f5es e pr\u00e1tica de atos processuais relativos \u00e0 execu\u00e7\u00e3o penal;<\/p>\n<p align=\"justify\">CONSIDERANDO a necessidade de aprimoramento da gest\u00e3o da informa\u00e7\u00e3o no \u00e2mbito da execu\u00e7\u00e3o penal, tornando seu tr\u00e2mite processual mais c\u00e9lere, eficiente e uniforme;<\/p>\n<p align=\"justify\">CONSIDERANDO o teor do Oficio n\u00ba 015\u2013DMF\/2018, da lavra do Exm\u00b0. Juiz Auxiliar da Presid\u00eancia do Conselho Nacional de Justi\u00e7a e Coordenador do Departamento de Monitoramento e Fiscaliza\u00e7\u00e3o do Sistema Carcer\u00e1rio, informando que a implanta\u00e7\u00e3o do SEEU no \u00e2mbito do Poder Judici\u00e1rio do Esp\u00edrito Santo acontecer\u00e1 no per\u00edodo de 26\/11 a 18\/12 do ano corrente;<\/p>\n<p align=\"justify\">CONSIDERANDO que o Ato Normativo n\u00ba 216\/2018, publicado no Di\u00e1rio da Justi\u00e7a de 23\/11\/2018, instituiu a \u201cFor\u00e7a Tarefa\u201d para a implanta\u00e7\u00e3o das Guias de Execu\u00e7\u00e3o Penal em tr\u00e2mite nas Varas de Execu\u00e7\u00e3o Penal deste Estado no SEEU;<\/p>\n<p align=\"justify\">CONSIDERANDO os alinhamentos realizados na presenta data com o Departamento de Monitoramento e Fiscaliza\u00e7\u00e3o do Sistema Carcer\u00e1rio do Colendo Conselho Nacional de Justi\u00e7a, no sentido da necessidade de implanta\u00e7\u00e3o simult\u00e2nea do SEEU na Vara de Execu\u00e7\u00f5es Penais e na 8\u00aa Vara Criminal de Vila Velha (Regime Fechado);<\/p>\n<p>RESOLVE:<\/p>\n<p align=\"justify\">Art. 1\u00ba.Integrar \u00e0 \u201cFor\u00e7a Tarefa\u201d para implanta\u00e7\u00e3o das Guias de Execu\u00e7\u00e3o Penal em tr\u00e2mite nas Varas de Execu\u00e7\u00e3o Penal deste Estado no Sistema Eletr\u00f4nico de Execu\u00e7\u00e3o Unificado \u2013 SEEU, institu\u00edda pelo Ato Normativo n\u00ba 216\/2018, publicado no Di\u00e1rio da Justi\u00e7a em 23\/11\/2018, os seguintes servidores:<\/p>\n<p align=\"justify\">1) Patricia Lira Badim, Analista Judici\u00e1rio \u2013 Execu\u00e7\u00e3o Penal;<\/p>\n<p align=\"justify\">2) F\u00e1bio Henrique Neves, Analista Judici\u00e1rio \u2013 Execu\u00e7\u00e3o Penal;<\/p>\n<p align=\"justify\">3) Bruno de Oliveira Fabres, Analista Judici\u00e1rio \u2013 Execu\u00e7\u00e3o Penal;<\/p>\n<p align=\"justify\">4) Salatiel Resende Vieira, Analista Judici\u00e1rio \u2013 Execu\u00e7\u00e3o Penal;<\/p>\n<p align=\"justify\">5) Felipe Gabriel Sotero e Andrade, Analista Judici\u00e1rio \u2013 Execu\u00e7\u00e3o Penal;<\/p>\n<p align=\"justify\">6) Carlos Henrique Meneghel de Almeida, Analista Judici\u00e1rio \u2013 Execu\u00e7\u00e3o Penal;<\/p>\n<p align=\"justify\">7) Michele Ceccon Caetano, Assessora de Juiz.<\/p>\n<p align=\"justify\">\u00a71\u00ba. Os servidores relacionados no artigo 1\u00ba dever\u00e3o se apresentar na sala 5 da EMES \u2013 Escola da Magistratura do Esp\u00edrito Santo \u00e0s <strong>12:00 horas<\/strong> do dia 27\/11\/2018.<\/p>\n<p align=\"justify\"><strong>Art. 2\u00ba<\/strong>. Os servidores que comp\u00f5em a \u201cFor\u00e7a Tarefa\u201d poder\u00e3o atuar no per\u00edodo de<strong> 08:00 \u00e0s 19:00 horas<\/strong>, respeitada a jornada di\u00e1ria m\u00e1xima prevista em lei.<\/p>\n<p align=\"justify\">\u00a71\u00ba. Os servidores integrantes da \u201cFor\u00e7a Tarefa\u201d que ocupem fun\u00e7\u00e3o gratificada no \u00e2mbito do Poder Judici\u00e1rio nela atuar\u00e3o sem preju\u00edzo do exerc\u00edcio de suas fun\u00e7\u00f5es nas respectivas unidades judici\u00e1rias.<\/p>\n<p align=\"justify\">\u00a72\u00ba. Os analistas de execu\u00e7\u00e3o penal exercer\u00e3o as suas atividades na \u201cFor\u00e7a Tarefa\u201d sem preju\u00edzo de suas atua\u00e7\u00f5es em inspe\u00e7\u00f5es nas unidades prisionais.<\/p>\n<p align=\"justify\"><strong>Art. 3\u00ba<\/strong>. A coordena\u00e7\u00e3o dos trabalhos ficar\u00e1 a cargo das Ju\u00edzas de Direito Gisele Souza de Oliveira, Coordenadora das Varas Criminais e de Execu\u00e7\u00f5es Penais, e Graciela de Rezende Henriquez, respondendo pela Vara de Execu\u00e7\u00f5es Penais de Vila Velha, bem como da Analista Judici\u00e1rio \u2013 Execu\u00e7\u00e3o Penal Carla Mileipe Festa.<\/p>\n<p align=\"justify\"><strong>Art. 4\u00ba.<\/strong> Este Ato Normativo entra em vigor na data de sua publica\u00e7\u00e3o.<\/p>\n<p>Publique-se.<\/p>\n<p align=\"center\">Vit\u00f3ria\/ES, 26 de novembro de 2018.<\/p>\n<p align=\"center\">Des. S\u00c9RGIO LUIZ TEIXEIRA GAMA<\/p>\n<p align=\"center\">Presidente<\/p>\n","protected":false},"excerpt":{"rendered":"<p>ESTADO DO ESP\u00cdRITO SANTO PODER JUDICI\u00c1RIO TRIBUNAL DE JUSTI\u00c7A GABINETE DA PRESID\u00caNCIA ATO NORMATIVO N\u00ba 219\/ 2018 Integra novos servidores \u00e0 equipe da \u201cFor\u00e7a Tarefa\u201d para implanta\u00e7\u00e3o das Guias de Execu\u00e7\u00e3o Penal em tr\u00e2mite nas Varas de Execu\u00e7\u00e3o Penal deste Estado no Sistema Eletr\u00f4nico de Execu\u00e7\u00e3o Unificado \u2013 SEEU. \u00a0O Excelent\u00edssimo Desembargador S\u00c9RGIO LUIZ TEIXEIRA [&hellip;]<\/p>\n","protected":false},"author":9,"featured_media":0,"comment_status":"closed","ping_status":"closed","sticky":false,"template":"","format":"standard","meta":{"footnotes":""},"categories":[4],"tags":[],"_links":{"self":[{"href":"https:\/\/www.tjes.jus.br\/corregedoria\/wp-json\/wp\/v2\/posts\/25523"}],"collection":[{"href":"https:\/\/www.tjes.jus.br\/corregedoria\/wp-json\/wp\/v2\/posts"}],"about":[{"href":"https:\/\/www.tjes.jus.br\/corregedoria\/wp-json\/wp\/v2\/types\/post"}],"author":[{"embeddable":true,"href":"https:\/\/www.tjes.jus.br\/corregedoria\/wp-json\/wp\/v2\/users\/9"}],"replies":[{"embeddable":true,"href":"https:\/\/www.tjes.jus.br\/corregedoria\/wp-json\/wp\/v2\/comments?post=25523"}],"version-history":[{"count":3,"href":"https:\/\/www.tjes.jus.br\/corregedoria\/wp-json\/wp\/v2\/posts\/25523\/revisions"}],"predecessor-version":[{"id":25527,"href":"https:\/\/www.tjes.jus.br\/corregedoria\/wp-json\/wp\/v2\/posts\/25523\/revisions\/25527"}],"wp:attachment":[{"href":"https:\/\/www.tjes.jus.br\/corregedoria\/wp-json\/wp\/v2\/media?parent=25523"}],"wp:term":[{"taxonomy":"category","embeddable":true,"href":"https:\/\/www.tjes.jus.br\/corregedoria\/wp-json\/wp\/v2\/categories?post=25523"},{"taxonomy":"post_tag","embeddable":true,"href":"https:\/\/www.tjes.jus.br\/corregedoria\/wp-json\/wp\/v2\/tags?post=25523"}],"curies":[{"name":"wp","href":"https:\/\/api.w.org\/{rel}","templated":true}]}}