{"id":25534,"date":"2018-11-28T12:51:37","date_gmt":"2018-11-28T14:51:37","guid":{"rendered":"https:\/\/www.tjes.jus.br\/corregedoria\/?p=25534"},"modified":"2018-11-28T12:51:37","modified_gmt":"2018-11-28T14:51:37","slug":"ato-normativo-no-221-2018-disp-28-11-2018","status":"publish","type":"post","link":"https:\/\/www.tjes.jus.br\/corregedoria\/2018\/11\/28\/ato-normativo-no-221-2018-disp-28-11-2018\/","title":{"rendered":"ATO NORMATIVO N\u00ba 221\/2018 &#8211; DISP. 28\/11\/2018"},"content":{"rendered":"<p align=\"center\">ESTADO DO ESP\u00cdRITO SANTO<\/p>\n<p align=\"center\">PODER JUDICI\u00c1RIO<\/p>\n<p align=\"center\">ATO NORMATIVO N\u00ba 221\/2018<\/p>\n<p align=\"justify\">Institui Grupo de Trabalho para a implanta\u00e7\u00e3o do sistema de plant\u00e3o no 1\u00ba grau de jurisdi\u00e7\u00e3o.<\/p>\n<p align=\"justify\">O Excelent\u00edssimo Senhor Desembargador NEY BATISTA COUTINHO, DD. Presidente em exerc\u00edcio do Egr\u00e9gio Tribunal de Justi\u00e7a do Estado do Esp\u00edrito Santo, no uso de suas atribui\u00e7\u00f5es legais, e<\/p>\n<p align=\"justify\">CONSIDERANDO que compete ao Presidente do Tribunal de Justi\u00e7a implantar pol\u00edticas de gest\u00e3o do Poder Judici\u00e1rio, de forma a alcan\u00e7ar o princ\u00edpio da efici\u00eancia e a excel\u00eancia da presta\u00e7\u00e3o jurisdicional;<\/p>\n<p align=\"justify\">CONSIDERANDO que consta do procedimento n\u00ba. 2018.00.085.375, em tr\u00e2mite neste Egr\u00e9gio Tribunal de Justi\u00e7a;<\/p>\n<p align=\"justify\">RESOLVE:<\/p>\n<p align=\"justify\">Art. 1\u00ba \u2013 Fica institu\u00eddo Grupo de Trabalho para desenvolvimento e implanta\u00e7\u00e3o do sistema de plant\u00e3o de 1\u00ba grau de jurisdi\u00e7\u00e3o.<\/p>\n<p align=\"justify\">Art. 2\u00ba \u2013 O Grupo de Trabalho ter\u00e1 a seguinte composi\u00e7\u00e3o:<\/p>\n<p align=\"justify\">I \u2013 o Exm\u00ba. Sr. Juiz de Direito Marcelo Menezes Loureiro;<\/p>\n<p align=\"justify\">II \u2013 a Emx\u00aa. Sr\u00aa. Ju\u00edza de Direito Gisele de Souza Oliveira;<\/p>\n<p align=\"justify\">III \u2013 a Subsecret\u00e1ria Geral, Sr\u00aa. Aline Carolino Santos Davel;<\/p>\n<p align=\"justify\">IV \u2013 a Secret\u00e1ria Judici\u00e1ria, Sr\u00aa. Luciana Mer\u00e7on;<\/p>\n<p align=\"justify\">V \u2013 a Secret\u00e1ria de Gest\u00e3o do Foro, Sr\u00aa. Luciana Fernandes Pim;<\/p>\n<p align=\"justify\">VI \u2013 o Analista Judici\u00e1rio, Sr. Louren\u00e7o Peruchi Guimar\u00e3es;<\/p>\n<p align=\"justify\">VII \u2013 a Analista Judici\u00e1ria, Sr\u00aa. M\u00e1rcia Regina Tozzi dos Santos Colnago.<\/p>\n<p align=\"justify\">Par\u00e1grafo \u00fanico. As atividades do Grupo de Trabalho ser\u00e3o coordenadas pelo Exm\u00ba. Sr. Juiz de Direito Marcelo Menezes Loureiro.<\/p>\n<p align=\"justify\">Art. 3\u00ba \u2013 Os trabalhos do referido Grupo ser\u00e3o realizados no per\u00edodo de 28\/11\/2018 a 31\/01\/2019, podendo ser prorrogado a crit\u00e9rio desta Presid\u00eancia.<\/p>\n<p align=\"justify\">Art. 4\u00ba \u2013 Este Ato Normativo entra em vigor na data de sua publica\u00e7\u00e3o.<\/p>\n<p align=\"justify\">Publique-se.<\/p>\n<p align=\"justify\">Vit\u00f3ria, 27 de novembro de 2018.<\/p>\n<p style=\"text-align: center;\" align=\"justify\">Des. NEY BATISTA COUTINHO<\/p>\n<p style=\"text-align: center;\">Presidente em exerc\u00edcio<\/p>\n","protected":false},"excerpt":{"rendered":"<p>ESTADO DO ESP\u00cdRITO SANTO PODER JUDICI\u00c1RIO ATO NORMATIVO N\u00ba 221\/2018 Institui Grupo de Trabalho para a implanta\u00e7\u00e3o do sistema de plant\u00e3o no 1\u00ba grau de jurisdi\u00e7\u00e3o. O Excelent\u00edssimo Senhor Desembargador NEY BATISTA COUTINHO, DD. Presidente em exerc\u00edcio do Egr\u00e9gio Tribunal de Justi\u00e7a do Estado do Esp\u00edrito Santo, no uso de suas atribui\u00e7\u00f5es legais, e CONSIDERANDO [&hellip;]<\/p>\n","protected":false},"author":9,"featured_media":0,"comment_status":"closed","ping_status":"closed","sticky":false,"template":"","format":"standard","meta":{"footnotes":""},"categories":[4],"tags":[],"_links":{"self":[{"href":"https:\/\/www.tjes.jus.br\/corregedoria\/wp-json\/wp\/v2\/posts\/25534"}],"collection":[{"href":"https:\/\/www.tjes.jus.br\/corregedoria\/wp-json\/wp\/v2\/posts"}],"about":[{"href":"https:\/\/www.tjes.jus.br\/corregedoria\/wp-json\/wp\/v2\/types\/post"}],"author":[{"embeddable":true,"href":"https:\/\/www.tjes.jus.br\/corregedoria\/wp-json\/wp\/v2\/users\/9"}],"replies":[{"embeddable":true,"href":"https:\/\/www.tjes.jus.br\/corregedoria\/wp-json\/wp\/v2\/comments?post=25534"}],"version-history":[{"count":1,"href":"https:\/\/www.tjes.jus.br\/corregedoria\/wp-json\/wp\/v2\/posts\/25534\/revisions"}],"predecessor-version":[{"id":25535,"href":"https:\/\/www.tjes.jus.br\/corregedoria\/wp-json\/wp\/v2\/posts\/25534\/revisions\/25535"}],"wp:attachment":[{"href":"https:\/\/www.tjes.jus.br\/corregedoria\/wp-json\/wp\/v2\/media?parent=25534"}],"wp:term":[{"taxonomy":"category","embeddable":true,"href":"https:\/\/www.tjes.jus.br\/corregedoria\/wp-json\/wp\/v2\/categories?post=25534"},{"taxonomy":"post_tag","embeddable":true,"href":"https:\/\/www.tjes.jus.br\/corregedoria\/wp-json\/wp\/v2\/tags?post=25534"}],"curies":[{"name":"wp","href":"https:\/\/api.w.org\/{rel}","templated":true}]}}