{"id":25541,"date":"2018-11-28T13:07:07","date_gmt":"2018-11-28T15:07:07","guid":{"rendered":"https:\/\/www.tjes.jus.br\/corregedoria\/?p=25541"},"modified":"2018-11-28T13:07:07","modified_gmt":"2018-11-28T15:07:07","slug":"provimento-cgjes-no-12-2018-disp-23-08-2018","status":"publish","type":"post","link":"https:\/\/www.tjes.jus.br\/corregedoria\/2018\/11\/28\/provimento-cgjes-no-12-2018-disp-23-08-2018\/","title":{"rendered":"PROVIMENTO CGJES N\u00ba 12\/2018 &#8211; DISP. 23\/08\/2018"},"content":{"rendered":"<p style=\"text-align: center;\"><strong>ESTADO DO ESP\u00cdRITO SANTO<\/strong><\/p>\n<p style=\"text-align: center;\"><strong>PODER JUDICI\u00c1RIO<\/strong><\/p>\n<p style=\"text-align: center;\"><strong>TRIBUNAL DE JUSTI\u00c7A<\/strong><\/p>\n<p style=\"text-align: center;\"><strong>PROVIMENTO CGJES N.\u00ba 12\/2018<\/strong><\/p>\n<p style=\"text-align: justify;\">O Excelent\u00edssimo Senhor Desembargador <strong>SAMUEL MEIRA BRASIL JR.<\/strong>, Corregedor Geral da Justi\u00e7a do Estado do Esp\u00edrito Santo, no uso de suas atribui\u00e7\u00f5es legais e,<\/p>\n<p style=\"text-align: justify;\"><strong>CONSIDERANDO <\/strong>que a Corregedoria Geral da Justi\u00e7a \u00e9 \u00f3rg\u00e3o de fiscaliza\u00e7\u00e3o, que disciplina a orienta\u00e7\u00e3o administrativa com jurisdi\u00e7\u00e3o em todo o Estado do Esp\u00edrito Santo, conforme artigo 35, <em>caput<\/em>, da Lei Complementar Estadual n.\u00ba 234\/02 (C\u00f3digo de Organiza\u00e7\u00e3o Judici\u00e1ria);<\/p>\n<p style=\"text-align: justify;\"><strong>CONSIDERANDO <\/strong>a demanda apresentada no bojo do processo CGJES n.\u00ba 2018.00.494.155, que solicita a viabiliza\u00e7\u00e3o, regulamenta\u00e7\u00e3o e implanta\u00e7\u00e3o de um novo sistema de atualiza\u00e7\u00e3o de d\u00e9bitos judiciais;<\/p>\n<p style=\"text-align: justify;\"><strong>CONSIDERANDO<\/strong> que o atual Programa de Atualiza\u00e7\u00e3o de D\u00e9bitos Judiciais, dispon\u00edvel no site desta Corregedoria Geral da Justi\u00e7a, n\u00e3o abrange todas as possibilidade de c\u00e1lculos e que \u00e9 necess\u00e1rio uniformizar os procedimentos dos c\u00e1lculos judiciais em todas as Comarcas deste Estado;<\/p>\n<p style=\"text-align: justify;\"><strong>CONSIDERANDO<\/strong> que se deve disponibilizar uma ferramenta mais c\u00e9lere e confi\u00e1vel, que conceda maior seguran\u00e7a aos c\u00e1lculos feitos pelas Contadorias;<\/p>\n<p style=\"text-align: justify;\"><strong>CONSIDERANDO<\/strong> a necessidade de diminuir as impugna\u00e7\u00f5es referentes aos cumprimentos de senten\u00e7a;<\/p>\n<p style=\"text-align: justify;\"><strong>RESOLVE:<\/strong><\/p>\n<p style=\"text-align: justify;\"><strong>Art. 1\u00ba \u2013 <\/strong>Instituir <strong>projeto piloto<\/strong> para implanta\u00e7\u00e3o do novo Programa de Atualiza\u00e7\u00e3o de D\u00e9bitos Judiciais nas Contadorias Judiciais do Tribunal de Justi\u00e7a do Estado do Esp\u00edrito Santo.<\/p>\n<p style=\"text-align: justify;\"><strong>Art. 2\u00ba \u2013 <\/strong>O referido projeto piloto ser\u00e1 implantando, inicialmente, nas Contadorias Judiciais de Serra, Vila Velha, Cariacica, Viana e Domingos Martins, bem como na 2\u00aa Contadoria de Vit\u00f3ria, <strong>a partir de 03 de setembro de 2018.<\/strong><\/p>\n<p style=\"text-align: justify;\"><strong>Art. 3\u00ba \u2013<\/strong> Este Provimento entrar\u00e1 em vigor na data de sua publica\u00e7\u00e3o.<\/p>\n<p style=\"text-align: justify;\">Publique-se.<\/p>\n<p style=\"text-align: justify;\">Vit\u00f3ria\/ES, 21 de agosto de 2018.<\/p>\n<p style=\"text-align: center;\"><strong>Desembargador SAMUEL MEIRA BRASIL JR.<br \/>\nCorregedor Geral da Justi\u00e7a<\/strong><\/p>\n","protected":false},"excerpt":{"rendered":"<p>ESTADO DO ESP\u00cdRITO SANTO PODER JUDICI\u00c1RIO TRIBUNAL DE JUSTI\u00c7A PROVIMENTO CGJES N.\u00ba 12\/2018 O Excelent\u00edssimo Senhor Desembargador SAMUEL MEIRA BRASIL JR., Corregedor Geral da Justi\u00e7a do Estado do Esp\u00edrito Santo, no uso de suas atribui\u00e7\u00f5es legais e, CONSIDERANDO que a Corregedoria Geral da Justi\u00e7a \u00e9 \u00f3rg\u00e3o de fiscaliza\u00e7\u00e3o, que disciplina a orienta\u00e7\u00e3o administrativa com jurisdi\u00e7\u00e3o [&hellip;]<\/p>\n","protected":false},"author":3,"featured_media":0,"comment_status":"closed","ping_status":"closed","sticky":false,"template":"","format":"standard","meta":{"footnotes":""},"categories":[14,16],"tags":[],"_links":{"self":[{"href":"https:\/\/www.tjes.jus.br\/corregedoria\/wp-json\/wp\/v2\/posts\/25541"}],"collection":[{"href":"https:\/\/www.tjes.jus.br\/corregedoria\/wp-json\/wp\/v2\/posts"}],"about":[{"href":"https:\/\/www.tjes.jus.br\/corregedoria\/wp-json\/wp\/v2\/types\/post"}],"author":[{"embeddable":true,"href":"https:\/\/www.tjes.jus.br\/corregedoria\/wp-json\/wp\/v2\/users\/3"}],"replies":[{"embeddable":true,"href":"https:\/\/www.tjes.jus.br\/corregedoria\/wp-json\/wp\/v2\/comments?post=25541"}],"version-history":[{"count":1,"href":"https:\/\/www.tjes.jus.br\/corregedoria\/wp-json\/wp\/v2\/posts\/25541\/revisions"}],"predecessor-version":[{"id":25542,"href":"https:\/\/www.tjes.jus.br\/corregedoria\/wp-json\/wp\/v2\/posts\/25541\/revisions\/25542"}],"wp:attachment":[{"href":"https:\/\/www.tjes.jus.br\/corregedoria\/wp-json\/wp\/v2\/media?parent=25541"}],"wp:term":[{"taxonomy":"category","embeddable":true,"href":"https:\/\/www.tjes.jus.br\/corregedoria\/wp-json\/wp\/v2\/categories?post=25541"},{"taxonomy":"post_tag","embeddable":true,"href":"https:\/\/www.tjes.jus.br\/corregedoria\/wp-json\/wp\/v2\/tags?post=25541"}],"curies":[{"name":"wp","href":"https:\/\/api.w.org\/{rel}","templated":true}]}}