{"id":25543,"date":"2018-11-28T13:13:08","date_gmt":"2018-11-28T15:13:08","guid":{"rendered":"https:\/\/www.tjes.jus.br\/corregedoria\/?p=25543"},"modified":"2019-02-13T14:07:51","modified_gmt":"2019-02-13T16:07:51","slug":"provimento-cgjes-no-13-2018-disp-10-09-2018","status":"publish","type":"post","link":"https:\/\/www.tjes.jus.br\/corregedoria\/2018\/11\/28\/provimento-cgjes-no-13-2018-disp-10-09-2018\/","title":{"rendered":"PROVIMENTO CGJES N\u00ba 13\/2018 &#8211; DISP. 10\/09\/2018"},"content":{"rendered":"<p style=\"text-align: center;\"><del><strong>ESTADO DO ESP\u00cdRITO SANTO<\/strong><\/del><\/p>\n<p style=\"text-align: center;\"><del><strong>PODER JUDICI\u00c1RIO<\/strong><\/del><\/p>\n<p style=\"text-align: center;\"><del><strong>CORREGEDORIA-GERAL DA JUSTI\u00c7A<\/strong><\/del><\/p>\n<p style=\"text-align: center;\"><del><strong>PROVIMENTO N\u00ba 013\/2018<\/strong><\/del><\/p>\n<p style=\"text-align: justify;\"><del>O Desembargador SAMUEL MEIRA BRASIL J\u00daNIOR, Corregedor-Geral da Justi\u00e7a do Estado do Esp\u00edrito Santo, no uso de suas atribui\u00e7\u00f5es legais e<\/del><\/p>\n<p style=\"text-align: justify;\"><del><strong>CONSIDERANDO<\/strong> que a Corregedoria Geral da Justi\u00e7a \u00e9 \u00f3rg\u00e3o de fiscaliza\u00e7\u00e3o, que disciplina a orienta\u00e7\u00e3o administrativa com jurisdi\u00e7\u00e3o em todo o Estado do Esp\u00edrito Santo, conforme artigo 35, <em>caput<\/em>, da Lei Complementar Estadual n.\u00ba 234\/02 (C\u00f3digo de Organiza\u00e7\u00e3o Judici\u00e1ria);<\/del><\/p>\n<p style=\"text-align: justify;\"><del><strong>CONSIDERANDO<\/strong> que o Novo C\u00f3digo de Processo Civil determina que incumbe ao escriv\u00e3o ou ao chefe de secretaria (i) fornecer certid\u00e3o de qualquer ato ou termo do processo, independentemente de despacho, observadas as disposi\u00e7\u00f5es referentes ao segredo de justi\u00e7a e (ii) praticar, de of\u00edcio, os atos meramente ordinat\u00f3rios;<\/del><\/p>\n<p style=\"text-align: justify;\"><del><strong>CONSIDERANDO<\/strong> que compete aos Ju\u00edzes Corregedores examinar e emitir pareceres em processos administrativos e disciplinares, despachando de ordem do Corregedor-Geral nos expedientes sob seu exame, nos termos do art. 5\u00ba, c, do <a href=\"https:\/\/www.tjes.jus.br\/corregedoria\/2016\/10\/10\/provimento-no-452011-disp-30122011\/\" target=\"_blank\" rel=\"noopener\">Provimento n\u00ba 45\/2011<\/a>;<\/del><\/p>\n<p style=\"text-align: justify;\"><del><strong>CONSIDERANDO<\/strong> a necessidade de aprimoramento das atribui\u00e7\u00f5es dos \u00f3rg\u00e3os internos desta Corregedoria, visando \u00e0 melhoria da efici\u00eancia e qualidade da presta\u00e7\u00e3o de servi\u00e7o neste \u00f3rg\u00e3o;<\/del><\/p>\n<p style=\"text-align: justify;\"><del><strong>RESOLVE:<\/strong><\/del><\/p>\n<p style=\"text-align: justify;\"><del><strong>Art. 1\u00ba<\/strong>. Delegar aos Ju\u00edzes Corregedores a compet\u00eancia para a emiss\u00e3o de despachos ordinat\u00f3rios, quando necess\u00e1rios, e a assinatura de of\u00edcios nos procedimentos internos deste \u00f3rg\u00e3o;<\/del><\/p>\n<p style=\"text-align: justify;\"><del>\u00a7 1\u00ba. N\u00e3o dependem de despacho os atos ordin\u00e1rios de compet\u00eancia da secretaria deste \u00f3rg\u00e3o, tais como a juntada de documentos, concess\u00e3o de vista obrigat\u00f3ria ou expedi\u00e7\u00e3o de of\u00edcios regulares de controle, devendo ser praticado de of\u00edcio e, quando necess\u00e1rio, revisto pelos Ju\u00edzes Corregedores;<\/del><\/p>\n<p style=\"text-align: justify;\"><del>\u00a7 2\u00ba. Os despachos e of\u00edcios subscritos pelos ju\u00edzes auxiliares ou pela secretaria deste \u00f3rg\u00e3o dever\u00e3o conter a express\u00e3o \u201cde ordem\u201d para a indica\u00e7\u00e3o da compet\u00eancia delegada;<\/del><\/p>\n<p style=\"text-align: justify;\"><del>\u00a7 3\u00ba. Para a juntada de documentos em \u00f3rg\u00e3os diversos no \u00e2mbito desta Corregedoria, dever\u00e1 o setor remetente informar nos autos a raz\u00e3o de seu envio, bem como o setor destinat\u00e1rio certificar a juntada do documento, promovendo a devolu\u00e7\u00e3o ao \u00f3rg\u00e3o emitente em at\u00e9 24 horas.<\/del><\/p>\n<p style=\"text-align: justify;\"><del><strong>Art. 2\u00ba<\/strong>. Ser\u00e3o proferidas, exclusivamente, pelo Corregedor-Geral de Justi\u00e7a as decis\u00f5es e por ele subscritos os of\u00edcios dirigidos \u00e0s autoridades p\u00fablicas, inclusive integrantes do Poder Judici\u00e1rio.<\/del><\/p>\n<p style=\"text-align: justify;\"><del><strong>Art. 3\u00ba<\/strong>. Revoga-se o <a href=\"https:\/\/www.tjes.jus.br\/corregedoria\/2018\/01\/15\/provimento-cgjes-no-022018-disp-15012018\/\" target=\"_blank\" rel=\"noopener\">Provimento n\u00ba 02\/2018<\/a>.<\/del><\/p>\n<p style=\"text-align: justify;\"><del><strong>Art. 4\u00ba<\/strong>. Esta ordem de servi\u00e7o entrar\u00e1 em vigor na data da sua publica\u00e7\u00e3o.<\/del><\/p>\n<p style=\"text-align: justify;\"><del>Publique-se. Cumpra-se.<\/del><\/p>\n<p style=\"text-align: justify;\"><del>Vit\u00f3ria\/ES, 10 de agosto de 2018.<\/del><\/p>\n<p style=\"text-align: center;\"><del><strong>Desembargador SAMUEL MEIRA BRASIL J\u00daNIOR<br \/>\nCorregedor-Geral da Justi\u00e7a<\/strong><\/del><\/p>\n<div id=\"content\" class=\"span9 article-container tc-gallery-style\">\n<article id=\"post-21955\" class=\"row-fluid post-21955 post type-post status-publish format-standard hentry category-legislacao category-provimentos hover\">\n<section class=\"entry-content \">\n<div class=\"pf-content\">\n<h2 style=\"text-align: center;\"><span style=\"color: #ff0000;\">REVOGADO PELO\u00a0<a href=\"https:\/\/www.tjes.jus.br\/corregedoria\/2019\/02\/13\/provimento-no-18-2019-disp-25-01-2019\/\">PROVIMENTO CGJES N\u00ba 18\/2019\u00a0<\/a>\u2013 DISP. 10\/09\/2018<\/span><\/h2>\n<\/div>\n<\/section>\n<\/article>\n<\/div>\n","protected":false},"excerpt":{"rendered":"<p>ESTADO DO ESP\u00cdRITO SANTO PODER JUDICI\u00c1RIO CORREGEDORIA-GERAL DA JUSTI\u00c7A PROVIMENTO N\u00ba 013\/2018 O Desembargador SAMUEL MEIRA BRASIL J\u00daNIOR, Corregedor-Geral da Justi\u00e7a do Estado do Esp\u00edrito Santo, no uso de suas atribui\u00e7\u00f5es legais e CONSIDERANDO que a Corregedoria Geral da Justi\u00e7a \u00e9 \u00f3rg\u00e3o de fiscaliza\u00e7\u00e3o, que disciplina a orienta\u00e7\u00e3o administrativa com jurisdi\u00e7\u00e3o em todo o Estado [&hellip;]<\/p>\n","protected":false},"author":3,"featured_media":0,"comment_status":"closed","ping_status":"closed","sticky":false,"template":"","format":"standard","meta":{"footnotes":""},"categories":[14,16],"tags":[],"_links":{"self":[{"href":"https:\/\/www.tjes.jus.br\/corregedoria\/wp-json\/wp\/v2\/posts\/25543"}],"collection":[{"href":"https:\/\/www.tjes.jus.br\/corregedoria\/wp-json\/wp\/v2\/posts"}],"about":[{"href":"https:\/\/www.tjes.jus.br\/corregedoria\/wp-json\/wp\/v2\/types\/post"}],"author":[{"embeddable":true,"href":"https:\/\/www.tjes.jus.br\/corregedoria\/wp-json\/wp\/v2\/users\/3"}],"replies":[{"embeddable":true,"href":"https:\/\/www.tjes.jus.br\/corregedoria\/wp-json\/wp\/v2\/comments?post=25543"}],"version-history":[{"count":3,"href":"https:\/\/www.tjes.jus.br\/corregedoria\/wp-json\/wp\/v2\/posts\/25543\/revisions"}],"predecessor-version":[{"id":26263,"href":"https:\/\/www.tjes.jus.br\/corregedoria\/wp-json\/wp\/v2\/posts\/25543\/revisions\/26263"}],"wp:attachment":[{"href":"https:\/\/www.tjes.jus.br\/corregedoria\/wp-json\/wp\/v2\/media?parent=25543"}],"wp:term":[{"taxonomy":"category","embeddable":true,"href":"https:\/\/www.tjes.jus.br\/corregedoria\/wp-json\/wp\/v2\/categories?post=25543"},{"taxonomy":"post_tag","embeddable":true,"href":"https:\/\/www.tjes.jus.br\/corregedoria\/wp-json\/wp\/v2\/tags?post=25543"}],"curies":[{"name":"wp","href":"https:\/\/api.w.org\/{rel}","templated":true}]}}