{"id":25564,"date":"2018-11-30T13:58:22","date_gmt":"2018-11-30T15:58:22","guid":{"rendered":"https:\/\/www.tjes.jus.br\/corregedoria\/?p=25564"},"modified":"2018-11-30T13:58:22","modified_gmt":"2018-11-30T15:58:22","slug":"tjes-e-cgj-instituem-servico-de-compartilhamento-das-centrais-de-mandados-no-1o-grau-de-jurisdicao","status":"publish","type":"post","link":"https:\/\/www.tjes.jus.br\/corregedoria\/2018\/11\/30\/tjes-e-cgj-instituem-servico-de-compartilhamento-das-centrais-de-mandados-no-1o-grau-de-jurisdicao\/","title":{"rendered":"TJES e CGJ instituem servi\u00e7o de compartilhamento das Centrais de Mandados no 1\u00ba grau de jurisdi\u00e7\u00e3o"},"content":{"rendered":"<p style=\"text-align: justify;\"><span style=\"color: #000000;\"><span style=\"font-family: Calibri, sans-serif;\"><span style=\"font-size: medium;\">O servi\u00e7o de compartilhamento das Centrais de Distribui\u00e7\u00e3o, cumprimento e devolu\u00e7\u00e3o de mandados expedidos pelas unidades jurisdicionais do Poder Judici\u00e1rio do Estado foi institu\u00eddo na Justi\u00e7a de Primeiro Grau de Jurisdi\u00e7\u00e3o por meio do <a href=\"https:\/\/www.tjes.jus.br\/corregedoria\/2018\/11\/27\/ato-normativo-conjunto-n-043-2018-disp-27-11-2018\/\" target=\"_blank\" rel=\"noopener\">Ato Normativo Conjunto n\u00ba 43\/2018<\/a>, disponibilizado no Di\u00e1rio da Justi\u00e7a na \u00faltima ter\u00e7a-feira (27\/11); e assinado pelo presidente do Tribunal de Justi\u00e7a do Esp\u00edrito Santo (TJES), desembargador S\u00e9rgio Luiz Teixeira Gama, e pelo corregedor-geral da Justi\u00e7a, desembargador Samuel Meira Brasil J\u00fanior. <\/span><\/span><\/span><\/p>\n<p style=\"text-align: justify;\"><span style=\"font-family: Calibri, sans-serif;\"><span style=\"font-size: medium;\"> <span style=\"color: #000000;\">O projeto ser\u00e1 implantado, inicialmente, <\/span><span style=\"color: #000000;\">somente entre os Ju\u00edzos de Vila Velha e Viana, que funcionar\u00e3o como \u201cProjeto Piloto\u201d, sendo estendido aos demais <\/span><span style=\"color: #000000;\">conforme<\/span><span style=\"color: #000000;\"> o Plano de Trabalho <\/span><span style=\"color: #000000;\">que ser\u00e1 <\/span><span style=\"color: #000000;\">regulamentado no prazo de 90 dias.<\/span><\/span><\/span><\/p>\n<p style=\"text-align: justify;\"><span style=\"color: #000000;\"><span style=\"font-family: Calibri, sans-serif;\"><span style=\"font-size: medium;\"> A implanta\u00e7\u00e3o do servi\u00e7o possibilita, por meio do sistema e-JUD, <span lang=\"pt-BR\">que os mandados expedidos no \u00e2mbito do Poder Judici\u00e1rio <\/span><span lang=\"pt-BR\">do ES <\/span><span lang=\"pt-BR\">sejam encaminhados diretamente \u00e0 Central de Mandados da Comarca do local do cumprimento da ordem, pelas vias eletr\u00f4nicas, independente da materializa\u00e7\u00e3o dos documentos e do colhimento do \u201ccumpra-se\u201d. <\/span><\/span><\/span><\/span><\/p>\n<p style=\"text-align: justify;\"><span style=\"font-family: Calibri, sans-serif;\"><span style=\"font-size: medium;\"><span lang=\"pt-BR\"><span style=\"color: #000000;\"> Da mesma forma, <\/span><\/span><span style=\"color: #000000;\"><span lang=\"pt-BR\">o Oficial de Justi\u00e7a, a quem couber o cumprimento da dilig\u00eancia, <\/span><span lang=\"pt-BR\">poder\u00e1 <\/span><span lang=\"pt-BR\">proce<\/span><span lang=\"pt-BR\">der<\/span><span lang=\"pt-BR\"> \u00e0 devolu\u00e7\u00e3o eletr\u00f4nica dos mandados diretamente ao Cart\u00f3rio de origem, via sistema, dispensando <\/span><span lang=\"pt-BR\">a <\/span><span lang=\"pt-BR\">entrega f\u00edsica <\/span><span lang=\"pt-BR\">dos documentos. A medida visa assegurar a razo\u00e1vel dura\u00e7\u00e3o do processo, oferecendo servi\u00e7os de qualidade, com a melhoria cont\u00ednua dos processos de trabalho e da produtividade das unidades jurisdicionais.<\/span><\/span><\/span><\/span><\/p>\n<p style=\"text-align: justify;\"><span style=\"color: #000000;\"><span style=\"font-family: Calibri, sans-serif;\"><span style=\"font-size: medium;\"> O <a href=\"https:\/\/www.tjes.jus.br\/corregedoria\/2018\/11\/27\/ato-normativo-conjunto-n-043-2018-disp-27-11-2018\/\" target=\"_blank\" rel=\"noopener\">Ato Normativo Conjunto n\u00ba 43\/2018<\/a> tamb\u00e9m autoriza que os mandados sejam diretamente encaminhados \u00e0 Comarca Local do cumprimento da ordem, caso <span lang=\"pt-BR\">os mandados sejam expedidos para cumprimento em Comarcas cont\u00edguas do Poder Judici\u00e1rio Estadual, e se <\/span><span lang=\"pt-BR\">expedidos por <\/span><span lang=\"pt-BR\">u<\/span><span lang=\"pt-BR\">nidades <\/span><span lang=\"pt-BR\">j<\/span><span lang=\"pt-BR\">udici\u00e1rias que componham a Comarca da Capital e o endere\u00e7o do destinat\u00e1rio se localize em uma d<\/span><span lang=\"pt-BR\">essas<\/span> <span lang=\"pt-BR\">u<\/span><span lang=\"pt-BR\">nidades, nos termos do art. 39 da Lei Complementar n\u00ba 234\/2002.<\/span><\/span><\/span><\/span><\/p>\n<p style=\"text-align: justify;\"><span style=\"color: #000000;\"><span style=\"font-family: Calibri, sans-serif;\"><span style=\"font-size: medium;\"> Para obter mais informa\u00e7\u00f5es e detalhes sobre o funcionamento do servi\u00e7o de compartilhamento das Centrais de Mandados para a distribui\u00e7\u00e3o e cumprimento dos mandados expedidos no primeiro grau de jurisdi\u00e7\u00e3o, clique <a href=\"https:\/\/sistemas.tjes.jus.br\/ediario\/index.php\/component\/ediario\/726935?view=content\" target=\"_blank\" rel=\"noopener\">aqui.<\/a><\/span><\/span><\/span><\/p>\n","protected":false},"excerpt":{"rendered":"<p>O servi\u00e7o de compartilhamento das Centrais de Distribui\u00e7\u00e3o, cumprimento e devolu\u00e7\u00e3o de mandados expedidos pelas unidades jurisdicionais do Poder Judici\u00e1rio do Estado foi institu\u00eddo na Justi\u00e7a de Primeiro Grau de Jurisdi\u00e7\u00e3o por meio do Ato Normativo Conjunto n\u00ba 43\/2018, disponibilizado no Di\u00e1rio da Justi\u00e7a na \u00faltima ter\u00e7a-feira (27\/11); e assinado pelo presidente do Tribunal de [&hellip;]<\/p>\n","protected":false},"author":9,"featured_media":24576,"comment_status":"closed","ping_status":"closed","sticky":false,"template":"","format":"standard","meta":{"footnotes":""},"categories":[1],"tags":[],"_links":{"self":[{"href":"https:\/\/www.tjes.jus.br\/corregedoria\/wp-json\/wp\/v2\/posts\/25564"}],"collection":[{"href":"https:\/\/www.tjes.jus.br\/corregedoria\/wp-json\/wp\/v2\/posts"}],"about":[{"href":"https:\/\/www.tjes.jus.br\/corregedoria\/wp-json\/wp\/v2\/types\/post"}],"author":[{"embeddable":true,"href":"https:\/\/www.tjes.jus.br\/corregedoria\/wp-json\/wp\/v2\/users\/9"}],"replies":[{"embeddable":true,"href":"https:\/\/www.tjes.jus.br\/corregedoria\/wp-json\/wp\/v2\/comments?post=25564"}],"version-history":[{"count":1,"href":"https:\/\/www.tjes.jus.br\/corregedoria\/wp-json\/wp\/v2\/posts\/25564\/revisions"}],"predecessor-version":[{"id":25565,"href":"https:\/\/www.tjes.jus.br\/corregedoria\/wp-json\/wp\/v2\/posts\/25564\/revisions\/25565"}],"wp:featuredmedia":[{"embeddable":true,"href":"https:\/\/www.tjes.jus.br\/corregedoria\/wp-json\/wp\/v2\/media\/24576"}],"wp:attachment":[{"href":"https:\/\/www.tjes.jus.br\/corregedoria\/wp-json\/wp\/v2\/media?parent=25564"}],"wp:term":[{"taxonomy":"category","embeddable":true,"href":"https:\/\/www.tjes.jus.br\/corregedoria\/wp-json\/wp\/v2\/categories?post=25564"},{"taxonomy":"post_tag","embeddable":true,"href":"https:\/\/www.tjes.jus.br\/corregedoria\/wp-json\/wp\/v2\/tags?post=25564"}],"curies":[{"name":"wp","href":"https:\/\/api.w.org\/{rel}","templated":true}]}}