{"id":25630,"date":"2018-12-07T13:19:59","date_gmt":"2018-12-07T15:19:59","guid":{"rendered":"https:\/\/www.tjes.jus.br\/corregedoria\/?p=25630"},"modified":"2018-12-07T13:19:59","modified_gmt":"2018-12-07T15:19:59","slug":"portaria-no-14-2018-disp-07-12-2018","status":"publish","type":"post","link":"https:\/\/www.tjes.jus.br\/corregedoria\/2018\/12\/07\/portaria-no-14-2018-disp-07-12-2018\/","title":{"rendered":"PORTARIA N\u00ba 14\/2018 &#8211; DISP. 07\/12\/2018"},"content":{"rendered":"<div class=\"override-text\" align=\"center\"><strong>ESTADO DO ESP\u00cdRITO SANTO<\/strong><\/div>\n<div class=\"override-text\" align=\"center\"><strong>PODER JUDICI\u00c1RIO<\/strong><\/div>\n<div class=\"override-text\" align=\"center\"><strong>CORREGEDORIA GERAL DA JUSTI\u00c7A<\/strong><\/div>\n<p align=\"center\"><sup><strong>PORTARIA CGJES N.\u00ba<\/strong><\/sup><strong><sup>\u00a014\/2018<\/sup><\/strong><\/p>\n<p><i><strong>Altera a composi\u00e7\u00e3o da Comiss\u00e3o Revisora do C\u00f3digo de Normas para o bi\u00eanio 2018\/2019.<\/strong><\/i><\/p>\n<p><strong>O Desembargador SAMUEL MEIRA BRASIL JR.<\/strong>, Corregedor Geral da Justi\u00e7a do Estado do Esp\u00edrito Santo, no uso de suas atribui\u00e7\u00f5es legais e<\/p>\n<p><strong>CONSIDERANDO<\/strong>\u00a0que a Corregedoria Geral da Justi\u00e7a \u00e9 \u00f3rg\u00e3o de fiscaliza\u00e7\u00e3o, disciplina e orienta\u00e7\u00e3o administrativa, com jurisdi\u00e7\u00e3o em todo o Estado, conforme art. 2\u00ba da Lei Complementar Estadual n.\u00ba 83\/96 e art. 35 da Lei Complementar Estadual n.\u00ba 234\/2002;<\/p>\n<p><strong>CONSIDERANDO<\/strong>\u00a0ser o C\u00f3digo de Normas a principal ferramenta de que disp\u00f5e a Corregedoria Geral da Justi\u00e7a para uniformizar a orienta\u00e7\u00e3o administrativa do foro judicial e extrajudicial em todo o Estado, sendo imperioso e necess\u00e1rio o constante aprimoramento das diversas disposi\u00e7\u00f5es nele contidas;<\/p>\n<p><strong>CONSIDERANDO<\/strong>\u00a0o que disp\u00f5e do artigo 1.316 do C\u00f3digo de Normas, que autoriza a constitui\u00e7\u00e3o de Comiss\u00e3o Revisora, a crit\u00e9rio do Corregedor Geral da Justi\u00e7a, para analisar propostas de altera\u00e7\u00e3o, atualiza\u00e7\u00e3o e revis\u00e3o;<\/p>\n<p><strong>CONSIDERANDO<\/strong>\u00a0a publica\u00e7\u00e3o do Novo C\u00f3digo de Normas por esta Corregedoria Geral da Justi\u00e7a (Provimento CGJES n.\u00ba 20\/2017), publicado no DJES em 07\/12\/2017, bem como a realiza\u00e7\u00e3o de consulta p\u00fablica e disponibiliza\u00e7\u00e3o de endere\u00e7o eletr\u00f4nico para manifesta\u00e7\u00e3o e apresenta\u00e7\u00e3o de sugest\u00f5es, com a consequente necessidade de prover a Comiss\u00e3o Revisora dos meios necess\u00e1rios para os trabalhos;<\/p>\n<p><strong>RESOLVE<\/strong>:<\/p>\n<p><strong>Art. 1\u00ba<\/strong>\u00a0<strong>Alterar<\/strong>\u00a0a Comiss\u00e3o Revisora do C\u00f3digo de Normas para o bi\u00eanio 2018\/2019, institu\u00edda pela Portaria n\u00ba 01\/2018, que contar\u00e1 com a seguinte composi\u00e7\u00e3o:<\/p>\n<p>I \u2013 Juiz Corregedor\u00a0<strong>RODRIGO FERREIRA MIRANDA<\/strong>\u00a0(Presidente);<\/p>\n<p>II \u2013 Juiz Corregedor\u00a0<strong>ADRIANO CORR\u00caA DE MELLO<\/strong>\u00a0(Vice-Presidente);<\/p>\n<p>III \u2013 Ju\u00edza Corregedora\u00a0<strong>EDNALVA DA PENHA BINDA<\/strong>\u00a0(membro);<\/p>\n<p>IV \u2013 Ju\u00edza Corregedora\u00a0<strong>PATRICIA FARONI<\/strong>\u00a0(membro);<\/p>\n<p>V \u2013 Analista Judici\u00e1rio 02 \u2013 Direito\u00a0<strong>MARCO ANT\u00d4NIO SEVERNINI<\/strong>\u00a0(1\u00ba Secret\u00e1rio);<\/p>\n<p>VI \u2013 Analista Judici\u00e1rio 02 \u2013 Sem Especialidade\u00a0<strong>HUDSON DE ANGELI FERREIRA<\/strong>\u00a0(2\u00ba Secret\u00e1rio);<\/p>\n<p>VII \u2013 Assessora de N\u00edvel Superior para Assuntos Jur\u00eddicos 03\u00a0<strong>EMILIA COM\u00c9RIO GAVA<\/strong>\u00a0(3\u00ba Secret\u00e1rio);<\/p>\n<p>VIII \u2013 Assessora de Juiz\u00a0<strong>LET\u00cdCIA FERREIRA FURTADO DE ANDRADE\u00a0<\/strong>(4\u00ba Secret\u00e1rio).<\/p>\n<p><strong>Art. 2\u00ba<\/strong>\u00a0Esta portaria entrar\u00e1 em vigor na data da sua publica\u00e7\u00e3o.<\/p>\n<p><strong>Publique-se. Registre-se. Cumpra-se.<\/strong><\/p>\n<p>Vit\u00f3ria\/ES, 05 de dezembro de 2018.<\/p>\n<p align=\"center\"><strong>Desembargador SAMUEL MEIRA BRASIL JR.<br \/>\nCorregedor Geral da Justi\u00e7a<\/strong><\/p>\n","protected":false},"excerpt":{"rendered":"<p>ESTADO DO ESP\u00cdRITO SANTO PODER JUDICI\u00c1RIO CORREGEDORIA GERAL DA JUSTI\u00c7A PORTARIA CGJES N.\u00ba\u00a014\/2018 Altera a composi\u00e7\u00e3o da Comiss\u00e3o Revisora do C\u00f3digo de Normas para o bi\u00eanio 2018\/2019. O Desembargador SAMUEL MEIRA BRASIL JR., Corregedor Geral da Justi\u00e7a do Estado do Esp\u00edrito Santo, no uso de suas atribui\u00e7\u00f5es legais e CONSIDERANDO\u00a0que a Corregedoria Geral da Justi\u00e7a [&hellip;]<\/p>\n","protected":false},"author":9,"featured_media":0,"comment_status":"closed","ping_status":"closed","sticky":false,"template":"","format":"standard","meta":{"footnotes":""},"categories":[6],"tags":[],"_links":{"self":[{"href":"https:\/\/www.tjes.jus.br\/corregedoria\/wp-json\/wp\/v2\/posts\/25630"}],"collection":[{"href":"https:\/\/www.tjes.jus.br\/corregedoria\/wp-json\/wp\/v2\/posts"}],"about":[{"href":"https:\/\/www.tjes.jus.br\/corregedoria\/wp-json\/wp\/v2\/types\/post"}],"author":[{"embeddable":true,"href":"https:\/\/www.tjes.jus.br\/corregedoria\/wp-json\/wp\/v2\/users\/9"}],"replies":[{"embeddable":true,"href":"https:\/\/www.tjes.jus.br\/corregedoria\/wp-json\/wp\/v2\/comments?post=25630"}],"version-history":[{"count":1,"href":"https:\/\/www.tjes.jus.br\/corregedoria\/wp-json\/wp\/v2\/posts\/25630\/revisions"}],"predecessor-version":[{"id":25632,"href":"https:\/\/www.tjes.jus.br\/corregedoria\/wp-json\/wp\/v2\/posts\/25630\/revisions\/25632"}],"wp:attachment":[{"href":"https:\/\/www.tjes.jus.br\/corregedoria\/wp-json\/wp\/v2\/media?parent=25630"}],"wp:term":[{"taxonomy":"category","embeddable":true,"href":"https:\/\/www.tjes.jus.br\/corregedoria\/wp-json\/wp\/v2\/categories?post=25630"},{"taxonomy":"post_tag","embeddable":true,"href":"https:\/\/www.tjes.jus.br\/corregedoria\/wp-json\/wp\/v2\/tags?post=25630"}],"curies":[{"name":"wp","href":"https:\/\/api.w.org\/{rel}","templated":true}]}}