{"id":25649,"date":"2018-12-10T13:20:59","date_gmt":"2018-12-10T15:20:59","guid":{"rendered":"https:\/\/www.tjes.jus.br\/corregedoria\/?p=25649"},"modified":"2018-12-10T13:20:59","modified_gmt":"2018-12-10T15:20:59","slug":"oficio-circular-no-204-2018-disp-10-12-2018","status":"publish","type":"post","link":"https:\/\/www.tjes.jus.br\/corregedoria\/2018\/12\/10\/oficio-circular-no-204-2018-disp-10-12-2018\/","title":{"rendered":"OF\u00cdCIO-CIRCULAR N\u00ba\u00a0204\/2018. &#8211; DISP. 10\/12\/2018"},"content":{"rendered":"<p align=\"center\"><strong>ESTADO DO ESP\u00cdRITO SANTO<\/strong><\/p>\n<p align=\"center\"><strong>PODER JUDICI\u00c1RIO<\/strong><\/p>\n<p style=\"text-align: center;\" align=\"center\"><strong>CORREGEDORIA GERAL DA JUSTI\u00c7A<\/strong><\/p>\n<p style=\"text-align: center;\" align=\"justify\"><span lang=\"pt-BR\"><strong>OF\u00cdCIO-CIRCULAR N\u00ba\u00a0<\/strong><\/span><span lang=\"pt-BR\"><strong>204<\/strong><\/span><span lang=\"pt-BR\"><strong>\/<\/strong><\/span><span lang=\"pt-BR\"><strong>201<\/strong><\/span><span lang=\"pt-BR\"><strong>8.<\/strong><\/span><\/p>\n<p style=\"text-align: center;\" align=\"justify\"><strong>Protocolo 201801820259<\/strong><\/p>\n<p align=\"justify\">O Desembargador\u00a0<strong>SAMUEL MEIRA BRASIL JUNIOR,\u00a0<\/strong>Corregedor-Geral da Justi\u00e7a do Estado do Esp\u00edrito Santo, no uso de suas atribui\u00e7\u00f5es legais:<\/p>\n<p align=\"justify\"><strong>CONSIDERANDO<\/strong>\u00a0que a Corregedoria Geral da Justi\u00e7a \u00e9 \u00f3rg\u00e3o de fiscaliza\u00e7\u00e3o, disciplina e orienta\u00e7\u00e3o administrativa, com circunscri\u00e7\u00e3o em todo o Estado, conforme art. 35 da Lei Complementar Estadual n\u00ba 234\/2002 (COJES);<\/p>\n<p align=\"justify\"><span lang=\"pt-BR\"><strong>CONSIDERANDO<\/strong><\/span><span lang=\"pt-BR\">\u00a0o recebimento do\u00a0<\/span><span lang=\"pt-BR\">comunicado<\/span><span lang=\"pt-BR\">\u00a0protocolizado sob n\u00ba\u00a0<\/span><span lang=\"pt-BR\">201<\/span><span lang=\"pt-BR\">8<\/span><span lang=\"pt-BR\">.0<\/span><span lang=\"pt-BR\">1<\/span><span lang=\"pt-BR\">.<\/span><span lang=\"pt-BR\">820<\/span><span lang=\"pt-BR\">.<\/span><span lang=\"pt-BR\">259<\/span><span lang=\"pt-BR\">d<\/span><span lang=\"pt-BR\">a\u00a0<\/span><span lang=\"pt-BR\">Corregedor<\/span><span lang=\"pt-BR\">ia\u00a0<\/span><span lang=\"pt-BR\">Geral da Justi\u00e7a do Estado de Santa<\/span><span lang=\"pt-BR\">\u00a0Catarina<\/span><span lang=\"pt-BR\">\/<\/span><span lang=\"pt-BR\">SC<\/span><span lang=\"pt-BR\">;<\/span><\/p>\n<p align=\"justify\"><span lang=\"pt-BR\"><strong>CONSIDERANDO<\/strong><\/span><span lang=\"pt-BR\">\u00a0que\u00a0<\/span><span lang=\"pt-BR\">o\u00a0<\/span><span lang=\"pt-BR\">referido\u00a0<\/span><span lang=\"pt-BR\">com<\/span><span lang=\"pt-BR\">u<\/span><span lang=\"pt-BR\">nicado<\/span><span lang=\"pt-BR\">informa sobre a inutiliza\u00e7\u00e3o do<\/span><span lang=\"pt-BR\">s<\/span><span lang=\"pt-BR\">pap<\/span><span lang=\"pt-BR\">\u00e9is\u00a0<\/span><span lang=\"pt-BR\">de seguran\u00e7a\u00a0<\/span><span lang=\"pt-BR\">para aposi\u00e7\u00e3o de Apostila de Haia<\/span><span lang=\"pt-BR\">n<\/span><span lang=\"pt-BR\">\u00ba<\/span><span lang=\"pt-BR\">s<\/span><span lang=\"pt-BR\">A<\/span><span lang=\"pt-BR\">11939<\/span><span lang=\"pt-BR\">66<\/span><span lang=\"pt-BR\">,\u00a0<\/span><span lang=\"pt-BR\">A1193963<\/span><span lang=\"pt-BR\">e<\/span><span lang=\"pt-BR\">A<\/span><span lang=\"pt-BR\">11939<\/span><span lang=\"pt-BR\">52<\/span><span lang=\"pt-BR\">,\u00a0<\/span><span lang=\"pt-BR\">oriundo<\/span><span lang=\"pt-BR\">s<\/span><span lang=\"pt-BR\">\u00a0d<\/span><span lang=\"pt-BR\">o<\/span><span lang=\"pt-BR\">Cart\u00f3rio\u00a0<\/span><span lang=\"pt-BR\">d<\/span><span lang=\"pt-BR\">o<\/span><span lang=\"pt-BR\">Registro<\/span><span lang=\"pt-BR\">\u00a0Civil,\u00a0<\/span><span lang=\"pt-BR\">T\u00edtulos e Documentos e Pessoas Jur\u00eddicas da Comarca de Videira<\/span><span lang=\"pt-BR\">\/<\/span><span lang=\"pt-BR\">SC<\/span><span lang=\"pt-BR\">.<\/span><\/p>\n<p align=\"justify\"><span lang=\"pt-BR\"><strong>RECOMENDO<\/strong><\/span><span lang=\"pt-BR\">\u00a0aos Ju\u00edzes de Direito Diretores dos F\u00f3runs, Membros do Minist\u00e9rio P\u00fablico, Advogados, Not\u00e1rios e Registradores, Serventu\u00e1rios e a quem mais possa interessar, que observem o\u00a0<\/span><span lang=\"pt-BR\">expediente<\/span><span lang=\"pt-BR\">supracitado<\/span><span lang=\"pt-BR\">\u00a0e adotem as provid\u00eancias que entenderem pertinentes.<\/span><\/p>\n<p align=\"justify\"><strong>Publique-se. Cumpra-se.<\/strong><\/p>\n<p align=\"justify\"><span lang=\"pt-BR\">Vit\u00f3ria\/ES,<\/span><span lang=\"pt-BR\">06<\/span><span lang=\"pt-BR\">\u00a0de\u00a0<\/span><span lang=\"pt-BR\">dezembro<\/span><span lang=\"pt-BR\">de 201<\/span><span lang=\"pt-BR\">8<\/span><span lang=\"pt-BR\">.<\/span><\/p>\n<p align=\"center\"><strong>Desembargador SAMUEL MEIRA BRASIL JR<\/strong><\/p>\n<p align=\"center\"><strong>Corregedor-Geral da Justi\u00e7a<\/strong><\/p>\n","protected":false},"excerpt":{"rendered":"<p>ESTADO DO ESP\u00cdRITO SANTO PODER JUDICI\u00c1RIO CORREGEDORIA GERAL DA JUSTI\u00c7A OF\u00cdCIO-CIRCULAR N\u00ba\u00a0204\/2018. Protocolo 201801820259 O Desembargador\u00a0SAMUEL MEIRA BRASIL JUNIOR,\u00a0Corregedor-Geral da Justi\u00e7a do Estado do Esp\u00edrito Santo, no uso de suas atribui\u00e7\u00f5es legais: CONSIDERANDO\u00a0que a Corregedoria Geral da Justi\u00e7a \u00e9 \u00f3rg\u00e3o de fiscaliza\u00e7\u00e3o, disciplina e orienta\u00e7\u00e3o administrativa, com circunscri\u00e7\u00e3o em todo o Estado, conforme art. 35 [&hellip;]<\/p>\n","protected":false},"author":9,"featured_media":0,"comment_status":"closed","ping_status":"closed","sticky":false,"template":"","format":"standard","meta":{"footnotes":""},"categories":[5],"tags":[],"_links":{"self":[{"href":"https:\/\/www.tjes.jus.br\/corregedoria\/wp-json\/wp\/v2\/posts\/25649"}],"collection":[{"href":"https:\/\/www.tjes.jus.br\/corregedoria\/wp-json\/wp\/v2\/posts"}],"about":[{"href":"https:\/\/www.tjes.jus.br\/corregedoria\/wp-json\/wp\/v2\/types\/post"}],"author":[{"embeddable":true,"href":"https:\/\/www.tjes.jus.br\/corregedoria\/wp-json\/wp\/v2\/users\/9"}],"replies":[{"embeddable":true,"href":"https:\/\/www.tjes.jus.br\/corregedoria\/wp-json\/wp\/v2\/comments?post=25649"}],"version-history":[{"count":1,"href":"https:\/\/www.tjes.jus.br\/corregedoria\/wp-json\/wp\/v2\/posts\/25649\/revisions"}],"predecessor-version":[{"id":25657,"href":"https:\/\/www.tjes.jus.br\/corregedoria\/wp-json\/wp\/v2\/posts\/25649\/revisions\/25657"}],"wp:attachment":[{"href":"https:\/\/www.tjes.jus.br\/corregedoria\/wp-json\/wp\/v2\/media?parent=25649"}],"wp:term":[{"taxonomy":"category","embeddable":true,"href":"https:\/\/www.tjes.jus.br\/corregedoria\/wp-json\/wp\/v2\/categories?post=25649"},{"taxonomy":"post_tag","embeddable":true,"href":"https:\/\/www.tjes.jus.br\/corregedoria\/wp-json\/wp\/v2\/tags?post=25649"}],"curies":[{"name":"wp","href":"https:\/\/api.w.org\/{rel}","templated":true}]}}