{"id":25651,"date":"2018-12-10T13:21:47","date_gmt":"2018-12-10T15:21:47","guid":{"rendered":"https:\/\/www.tjes.jus.br\/corregedoria\/?p=25651"},"modified":"2018-12-10T13:21:47","modified_gmt":"2018-12-10T15:21:47","slug":"oficio-circular-no-0205-2018-disp-10-12-2018","status":"publish","type":"post","link":"https:\/\/www.tjes.jus.br\/corregedoria\/2018\/12\/10\/oficio-circular-no-0205-2018-disp-10-12-2018\/","title":{"rendered":"OF\u00cdCIO-CIRCULAR N\u00ba 0205\/2018.- DISP. 10\/12\/2018"},"content":{"rendered":"<p align=\"center\"><strong>ESTADO DO ESP\u00cdRITO SANTO<\/strong><\/p>\n<p style=\"text-align: center;\" align=\"center\"><strong>PODER JUDICI\u00c1RIO<\/strong><\/p>\n<p style=\"text-align: center;\" align=\"center\"><strong>CORREGEDORIA GERAL DA JUSTI\u00c7A<\/strong><\/p>\n<p style=\"text-align: center;\" align=\"left\"><strong>OF\u00cdCIO-CIRCULAR N\u00ba 0205\/2018.<\/strong><\/p>\n<p style=\"text-align: center;\" align=\"justify\"><strong>Processo: 2017.01.803.510<\/strong><\/p>\n<p align=\"justify\">O Desembargador\u00a0<strong>SAMUEL MEIRA BARSIL JUNIOR<\/strong>, Corregedor-Geral da Justi\u00e7a do Estado do Esp\u00edrito Santo, no uso de suas atribui\u00e7\u00f5es legais:<\/p>\n<p align=\"justify\"><strong>CONSIDERANDO<\/strong>\u00a0que a Corregedoria Geral da Justi\u00e7a \u00e9 \u00f3rg\u00e3o de fiscaliza\u00e7\u00e3o, disciplina e orienta\u00e7\u00e3o administrativa, com circunscri\u00e7\u00e3o em todo o Estado, conforme art. 35 da Lei Complementar Estadual n.\u00ba 234\/2002 (COJES);<\/p>\n<p align=\"justify\"><strong>CONSIDERANDO<\/strong>\u00a0o recebimento do comunicado enviado para esta Corregedoria pelo Processo Administrativo n.\u00ba\u00a0<strong>2017.01.803.510<\/strong>, do Cart\u00f3rio de Registro Civil e Tabelionato de Barra do Jucu \u2013 Comarca de Vila Velha\/ES;<\/p>\n<p align=\"justify\"><strong>CONSIDERANDO<\/strong>\u00a0que o referido comunicado informa sobre a inutiliza\u00e7\u00e3o de pap\u00e9is de seguran\u00e7a n\u00ba A2301751 para o ato de aposi\u00e7\u00e3o de apostila, conforme consta em anexo.<\/p>\n<p align=\"justify\"><strong>RECOMENDA<\/strong>\u00a0aos Ju\u00edzes de Direito Diretores dos Foros, Membros do Minist\u00e9rio P\u00fablico, Advogados, Not\u00e1rios e Registradores, Serventu\u00e1rios e a quem mais possa interessar, que observem os comunicados em anexo, e adotem as provid\u00eancias que entenderem pertinentes.<\/p>\n<p align=\"justify\"><strong>Publique-se. Cumpra-se.<\/strong><\/p>\n<p align=\"justify\">Vit\u00f3ria\/ES, 06 de dezembro de 2018.<\/p>\n<p align=\"center\"><strong>Desembargador SAMUEL MEIRA BRASIL JR.<\/strong><\/p>\n<p align=\"center\"><strong>Corregedor Geral da Justi\u00e7a<\/strong><\/p>\n","protected":false},"excerpt":{"rendered":"<p>ESTADO DO ESP\u00cdRITO SANTO PODER JUDICI\u00c1RIO CORREGEDORIA GERAL DA JUSTI\u00c7A OF\u00cdCIO-CIRCULAR N\u00ba 0205\/2018. Processo: 2017.01.803.510 O Desembargador\u00a0SAMUEL MEIRA BARSIL JUNIOR, Corregedor-Geral da Justi\u00e7a do Estado do Esp\u00edrito Santo, no uso de suas atribui\u00e7\u00f5es legais: CONSIDERANDO\u00a0que a Corregedoria Geral da Justi\u00e7a \u00e9 \u00f3rg\u00e3o de fiscaliza\u00e7\u00e3o, disciplina e orienta\u00e7\u00e3o administrativa, com circunscri\u00e7\u00e3o em todo o Estado, conforme [&hellip;]<\/p>\n","protected":false},"author":9,"featured_media":0,"comment_status":"closed","ping_status":"closed","sticky":false,"template":"","format":"standard","meta":{"footnotes":""},"categories":[5],"tags":[],"_links":{"self":[{"href":"https:\/\/www.tjes.jus.br\/corregedoria\/wp-json\/wp\/v2\/posts\/25651"}],"collection":[{"href":"https:\/\/www.tjes.jus.br\/corregedoria\/wp-json\/wp\/v2\/posts"}],"about":[{"href":"https:\/\/www.tjes.jus.br\/corregedoria\/wp-json\/wp\/v2\/types\/post"}],"author":[{"embeddable":true,"href":"https:\/\/www.tjes.jus.br\/corregedoria\/wp-json\/wp\/v2\/users\/9"}],"replies":[{"embeddable":true,"href":"https:\/\/www.tjes.jus.br\/corregedoria\/wp-json\/wp\/v2\/comments?post=25651"}],"version-history":[{"count":1,"href":"https:\/\/www.tjes.jus.br\/corregedoria\/wp-json\/wp\/v2\/posts\/25651\/revisions"}],"predecessor-version":[{"id":25658,"href":"https:\/\/www.tjes.jus.br\/corregedoria\/wp-json\/wp\/v2\/posts\/25651\/revisions\/25658"}],"wp:attachment":[{"href":"https:\/\/www.tjes.jus.br\/corregedoria\/wp-json\/wp\/v2\/media?parent=25651"}],"wp:term":[{"taxonomy":"category","embeddable":true,"href":"https:\/\/www.tjes.jus.br\/corregedoria\/wp-json\/wp\/v2\/categories?post=25651"},{"taxonomy":"post_tag","embeddable":true,"href":"https:\/\/www.tjes.jus.br\/corregedoria\/wp-json\/wp\/v2\/tags?post=25651"}],"curies":[{"name":"wp","href":"https:\/\/api.w.org\/{rel}","templated":true}]}}