{"id":25652,"date":"2018-12-10T13:24:18","date_gmt":"2018-12-10T15:24:18","guid":{"rendered":"https:\/\/www.tjes.jus.br\/corregedoria\/?p=25652"},"modified":"2018-12-10T13:24:18","modified_gmt":"2018-12-10T15:24:18","slug":"oficio-circular-cgjes-no-214-2018-disp-10-12-2018","status":"publish","type":"post","link":"https:\/\/www.tjes.jus.br\/corregedoria\/2018\/12\/10\/oficio-circular-cgjes-no-214-2018-disp-10-12-2018\/","title":{"rendered":"OF\u00cdCIO CIRCULAR CGJES N\u00ba\u00a0214\/2018 &#8211; DISP. 10\/12\/2018"},"content":{"rendered":"<p style=\"text-align: center;\" align=\"left\"><strong>OF\u00cdCIO CIRCULAR CGJES N\u00ba\u00a0<\/strong><strong>214<\/strong><strong>\/2018<\/strong><\/p>\n<p align=\"left\">O Exmo. Sr. Desembargador Corregedor-Geral da Justi\u00e7a do Estado do Esp\u00edrito Santo, Desembargador SAMUEL MEIRA BRASIL JR.\u00a0 no uso de suas atribui\u00e7\u00f5es legais e:<\/p>\n<p align=\"justify\"><span lang=\"pt-BR\"><strong>CONSIDERANDO<\/strong><\/span><span lang=\"pt-BR\">\u00a0que a Corregedoria Geral da Justi\u00e7a \u00e9 \u00f3rg\u00e3o de fiscaliza\u00e7\u00e3o, disciplina e orienta\u00e7\u00e3o administrativa do foro judicial e extrajudicial, com jurisdi\u00e7\u00e3o em todo o Estado, conforme C\u00f3digo de Normas CGJES;<\/span><\/p>\n<p align=\"justify\"><strong>CONSIDERANDO<\/strong>\u00a0que a Defensoria P\u00fablica \u00e9\u00a0institui\u00e7\u00e3o necess\u00e1ria \u00e0 fun\u00e7\u00e3o jurisdicional e, em s\u00edntese, atua de forma a promover a assist\u00eancia jur\u00eddica gratuita aos necessitados, conforme disp\u00f5e o art. 134 da Constitui\u00e7\u00e3o Federal;<\/p>\n<p align=\"justify\"><strong>RESOLVE:<\/strong><\/p>\n<p align=\"justify\"><span lang=\"pt-BR\"><strong>ORIENTAR<\/strong><\/span><span lang=\"pt-BR\">\u00a0os Magistrados do Estado do Esp\u00edrito Santo a buscarem a concentra\u00e7\u00e3o de audi\u00eancias das quais participe a Defensoria P\u00fablica Estadual em determinados dias da semana preestabelecidos, a fim de otimizar a atua\u00e7\u00e3o e a organiza\u00e7\u00e3o da institui\u00e7\u00e3o, resguardada a possibilidade de designa\u00e7\u00e3o de audi\u00eancia que demande a presen\u00e7a de defensor p\u00fablico em outras datas.<br \/>\n<\/span><\/p>\n<p align=\"justify\"><strong>Publique-se.<\/strong><\/p>\n<p align=\"justify\">Vit\u00f3ria-ES, 19 de outubro de 2018.<\/p>\n<p align=\"center\"><strong>Desembargador SAMUEL MEIRA BRASIL JR.<br \/>\nCorregedor Geral da Justi\u00e7a<\/strong><\/p>\n","protected":false},"excerpt":{"rendered":"<p>OF\u00cdCIO CIRCULAR CGJES N\u00ba\u00a0214\/2018 O Exmo. Sr. Desembargador Corregedor-Geral da Justi\u00e7a do Estado do Esp\u00edrito Santo, Desembargador SAMUEL MEIRA BRASIL JR.\u00a0 no uso de suas atribui\u00e7\u00f5es legais e: CONSIDERANDO\u00a0que a Corregedoria Geral da Justi\u00e7a \u00e9 \u00f3rg\u00e3o de fiscaliza\u00e7\u00e3o, disciplina e orienta\u00e7\u00e3o administrativa do foro judicial e extrajudicial, com jurisdi\u00e7\u00e3o em todo o Estado, conforme C\u00f3digo [&hellip;]<\/p>\n","protected":false},"author":9,"featured_media":0,"comment_status":"closed","ping_status":"closed","sticky":false,"template":"","format":"standard","meta":{"footnotes":""},"categories":[5],"tags":[],"_links":{"self":[{"href":"https:\/\/www.tjes.jus.br\/corregedoria\/wp-json\/wp\/v2\/posts\/25652"}],"collection":[{"href":"https:\/\/www.tjes.jus.br\/corregedoria\/wp-json\/wp\/v2\/posts"}],"about":[{"href":"https:\/\/www.tjes.jus.br\/corregedoria\/wp-json\/wp\/v2\/types\/post"}],"author":[{"embeddable":true,"href":"https:\/\/www.tjes.jus.br\/corregedoria\/wp-json\/wp\/v2\/users\/9"}],"replies":[{"embeddable":true,"href":"https:\/\/www.tjes.jus.br\/corregedoria\/wp-json\/wp\/v2\/comments?post=25652"}],"version-history":[{"count":1,"href":"https:\/\/www.tjes.jus.br\/corregedoria\/wp-json\/wp\/v2\/posts\/25652\/revisions"}],"predecessor-version":[{"id":25659,"href":"https:\/\/www.tjes.jus.br\/corregedoria\/wp-json\/wp\/v2\/posts\/25652\/revisions\/25659"}],"wp:attachment":[{"href":"https:\/\/www.tjes.jus.br\/corregedoria\/wp-json\/wp\/v2\/media?parent=25652"}],"wp:term":[{"taxonomy":"category","embeddable":true,"href":"https:\/\/www.tjes.jus.br\/corregedoria\/wp-json\/wp\/v2\/categories?post=25652"},{"taxonomy":"post_tag","embeddable":true,"href":"https:\/\/www.tjes.jus.br\/corregedoria\/wp-json\/wp\/v2\/tags?post=25652"}],"curies":[{"name":"wp","href":"https:\/\/api.w.org\/{rel}","templated":true}]}}