{"id":25672,"date":"2018-12-12T12:42:36","date_gmt":"2018-12-12T14:42:36","guid":{"rendered":"https:\/\/www.tjes.jus.br\/corregedoria\/?p=25672"},"modified":"2018-12-12T12:44:52","modified_gmt":"2018-12-12T14:44:52","slug":"ato-normativo-no-240-2018-disp-12-12-2018","status":"publish","type":"post","link":"https:\/\/www.tjes.jus.br\/corregedoria\/2018\/12\/12\/ato-normativo-no-240-2018-disp-12-12-2018\/","title":{"rendered":"ATO NORMATIVO N\u00ba 240\/2018 &#8211; DISP. 12\/12\/2018"},"content":{"rendered":"<p align=\"center\">ESTADO DO ESP\u00cdRITO SANTO<\/p>\n<p align=\"center\">PODER JUDICI\u00c1RIO<\/p>\n<p align=\"center\">TRIBUNAL DE JUSTI\u00c7A<\/p>\n<p align=\"center\">GABINETE DA PRESID\u00caNCIA<\/p>\n<p align=\"center\">ATO NORMATIVO n\u00ba 240\/2018<\/p>\n<p align=\"justify\"><span lang=\"pt-BR\">O Excelent\u00edssimo Senhor Desembargador S\u00c9RGIO LUIZ TEIXEIRA GAMA, Presidente do Egr\u00e9gio Tribunal de Justi\u00e7a do Estado do Esp\u00edrito Santo, no uso de suas atribui\u00e7\u00f5es legais e,<\/span><\/p>\n<p align=\"justify\"><span lang=\"pt-BR\">CONSIDERANDO o teor do\u00a0<\/span><span lang=\"pt-BR\">Ato Normativo n\u00b0 014\/2018, publicado<\/span><span lang=\"pt-BR\">\u00a0no Di\u00e1rio da Justi\u00e7a Eletr\u00f4nico de<\/span><span lang=\"pt-BR\">\u00a019 de janeiro 2018, que\u00a0<\/span><span lang=\"pt-BR\">atualizou a composi\u00e7\u00e3o do Comit\u00ea Executivo\u00a0<\/span><span lang=\"pt-BR\">Estadual\u00a0<\/span><span lang=\"pt-BR\">do F\u00f3rum Nacional da Sa\u00fade no Estado do Esp\u00edrito Santo;<\/span><\/p>\n<p align=\"justify\"><span lang=\"pt-BR\">CONSIDERANDO o teor do expediente protocolado neste Egr\u00e9gio Tribunal de Justi\u00e7a sob o n\u00b0 2018.01.593.014;<\/span><\/p>\n<p align=\"justify\"><span lang=\"pt-BR\">RESOLVE:<\/span><\/p>\n<p align=\"justify\"><span lang=\"pt-BR\">Art. 1\u00ba \u2013 Fica alterada a composi\u00e7\u00e3o do artigo 1\u00ba, do <a href=\"https:\/\/www.tjes.jus.br\/corregedoria\/2018\/01\/19\/ato-normativo-no-0142018-disp-19012018\/\" target=\"_blank\" rel=\"noopener\">Ato Normativo n\u00b0 014\/2018<\/a>, publicado no Di\u00e1rio da Justi\u00e7a de 19 de janeiro 2018, que designou os membros do Comit\u00ea Executivo Estadual do F\u00f3rum Nacional da Sa\u00fade no Estado do Esp\u00edrito Santo, para:<\/span><\/p>\n<p align=\"justify\"><span lang=\"pt-BR\">I \u2013 excluir, a pedido, o Exm\u00ba. Sr. Juiz Federal Roberto Gil Leal Faria;<\/span><\/p>\n<p align=\"justify\"><span lang=\"pt-BR\">II \u2013 incluir, em substitui\u00e7\u00e3o, a Exm\u00aa. Sr\u00aa. Ju\u00edza Federal Maria Claudia de Garcia Paula Allemand.<\/span><\/p>\n<p align=\"justify\"><span lang=\"pt-BR\">Art. 2\u00ba \u2013 Este Ato Normativo entra em vigor na data de sua publica\u00e7\u00e3o.<\/span><\/p>\n<p align=\"justify\"><span lang=\"pt-BR\">Publique-se.<\/span><\/p>\n<p align=\"justify\"><span lang=\"pt-BR\">Vit\u00f3ria\/ES, 11 de dezembro de 2018.<\/span><\/p>\n<p align=\"center\"><span lang=\"pt-BR\">Des. S\u00c9RGIO LUIZ TEIXEIRA GAMA<\/span><\/p>\n<p align=\"center\"><span lang=\"zxx\">Presidente<\/span><\/p>\n","protected":false},"excerpt":{"rendered":"<p>ESTADO DO ESP\u00cdRITO SANTO PODER JUDICI\u00c1RIO TRIBUNAL DE JUSTI\u00c7A GABINETE DA PRESID\u00caNCIA ATO NORMATIVO n\u00ba 240\/2018 O Excelent\u00edssimo Senhor Desembargador S\u00c9RGIO LUIZ TEIXEIRA GAMA, Presidente do Egr\u00e9gio Tribunal de Justi\u00e7a do Estado do Esp\u00edrito Santo, no uso de suas atribui\u00e7\u00f5es legais e, CONSIDERANDO o teor do\u00a0Ato Normativo n\u00b0 014\/2018, publicado\u00a0no Di\u00e1rio da Justi\u00e7a Eletr\u00f4nico de\u00a019 [&hellip;]<\/p>\n","protected":false},"author":9,"featured_media":0,"comment_status":"closed","ping_status":"closed","sticky":false,"template":"","format":"standard","meta":{"footnotes":""},"categories":[4],"tags":[],"_links":{"self":[{"href":"https:\/\/www.tjes.jus.br\/corregedoria\/wp-json\/wp\/v2\/posts\/25672"}],"collection":[{"href":"https:\/\/www.tjes.jus.br\/corregedoria\/wp-json\/wp\/v2\/posts"}],"about":[{"href":"https:\/\/www.tjes.jus.br\/corregedoria\/wp-json\/wp\/v2\/types\/post"}],"author":[{"embeddable":true,"href":"https:\/\/www.tjes.jus.br\/corregedoria\/wp-json\/wp\/v2\/users\/9"}],"replies":[{"embeddable":true,"href":"https:\/\/www.tjes.jus.br\/corregedoria\/wp-json\/wp\/v2\/comments?post=25672"}],"version-history":[{"count":1,"href":"https:\/\/www.tjes.jus.br\/corregedoria\/wp-json\/wp\/v2\/posts\/25672\/revisions"}],"predecessor-version":[{"id":25675,"href":"https:\/\/www.tjes.jus.br\/corregedoria\/wp-json\/wp\/v2\/posts\/25672\/revisions\/25675"}],"wp:attachment":[{"href":"https:\/\/www.tjes.jus.br\/corregedoria\/wp-json\/wp\/v2\/media?parent=25672"}],"wp:term":[{"taxonomy":"category","embeddable":true,"href":"https:\/\/www.tjes.jus.br\/corregedoria\/wp-json\/wp\/v2\/categories?post=25672"},{"taxonomy":"post_tag","embeddable":true,"href":"https:\/\/www.tjes.jus.br\/corregedoria\/wp-json\/wp\/v2\/tags?post=25672"}],"curies":[{"name":"wp","href":"https:\/\/api.w.org\/{rel}","templated":true}]}}