{"id":25681,"date":"2018-12-13T13:14:47","date_gmt":"2018-12-13T15:14:47","guid":{"rendered":"https:\/\/www.tjes.jus.br\/corregedoria\/?p=25681"},"modified":"2019-11-07T16:24:14","modified_gmt":"2019-11-07T18:24:14","slug":"ato-normativo-no-241-2018-disp-13-12-2018","status":"publish","type":"post","link":"https:\/\/www.tjes.jus.br\/corregedoria\/2018\/12\/13\/ato-normativo-no-241-2018-disp-13-12-2018\/","title":{"rendered":"ATO NORMATIVO N\u00ba 241\/ 2018 &#8211; DISP. 13\/12\/2018 &#8211; REVOGADO"},"content":{"rendered":"<div style=\"text-align: center;\" align=\"center\"><span style=\"color: #ff0000;\"><strong>REVOGADO PELO <a href=\"https:\/\/www.tjes.jus.br\/corregedoria\/2019\/11\/07\/ato-normativo-conjunto-no-024-2019-disp-07-11-2019\/\">ATO NORMATIVO CONJUNTO N\u00ba 024\/2019<\/a> DISPONIBILIZADO EM 07\/11\/2019<\/strong><\/span><\/div>\n<div align=\"center\"><\/div>\n<div class=\"override-text\" align=\"center\"><del>ESTADO DO ESP\u00cdRITO SANTO<\/del><\/div>\n<div class=\"override-text\" align=\"center\"><del>PODER JUDICI\u00c1RIO<\/del><\/div>\n<div class=\"override-text\" align=\"center\"><del>TRIBUNAL DE JUSTI\u00c7A<\/del><\/div>\n<div class=\"override-text\" align=\"center\"><del>GABINETE DA PRESID\u00caNCIA<\/del><\/div>\n<div class=\"override-text\" align=\"center\">\n<p align=\"center\"><del>ATO NORMATIVO N\u00ba 241\/ 2018<\/del><\/p>\n<p align=\"justify\"><del>Altera parcialmente o <a href=\"https:\/\/www.tjes.jus.br\/corregedoria\/2018\/10\/09\/ato-normativo-conjunto-n-40-2018-disp-09-10-2018\/\" target=\"_blank\" rel=\"noopener\">Ato Normativo Conjunto n\u00b0 40\/2018<\/a>, no que tange \u00e0 compet\u00eancia para an\u00e1lise das pris\u00f5es em Flagrante das Comarcas de Nova Ven\u00e9cia, Boa Esperan\u00e7a, Pinheiros, Montanha e Mucurici.<\/del><\/p>\n<p align=\"justify\"><del>O Excelent\u00edssimo Senhor Desembargador NEY BATISTA COUTINHO, Presidente em exerc\u00edcio do Egr\u00e9gio Tribunal de Justi\u00e7a do Estado do Esp\u00edrito Santo, no uso de suas atribui\u00e7\u00f5es legais e,<\/del><\/p>\n<p align=\"justify\"><del>CONSIDERANDOa implanta\u00e7\u00e3o das Audi\u00eancias de Cust\u00f3dia nas Comarcas de Colatina e S\u00e3o Mateus, atrav\u00e9s dos Atos Normativos Conjuntos n\u00bas. 39\/2018 e 40\/2018, publicados no Di\u00e1rio da Justi\u00e7a em 09 de outubro do corrente ano, em cumprimento \u00e0 Resolu\u00e7\u00e3o n\u00ba 213, do Colendo Conselho Nacional de Justi\u00e7a, e \u00e0 decis\u00e3o proferida pelo Supremo Tribunal Federal no bojo da ADPF 347;<\/del><\/p>\n<p align=\"justify\"><del>CONSIDERANDOque os autuados presos em flagrante delito nas comarcas de Nova Ven\u00e9cia, Boa Esperan\u00e7a, Pinheiros, Montanha e Mucurici e que integram a 7\u00aa Regi\u00e3o do Plant\u00e3o do Poder Judici\u00e1rio ingressam no sistema prisional atrav\u00e9s do Centro de Deten\u00e7\u00e3o Provis\u00f3ria de S\u00e3o Mateus;<\/del><\/p>\n<p align=\"justify\"><del>CONSIDERANDO que a log\u00edstica de apresenta\u00e7\u00e3o de tais autuados no Plant\u00e3o de Flagrantes de Colatina tem se revelado bastante custosa, considerando a necessidade de serem transportados apenas para a realiza\u00e7\u00e3o da audi\u00eancia de cust\u00f3dia;<\/del><\/p>\n<p align=\"justify\"><del>CONSIDERANDO que o Servi\u00e7o de Plant\u00e3o de Flagrantes de S\u00e3o Mateus est\u00e1 organizado e tem condi\u00e7\u00f5es de absorver as audi\u00eancias de cust\u00f3dia envolvendo os autuados presos nas Comarcas de\u00a0<strong>Nova Ven\u00e9cia, Boa Esperan\u00e7a, Pinheiros, Montanha e Mucurici;<\/strong><\/del><\/p>\n<p><del>RESOLVE:<\/del><\/p>\n<p align=\"justify\"><del>Art. 1\u00ba \u2013\u00a0Fica alterada\u00a0a compet\u00eancia do servi\u00e7o de Plant\u00e3o de Flagrantes de S\u00e3o Mateus, criado atrav\u00e9s do <a href=\"https:\/\/www.tjes.jus.br\/corregedoria\/2018\/10\/09\/ato-normativo-conjunto-n-40-2018-disp-09-10-2018\/\" target=\"_blank\" rel=\"noopener\">Ato Normativo Conjunto n\u00ba 40\/2018<\/a>, publicado no Di\u00e1rio da Justi\u00e7a em 09 de outubro do corrente, para incluir, tamb\u00e9m, os autuados presos em flagrante delito nas Comarcas de\u00a0<strong>Nova Ven\u00e9cia, Boa Esperan\u00e7a, Pinheiros, Montanha e Mucurici<\/strong>\u00a0(incluindo Ponto Belo<strong>), a partir do dia 17 de dezembro do corrente ano.<\/strong><\/del><\/p>\n<p align=\"justify\"><del>Par\u00e1grafo \u00fanico \u2013\u00a0A 7\u00aa Regi\u00e3o do Plant\u00e3o Judici\u00e1rio, cuja sede \u00e9 a Comarca de Barra de S\u00e3o Francisco, permanecer\u00e1 com compet\u00eancia para apreciar as demais mat\u00e9rias do plant\u00e3o,\u00a0<strong>excetuando-se apenas a an\u00e1lise dos autos de pris\u00e3o em flagrante delito.<\/strong><\/del><\/p>\n<p align=\"justify\"><del>Art. 2\u00ba \u2013 Aplicam-se, no que couber, as diretrizes da Resolu\u00e7\u00e3o n\u00ba 013\/2015, deste Egr\u00e9gio Tribunal de Justi\u00e7a, publicada no Di\u00e1rio da Justi\u00e7a em 10 de abril de 2015, as regras do Plant\u00e3o Judici\u00e1rio, bem como o disposto no <a href=\"https:\/\/www.tjes.jus.br\/corregedoria\/2018\/10\/09\/ato-normativo-conjunto-n-40-2018-disp-09-10-2018\/\" target=\"_blank\" rel=\"noopener\">Ato Normativo Conjunto n\u00ba 40\/2018.<\/a><\/del><\/p>\n<p align=\"justify\"><del>Art. 3\u00ba \u2013 Os casos omissos ser\u00e3o resolvidos pela Presid\u00eancia do Tribunal de Justi\u00e7a e pela Coordena\u00e7\u00e3o do projeto.<\/del><\/p>\n<p align=\"justify\"><del>Art. 4\u00ba \u2013 Este Ato Normativo entra em vigor na data de sua publica\u00e7\u00e3o, revogando-se as disposi\u00e7\u00f5es em contr\u00e1rio.<\/del><\/p>\n<p align=\"left\"><del>Publique-se.<\/del><\/p>\n<p align=\"center\"><del>Vit\u00f3ria\/ES, 12 de dezembro de 2018.<\/del><\/p>\n<p align=\"center\"><del>Des. NEY BATISTA COUTINHO<\/del><\/p>\n<p align=\"center\"><del>Presidenteem exerc\u00edcio<\/del><\/p>\n<\/div>\n","protected":false},"excerpt":{"rendered":"<p>REVOGADO PELO ATO NORMATIVO CONJUNTO N\u00ba 024\/2019 DISPONIBILIZADO EM 07\/11\/2019 ESTADO DO ESP\u00cdRITO SANTO PODER JUDICI\u00c1RIO TRIBUNAL DE JUSTI\u00c7A GABINETE DA PRESID\u00caNCIA ATO NORMATIVO N\u00ba 241\/ 2018 Altera parcialmente o Ato Normativo Conjunto n\u00b0 40\/2018, no que tange \u00e0 compet\u00eancia para an\u00e1lise das pris\u00f5es em Flagrante das Comarcas de Nova Ven\u00e9cia, Boa Esperan\u00e7a, Pinheiros, Montanha [&hellip;]<\/p>\n","protected":false},"author":9,"featured_media":0,"comment_status":"closed","ping_status":"closed","sticky":false,"template":"","format":"standard","meta":{"footnotes":""},"categories":[4],"tags":[],"_links":{"self":[{"href":"https:\/\/www.tjes.jus.br\/corregedoria\/wp-json\/wp\/v2\/posts\/25681"}],"collection":[{"href":"https:\/\/www.tjes.jus.br\/corregedoria\/wp-json\/wp\/v2\/posts"}],"about":[{"href":"https:\/\/www.tjes.jus.br\/corregedoria\/wp-json\/wp\/v2\/types\/post"}],"author":[{"embeddable":true,"href":"https:\/\/www.tjes.jus.br\/corregedoria\/wp-json\/wp\/v2\/users\/9"}],"replies":[{"embeddable":true,"href":"https:\/\/www.tjes.jus.br\/corregedoria\/wp-json\/wp\/v2\/comments?post=25681"}],"version-history":[{"count":3,"href":"https:\/\/www.tjes.jus.br\/corregedoria\/wp-json\/wp\/v2\/posts\/25681\/revisions"}],"predecessor-version":[{"id":28306,"href":"https:\/\/www.tjes.jus.br\/corregedoria\/wp-json\/wp\/v2\/posts\/25681\/revisions\/28306"}],"wp:attachment":[{"href":"https:\/\/www.tjes.jus.br\/corregedoria\/wp-json\/wp\/v2\/media?parent=25681"}],"wp:term":[{"taxonomy":"category","embeddable":true,"href":"https:\/\/www.tjes.jus.br\/corregedoria\/wp-json\/wp\/v2\/categories?post=25681"},{"taxonomy":"post_tag","embeddable":true,"href":"https:\/\/www.tjes.jus.br\/corregedoria\/wp-json\/wp\/v2\/tags?post=25681"}],"curies":[{"name":"wp","href":"https:\/\/api.w.org\/{rel}","templated":true}]}}