{"id":25715,"date":"2018-12-19T12:46:37","date_gmt":"2018-12-19T14:46:37","guid":{"rendered":"https:\/\/www.tjes.jus.br\/corregedoria\/?p=25715"},"modified":"2018-12-19T12:46:37","modified_gmt":"2018-12-19T14:46:37","slug":"oficio-circular-cgjes-processo-sei-no-7005094-78-2018-8-08-0000-disp-19-12-2018","status":"publish","type":"post","link":"https:\/\/www.tjes.jus.br\/corregedoria\/2018\/12\/19\/oficio-circular-cgjes-processo-sei-no-7005094-78-2018-8-08-0000-disp-19-12-2018\/","title":{"rendered":"OF\u00cdCIO CIRCULAR CGJES &#8211; PROCESSO SEI N\u00ba 7005094-78.2018.8.08.0000 &#8211; DISP. 19\/12\/2018"},"content":{"rendered":"<p align=\"center\"><strong>ESTADO DO ESP\u00cdRITO SANTO<\/strong><\/p>\n<p style=\"text-align: center;\" align=\"center\"><strong>PODER JUDICI\u00c1RIO<\/strong><\/p>\n<p style=\"text-align: center;\" align=\"center\"><strong>CORREGEDORIA GERAL DA JUSTI\u00c7A<\/strong><\/p>\n<p style=\"text-align: center;\"><strong>Processo SEI n\u00ba 7005094-78.2018.8.08.0000<\/strong><\/p>\n<p style=\"text-align: center;\" align=\"center\"><strong>OF\u00cdCIO CIRCULAR CGJES 0075772\/7005094-78.2018.8.08.0000<\/strong><\/p>\n<p>O Exmo. Sr. Desembargador Corregedor-Geral da Justi\u00e7a do Estado do Esp\u00edrito Santo, Desembargador SAMUEL MEIRA BRASIL JR. no uso de suas atribui\u00e7\u00f5es legais e:<\/p>\n<p><strong>CONSIDERANDO<\/strong>\u00a0que a Corregedoria Geral da Justi\u00e7a \u00e9 \u00f3rg\u00e3o de fiscaliza\u00e7\u00e3o, disciplina e orienta\u00e7\u00e3o administrativa do foro judicial, com jurisdi\u00e7\u00e3o em todo o Estado, conforme art. 35 da Lei Complementar Estadual n.\u00ba 234\/2002 (COJES);<\/p>\n<p><strong>CONSIDERANDO\u00a0<\/strong>o que se tem constatado acerca da ocorr\u00eancia do fen\u00f4meno da prescri\u00e7\u00e3o, como causa de extin\u00e7\u00e3o da punibilidade, em v\u00e1rias fases da persecu\u00e7\u00e3o penal, frustrando a pretens\u00e3o punitiva do Estado;<\/p>\n<p><strong>CONSIDERANDO\u00a0<\/strong>as solicita\u00e7\u00f5es formuladas pelo Exmo. Supervisor das Varas Criminais e de Execu\u00e7\u00f5es Penais, Des. Fernando Zardini Antonio, por meio do OF\u00cdCIO SUEXP n\u00ba 390\/2018;<\/p>\n<p><strong>RESOLVE:<\/strong><\/p>\n<p><strong>DAR CI\u00caNCIA<\/strong>\u00a0a todos os Magistrados com compet\u00eancia criminal do Estado do Esp\u00edrito Santo acerca dos termos do of\u00edcio SUEXP n\u00ba 390\/2018 da lavra do Exmo. Supervisor das Varas Criminais e Execu\u00e7\u00f5es Penais, Desembargador Fernando Zardini Antonio, em anexo.<\/p>\n<p><strong>Publique-se.<\/strong><\/p>\n<p>Vit\u00f3ria\/ES, 06 de dezembro de 2018.<\/p>\n<p align=\"center\"><strong>Desembargador SAMUEL MEIRA BRASIL JR.<\/strong><\/p>\n<p align=\"center\"><strong>Corregedor Geral da Justi\u00e7a<\/strong><\/p>\n<p align=\"center\"><strong><a href=\"https:\/\/sistemas.tjes.jus.br\/ediario\/images\/Anexo_1_copia_copia_copia_copia_copia_copia_copia.pdf\" target=\"_blank\" rel=\"noopener\">ANEXO &#8211; CLIQUE AQUI<\/a><\/strong><\/p>\n","protected":false},"excerpt":{"rendered":"<p>ESTADO DO ESP\u00cdRITO SANTO PODER JUDICI\u00c1RIO CORREGEDORIA GERAL DA JUSTI\u00c7A Processo SEI n\u00ba 7005094-78.2018.8.08.0000 OF\u00cdCIO CIRCULAR CGJES 0075772\/7005094-78.2018.8.08.0000 O Exmo. Sr. Desembargador Corregedor-Geral da Justi\u00e7a do Estado do Esp\u00edrito Santo, Desembargador SAMUEL MEIRA BRASIL JR. no uso de suas atribui\u00e7\u00f5es legais e: CONSIDERANDO\u00a0que a Corregedoria Geral da Justi\u00e7a \u00e9 \u00f3rg\u00e3o de fiscaliza\u00e7\u00e3o, disciplina e orienta\u00e7\u00e3o [&hellip;]<\/p>\n","protected":false},"author":9,"featured_media":0,"comment_status":"closed","ping_status":"closed","sticky":false,"template":"","format":"standard","meta":{"footnotes":""},"categories":[5],"tags":[],"_links":{"self":[{"href":"https:\/\/www.tjes.jus.br\/corregedoria\/wp-json\/wp\/v2\/posts\/25715"}],"collection":[{"href":"https:\/\/www.tjes.jus.br\/corregedoria\/wp-json\/wp\/v2\/posts"}],"about":[{"href":"https:\/\/www.tjes.jus.br\/corregedoria\/wp-json\/wp\/v2\/types\/post"}],"author":[{"embeddable":true,"href":"https:\/\/www.tjes.jus.br\/corregedoria\/wp-json\/wp\/v2\/users\/9"}],"replies":[{"embeddable":true,"href":"https:\/\/www.tjes.jus.br\/corregedoria\/wp-json\/wp\/v2\/comments?post=25715"}],"version-history":[{"count":1,"href":"https:\/\/www.tjes.jus.br\/corregedoria\/wp-json\/wp\/v2\/posts\/25715\/revisions"}],"predecessor-version":[{"id":25717,"href":"https:\/\/www.tjes.jus.br\/corregedoria\/wp-json\/wp\/v2\/posts\/25715\/revisions\/25717"}],"wp:attachment":[{"href":"https:\/\/www.tjes.jus.br\/corregedoria\/wp-json\/wp\/v2\/media?parent=25715"}],"wp:term":[{"taxonomy":"category","embeddable":true,"href":"https:\/\/www.tjes.jus.br\/corregedoria\/wp-json\/wp\/v2\/categories?post=25715"},{"taxonomy":"post_tag","embeddable":true,"href":"https:\/\/www.tjes.jus.br\/corregedoria\/wp-json\/wp\/v2\/tags?post=25715"}],"curies":[{"name":"wp","href":"https:\/\/api.w.org\/{rel}","templated":true}]}}