{"id":25777,"date":"2019-01-09T15:10:39","date_gmt":"2019-01-09T17:10:39","guid":{"rendered":"https:\/\/www.tjes.jus.br\/corregedoria\/?p=25777"},"modified":"2019-01-09T15:10:39","modified_gmt":"2019-01-09T17:10:39","slug":"ato-normativo-no-001-2019-disp-08-01-2019","status":"publish","type":"post","link":"https:\/\/www.tjes.jus.br\/corregedoria\/2019\/01\/09\/ato-normativo-no-001-2019-disp-08-01-2019\/","title":{"rendered":"ATO NORMATIVO N\u00ba 001\/2019 \u2013 DISP. 08\/01\/2019"},"content":{"rendered":"<p align=\"center\"><strong>ESTADO DO ESP\u00cdRITO SANTO<\/strong><\/p>\n<p align=\"center\"><strong>PODER JUDICI\u00c1RIO<\/strong><\/p>\n<p align=\"center\"><strong>TRIBUNAL DE JUSTI\u00c7A<\/strong><\/p>\n<p align=\"center\"><strong>GABINETE DA PRESID\u00caNCIA<\/strong><\/p>\n<p align=\"center\">\n<p align=\"center\"><strong>ATO NORMATIVO N\u00ba 001 \/ 2019<\/strong><\/p>\n<p>&nbsp;<\/p>\n<p align=\"justify\">Prorroga a suspens\u00e3o do atendimento ao p\u00fablico, das audi\u00eancias, dos prazos processuais e dos demais atos em unidades judici\u00e1rias com compet\u00eancia em mat\u00e9ria de Execu\u00e7\u00e3o Penal, visando a continuidade da digitaliza\u00e7\u00e3o, do cadastramento e da implanta\u00e7\u00e3o das Guias de Execu\u00e7\u00e3o Penal no SEEU.<\/p>\n<p align=\"justify\">\n<p align=\"justify\">O Excelent\u00edssimo Senhor Desembargador SERGIO LUIZ TEIXEIRA GAMA, Presidente do Egr\u00e9gio Tribunal de Justi\u00e7a do Estado do Esp\u00edrito Santo, no uso de suas atribui\u00e7\u00f5es legais e,<\/p>\n<p align=\"justify\">\n<p align=\"justify\">CONSIDERANDO o teor do <a href=\"https:\/\/www.tjes.jus.br\/corregedoria\/2018\/11\/23\/ato-normativo-no-216-2018-disp-23-11-2018\/\" target=\"_blank\" rel=\"noopener\">Ato Normativo n\u00ba 216\/2018<\/a>, que instituiu a \u201cFor\u00e7a Tarefa\u201d para o cadastramento das Guias de Execu\u00e7\u00e3o Penal do Estado do Esp\u00edrito Santo no SEEU, ensejando a suspens\u00e3o do atendimento ao p\u00fablico, das audi\u00eancias e dos prazos processuais em unidades judici\u00e1rias com compet\u00eancia em mat\u00e9ria de Execu\u00e7\u00e3o Penal, visando o alcance de tal objetivo;<\/p>\n<p align=\"justify\">\n<p align=\"justify\">CONSIDERANDO a necessidade de adapta\u00e7\u00e3o do cronograma de atividades em virtude do avan\u00e7o dos trabalhos desenvolvidos pela \u201cFor\u00e7a Tarefa\u201d at\u00e9 a presente data;<\/p>\n<p>&nbsp;<\/p>\n<p>RESOLVE:<\/p>\n<p>&nbsp;<\/p>\n<p align=\"justify\">Art. 1\u00ba. Fica prorrogada a suspens\u00e3o do atendimento ao p\u00fablico, das audi\u00eancias, dos prazos processuais e dos demais atos nas unidades judici\u00e1rias abaixo relacionadas, no per\u00edodo de 07 a 11\/01\/2019, com o objetivo de viabilizar a continuidade da digitaliza\u00e7\u00e3o, do cadastramento e da implanta\u00e7\u00e3o das Guias de Execu\u00e7\u00e3o Penal no SEEU, ressalvando-se, contudo, a aprecia\u00e7\u00e3o das medidas urgentes:<\/p>\n<p align=\"justify\">\n<p align=\"justify\">&#8211; 7\u00aa Vara Criminal de Vit\u00f3ria (VEPEMA);<\/p>\n<p align=\"justify\">&#8211; 9\u00aa Vara Criminal de Vit\u00f3ria<\/p>\n<p align=\"justify\">&#8211; Vara de Execu\u00e7\u00f5es Penais de Vila Velha;<\/p>\n<p align=\"justify\">&#8211; 8\u00aa Vara Criminal de Vila Velha;<\/p>\n<p align=\"justify\">&#8211; 2\u00aa Vara Criminal de Viana;<\/p>\n<p align=\"justify\">&#8211; 2\u00aa Vara Criminal de Colatina;<\/p>\n<p align=\"justify\">&#8211; 2\u00aa Vara Criminal de Linhares;<\/p>\n<p align=\"justify\">&#8211; 2\u00aa Vara Criminal de S\u00e3o Mateus;<\/p>\n<p align=\"justify\">&#8211; 2\u00aa Vara Criminal de Cachoeiro de Itapemirim;<\/p>\n<p align=\"justify\">&#8211; 2\u00aa Vara Criminal de Barra de S\u00e3o Francisco.<\/p>\n<p align=\"justify\">\n<p align=\"justify\">Art. 2\u00ba. Este Ato Normativo entra em vigor na data de sua publica\u00e7\u00e3o.<\/p>\n<p align=\"left\">\n<p align=\"left\">Publique-se.<\/p>\n<p align=\"center\">\n<p style=\"text-align: left;\" align=\"center\">Vit\u00f3ria\/ES, 07 de janeiro de 2019.<\/p>\n<p align=\"center\">\n<p align=\"center\">\n<p align=\"center\"><strong>Des. SERGIO LUIZ TEIXEIRA GAMA<\/strong><\/p>\n<p align=\"center\">Presidente<\/p>\n","protected":false},"excerpt":{"rendered":"<p>ESTADO DO ESP\u00cdRITO SANTO PODER JUDICI\u00c1RIO TRIBUNAL DE JUSTI\u00c7A GABINETE DA PRESID\u00caNCIA ATO NORMATIVO N\u00ba 001 \/ 2019 &nbsp; Prorroga a suspens\u00e3o do atendimento ao p\u00fablico, das audi\u00eancias, dos prazos processuais e dos demais atos em unidades judici\u00e1rias com compet\u00eancia em mat\u00e9ria de Execu\u00e7\u00e3o Penal, visando a continuidade da digitaliza\u00e7\u00e3o, do cadastramento e da implanta\u00e7\u00e3o [&hellip;]<\/p>\n","protected":false},"author":8,"featured_media":0,"comment_status":"closed","ping_status":"closed","sticky":false,"template":"","format":"standard","meta":{"footnotes":""},"categories":[4,14],"tags":[],"_links":{"self":[{"href":"https:\/\/www.tjes.jus.br\/corregedoria\/wp-json\/wp\/v2\/posts\/25777"}],"collection":[{"href":"https:\/\/www.tjes.jus.br\/corregedoria\/wp-json\/wp\/v2\/posts"}],"about":[{"href":"https:\/\/www.tjes.jus.br\/corregedoria\/wp-json\/wp\/v2\/types\/post"}],"author":[{"embeddable":true,"href":"https:\/\/www.tjes.jus.br\/corregedoria\/wp-json\/wp\/v2\/users\/8"}],"replies":[{"embeddable":true,"href":"https:\/\/www.tjes.jus.br\/corregedoria\/wp-json\/wp\/v2\/comments?post=25777"}],"version-history":[{"count":1,"href":"https:\/\/www.tjes.jus.br\/corregedoria\/wp-json\/wp\/v2\/posts\/25777\/revisions"}],"predecessor-version":[{"id":25778,"href":"https:\/\/www.tjes.jus.br\/corregedoria\/wp-json\/wp\/v2\/posts\/25777\/revisions\/25778"}],"wp:attachment":[{"href":"https:\/\/www.tjes.jus.br\/corregedoria\/wp-json\/wp\/v2\/media?parent=25777"}],"wp:term":[{"taxonomy":"category","embeddable":true,"href":"https:\/\/www.tjes.jus.br\/corregedoria\/wp-json\/wp\/v2\/categories?post=25777"},{"taxonomy":"post_tag","embeddable":true,"href":"https:\/\/www.tjes.jus.br\/corregedoria\/wp-json\/wp\/v2\/tags?post=25777"}],"curies":[{"name":"wp","href":"https:\/\/api.w.org\/{rel}","templated":true}]}}