{"id":25779,"date":"2019-01-09T15:12:14","date_gmt":"2019-01-09T17:12:14","guid":{"rendered":"https:\/\/www.tjes.jus.br\/corregedoria\/?p=25779"},"modified":"2019-01-09T15:12:15","modified_gmt":"2019-01-09T17:12:15","slug":"ato-normativo-no-002-2019-disp-08-01-2019","status":"publish","type":"post","link":"https:\/\/www.tjes.jus.br\/corregedoria\/2019\/01\/09\/ato-normativo-no-002-2019-disp-08-01-2019\/","title":{"rendered":"ATO NORMATIVO N\u00ba 002\/2019 \u2013 DISP. 08\/01\/2019"},"content":{"rendered":"<p align=\"center\">ESTADO DO ESP\u00cdRITO SANTO<\/p>\n<p align=\"center\">PODER JUDICI\u00c1RIO<\/p>\n<p align=\"center\">TRIBUNAL DE JUSTI\u00c7A<\/p>\n<p align=\"center\"><i>GABINETE DA PRESID\u00caNCIA<\/i><\/p>\n<p align=\"center\">\n<p align=\"center\"><strong>ATO NORMATIVO n\u00ba 002 \/2019<\/strong><\/p>\n<p align=\"justify\">\n<p align=\"justify\">O Excelent\u00edssimo Senhor Desembargador S\u00e9rgio Luiz Teixeira Gama, Presidente do Egr\u00e9gio Tribunal de Justi\u00e7a do Estado do Esp\u00edrito Santo, no uso de suas atribui\u00e7\u00f5es legais,<\/p>\n<p align=\"justify\">\n<p align=\"justify\">CONSIDERANDO o teor do Oficio n\u00ba 015\u2013DMF\/2018, da lavra do Exm\u00b0. Juiz Auxiliar da Presid\u00eancia do Conselho Nacional de Justi\u00e7a e Coordenador do Departamento de Monitoramento e Fiscaliza\u00e7\u00e3o do Sistema Carcer\u00e1rio, informando que a implanta\u00e7\u00e3o do SEEU no \u00e2mbito do Poder Judici\u00e1rio do Esp\u00edrito Santo acontecer\u00e1 no per\u00edodo de 26\/11 a 18\/12 do ano corrente;<\/p>\n<p align=\"justify\">\n<p align=\"justify\">CONSIDERANDO o teor dos Atos Normativos n\u00bas. <a href=\"https:\/\/www.tjes.jus.br\/corregedoria\/2018\/11\/23\/ato-normativo-no-216-2018-disp-23-11-2018\/\" target=\"_blank\" rel=\"noopener\">216\/2018<\/a> e <a href=\"https:\/\/www.tjes.jus.br\/corregedoria\/2018\/12\/17\/ato-normativo-no-244-2018-disp-17-12-2018\/\" target=\"_blank\" rel=\"noopener\">244\/2018<\/a>, que instituiu e prorrogou, respectivamente, a \u201cFor\u00e7a Tarefa\u201d para o cadastramento das Guias de Execu\u00e7\u00e3o Penal do Estado do Esp\u00edrito Santo no Sistema Eletr\u00f4nico de Execu\u00e7\u00e3o Unificado \u2013 SEEU;<\/p>\n<p align=\"justify\">\n<p align=\"justify\">CONSIDERANDO a necessidade de adapta\u00e7\u00e3o do cronograma de atividades em virtude do avan\u00e7o dos trabalhos desenvolvidos pela \u201cFor\u00e7a Tarefa\u201d at\u00e9 a presente data e, assim, a previs\u00e3o de in\u00edcio dos trabalhos para implanta\u00e7\u00e3o do SEEU na 9\u00aa Vara Criminal de Vit\u00f3ria a partir do dia 17\/12\/2018;<\/p>\n<p align=\"justify\">\n<p align=\"justify\">RESOLVE:<\/p>\n<p align=\"justify\">\n<p align=\"justify\">Art. 1\u00ba. Ficam prorrogadas a suspens\u00e3o do atendimento ao p\u00fablico e dos prazos processuais na 9\u00aa Vara Criminal de Vit\u00f3ria no per\u00edodo de 07 a 11\/01\/2019, com o objetivo de viabilizar a digitaliza\u00e7\u00e3o, o cadastramento e a implanta\u00e7\u00e3o das Guias de Execu\u00e7\u00e3o Penal em tr\u00e2mite em tal unidade judici\u00e1ria no SEEU, mantendo-se, contudo, a realiza\u00e7\u00e3o das audi\u00eancias e a aprecia\u00e7\u00e3o das medidas urgentes.<\/p>\n<p align=\"justify\">\n<p align=\"justify\">Art. 2\u00ba. Este Ato Normativo entra em vigor na data de sua publica\u00e7\u00e3o.<\/p>\n<p align=\"justify\">\n<p align=\"justify\">Publique-se.<\/p>\n<p align=\"center\">\n<p align=\"center\">Vit\u00f3ria, 19 de Dezembro de 2018.<\/p>\n<p align=\"center\">\n<p align=\"center\">\n<p align=\"center\"><strong><span lang=\"pt-BR\">Desembargador S\u00c9RGIO LUIZ TEIXEIRA GAMA<\/span><\/strong><\/p>\n<p align=\"center\"><span lang=\"pt-BR\">Presidente<\/span><\/p>\n","protected":false},"excerpt":{"rendered":"<p>ESTADO DO ESP\u00cdRITO SANTO PODER JUDICI\u00c1RIO TRIBUNAL DE JUSTI\u00c7A GABINETE DA PRESID\u00caNCIA ATO NORMATIVO n\u00ba 002 \/2019 O Excelent\u00edssimo Senhor Desembargador S\u00e9rgio Luiz Teixeira Gama, Presidente do Egr\u00e9gio Tribunal de Justi\u00e7a do Estado do Esp\u00edrito Santo, no uso de suas atribui\u00e7\u00f5es legais, CONSIDERANDO o teor do Oficio n\u00ba 015\u2013DMF\/2018, da lavra do Exm\u00b0. Juiz Auxiliar [&hellip;]<\/p>\n","protected":false},"author":8,"featured_media":0,"comment_status":"closed","ping_status":"closed","sticky":false,"template":"","format":"standard","meta":{"footnotes":""},"categories":[4,14],"tags":[],"_links":{"self":[{"href":"https:\/\/www.tjes.jus.br\/corregedoria\/wp-json\/wp\/v2\/posts\/25779"}],"collection":[{"href":"https:\/\/www.tjes.jus.br\/corregedoria\/wp-json\/wp\/v2\/posts"}],"about":[{"href":"https:\/\/www.tjes.jus.br\/corregedoria\/wp-json\/wp\/v2\/types\/post"}],"author":[{"embeddable":true,"href":"https:\/\/www.tjes.jus.br\/corregedoria\/wp-json\/wp\/v2\/users\/8"}],"replies":[{"embeddable":true,"href":"https:\/\/www.tjes.jus.br\/corregedoria\/wp-json\/wp\/v2\/comments?post=25779"}],"version-history":[{"count":1,"href":"https:\/\/www.tjes.jus.br\/corregedoria\/wp-json\/wp\/v2\/posts\/25779\/revisions"}],"predecessor-version":[{"id":25780,"href":"https:\/\/www.tjes.jus.br\/corregedoria\/wp-json\/wp\/v2\/posts\/25779\/revisions\/25780"}],"wp:attachment":[{"href":"https:\/\/www.tjes.jus.br\/corregedoria\/wp-json\/wp\/v2\/media?parent=25779"}],"wp:term":[{"taxonomy":"category","embeddable":true,"href":"https:\/\/www.tjes.jus.br\/corregedoria\/wp-json\/wp\/v2\/categories?post=25779"},{"taxonomy":"post_tag","embeddable":true,"href":"https:\/\/www.tjes.jus.br\/corregedoria\/wp-json\/wp\/v2\/tags?post=25779"}],"curies":[{"name":"wp","href":"https:\/\/api.w.org\/{rel}","templated":true}]}}