{"id":25781,"date":"2019-01-09T15:20:40","date_gmt":"2019-01-09T17:20:40","guid":{"rendered":"https:\/\/www.tjes.jus.br\/corregedoria\/?p=25781"},"modified":"2019-01-09T15:20:40","modified_gmt":"2019-01-09T17:20:40","slug":"ato-normativo-no-003-2019-disp-09-01-2019","status":"publish","type":"post","link":"https:\/\/www.tjes.jus.br\/corregedoria\/2019\/01\/09\/ato-normativo-no-003-2019-disp-09-01-2019\/","title":{"rendered":"ATO NORMATIVO N\u00ba 003\/2019 \u2013 DISP. 09\/01\/2019"},"content":{"rendered":"<p align=\"center\">ESTADO DO ESP\u00cdRITO SANTO<\/p>\n<p align=\"center\">PODER JUDICI\u00c1RIO<\/p>\n<p align=\"center\">TRIBUNAL DE JUSTI\u00c7A<\/p>\n<p align=\"center\">GABINETE DA PRESID\u00caNCIA<\/p>\n<p align=\"center\">\n<p align=\"center\"><strong><span lang=\"pt-BR\">ATO NORMATIVO N\u00ba 003 \/ 2019<\/span><\/strong><\/p>\n<p>&nbsp;<\/p>\n<p><span lang=\"pt-BR\">Integra servidores \u00e0 equipe da \u201cFor\u00e7a Tarefa\u201d para o cadastramento das Guias de Execu\u00e7\u00e3o Penal do Esp\u00edrito Santo no Sistema Eletr\u00f4nico de Execu\u00e7\u00e3o Unificado \u2013 SEEU.<\/span><\/p>\n<p align=\"justify\">\n<p align=\"justify\"><span lang=\"pt-BR\">O Excelent\u00edssimo Senhor Desembargador S\u00c9RGIO LUIZ TEIXEIRA GAMA, Presidente do Egr\u00e9gio Tribunal de Justi\u00e7a do Estado do Esp\u00edrito Santo, no uso de suas atribui\u00e7\u00f5es legais e,<\/span><\/p>\n<p align=\"justify\">\n<p align=\"justify\"><span lang=\"pt-BR\">CONSIDERANDO o teor do <a href=\"https:\/\/www.tjes.jus.br\/corregedoria\/2018\/11\/23\/ato-normativo-no-216-2018-disp-23-11-2018\/\" target=\"_blank\" rel=\"noopener\">Ato Normativo n\u00ba 216\/2018<\/a>, que instituiu a \u201cFor\u00e7a Tarefa\u201d para o cadastramento das Guias de Execu\u00e7\u00e3o Penal do Estado do Esp\u00edrito Santo no Sistema Eletr\u00f4nico de Execu\u00e7\u00e3o Unificado \u2013 SEEU, notadamente o disposto em seu art. 1\u00b0;<\/span><\/p>\n<p align=\"justify\">\n<p align=\"justify\"><span lang=\"pt-BR\">CONSIDERANDO a necessidade de adapta\u00e7\u00e3o do plano de atividades em virtude do aperfei\u00e7oamento dos trabalhos desenvolvidos pela \u201cFor\u00e7a Tarefa\u201d at\u00e9 a presente data;<\/span><\/p>\n<p>&nbsp;<\/p>\n<p><span lang=\"pt-BR\">RESOLVE:<\/span><\/p>\n<p align=\"justify\">\n<p align=\"justify\"><span lang=\"pt-BR\">Art. 1\u00ba. Ficam integrados \u00e0 \u201cFor\u00e7a Tarefa\u201d para implanta\u00e7\u00e3o das Guias de Execu\u00e7\u00e3o Penal em tr\u00e2mite nas Varas de Execu\u00e7\u00e3o Penal deste Estado no Sistema Eletr\u00f4nico de Execu\u00e7\u00e3o Unificado \u2013 SEEU, institu\u00edda pelo <a href=\"https:\/\/www.tjes.jus.br\/corregedoria\/2018\/11\/23\/ato-normativo-no-216-2018-disp-23-11-2018\/\" target=\"_blank\" rel=\"noopener\">Ato Normativo n\u00ba 216\/2018<\/a>, publicado no Di\u00e1rio da Justi\u00e7a em 23\/11\/2018, os servidores Silvio Roberto Vieira Louback, Analista Judici\u00e1rio Especial \u2013 QS \u2013 Escriv\u00e3o Judici\u00e1rio e Gustavo Supelete, Assessor de Juiz.<\/span><\/p>\n<p align=\"justify\">\n<p align=\"justify\"><span lang=\"pt-BR\">\u00a71\u00b0. Os servidores nominados no\u00a0<\/span><span lang=\"pt-BR\"><i>caput\u00a0<\/i><\/span><span lang=\"pt-BR\">dever\u00e3o se apresentar na sala 5 da EMES \u2013 Escola da Magistratura do Esp\u00edrito Santo,<\/span><span lang=\"pt-BR\">\u00e0s<\/span><span lang=\"pt-BR\"><strong>\u00a012 horas do dia 10\/01\/2019<\/strong><\/span><span lang=\"pt-BR\">.<\/span><\/p>\n<p align=\"justify\">\n<p align=\"justify\"><span lang=\"pt-BR\">\u00a72\u00b0. Aplicam-se aos servidores aqui mencionados, no que couber, as disposi\u00e7\u00f5es constantes no <a href=\"https:\/\/www.tjes.jus.br\/corregedoria\/2018\/11\/23\/ato-normativo-no-216-2018-disp-23-11-2018\/\" target=\"_blank\" rel=\"noopener\">Ato Normativo n\u00ba 216\/2018<\/a>.<\/span><\/p>\n<p align=\"justify\">\n<p align=\"justify\"><span lang=\"pt-BR\">Art. 2\u00ba. Este Ato Normativo entra em vigor na data de sua publica\u00e7\u00e3o.<\/span><\/p>\n<p>&nbsp;<\/p>\n<p><span lang=\"pt-BR\">Publique-se.<\/span><\/p>\n<p align=\"center\">\n<p align=\"center\"><span lang=\"pt-BR\">Vit\u00f3ria\/ES, 08 de janeiro de 2019.<\/span><\/p>\n<p align=\"center\">\n<p align=\"center\">\n<p align=\"center\"><span lang=\"pt-BR\">Des. S\u00c9RGIO LUIZ TEIXEIRA GAMA<\/span><\/p>\n<p align=\"center\"><span lang=\"pt-BR\">Presidente<\/span><\/p>\n","protected":false},"excerpt":{"rendered":"<p>ESTADO DO ESP\u00cdRITO SANTO PODER JUDICI\u00c1RIO TRIBUNAL DE JUSTI\u00c7A GABINETE DA PRESID\u00caNCIA ATO NORMATIVO N\u00ba 003 \/ 2019 &nbsp; Integra servidores \u00e0 equipe da \u201cFor\u00e7a Tarefa\u201d para o cadastramento das Guias de Execu\u00e7\u00e3o Penal do Esp\u00edrito Santo no Sistema Eletr\u00f4nico de Execu\u00e7\u00e3o Unificado \u2013 SEEU. O Excelent\u00edssimo Senhor Desembargador S\u00c9RGIO LUIZ TEIXEIRA GAMA, Presidente do [&hellip;]<\/p>\n","protected":false},"author":8,"featured_media":0,"comment_status":"closed","ping_status":"closed","sticky":false,"template":"","format":"standard","meta":{"footnotes":""},"categories":[4,14],"tags":[],"_links":{"self":[{"href":"https:\/\/www.tjes.jus.br\/corregedoria\/wp-json\/wp\/v2\/posts\/25781"}],"collection":[{"href":"https:\/\/www.tjes.jus.br\/corregedoria\/wp-json\/wp\/v2\/posts"}],"about":[{"href":"https:\/\/www.tjes.jus.br\/corregedoria\/wp-json\/wp\/v2\/types\/post"}],"author":[{"embeddable":true,"href":"https:\/\/www.tjes.jus.br\/corregedoria\/wp-json\/wp\/v2\/users\/8"}],"replies":[{"embeddable":true,"href":"https:\/\/www.tjes.jus.br\/corregedoria\/wp-json\/wp\/v2\/comments?post=25781"}],"version-history":[{"count":1,"href":"https:\/\/www.tjes.jus.br\/corregedoria\/wp-json\/wp\/v2\/posts\/25781\/revisions"}],"predecessor-version":[{"id":25782,"href":"https:\/\/www.tjes.jus.br\/corregedoria\/wp-json\/wp\/v2\/posts\/25781\/revisions\/25782"}],"wp:attachment":[{"href":"https:\/\/www.tjes.jus.br\/corregedoria\/wp-json\/wp\/v2\/media?parent=25781"}],"wp:term":[{"taxonomy":"category","embeddable":true,"href":"https:\/\/www.tjes.jus.br\/corregedoria\/wp-json\/wp\/v2\/categories?post=25781"},{"taxonomy":"post_tag","embeddable":true,"href":"https:\/\/www.tjes.jus.br\/corregedoria\/wp-json\/wp\/v2\/tags?post=25781"}],"curies":[{"name":"wp","href":"https:\/\/api.w.org\/{rel}","templated":true}]}}